{"id":21736,"date":"2017-10-25T12:21:20","date_gmt":"2017-10-25T15:21:20","guid":{"rendered":"https:\/\/www.inet.edu.ar\/?p=21736"},"modified":"2017-10-27T16:53:28","modified_gmt":"2017-10-27T19:53:28","slug":"alumnos-de-todo-el-pais-demuestran-sus-capacidades-tecnico-profesionales-en-las-olimpiadas-de-electronica","status":"publish","type":"post","link":"https:\/\/www.inet.edu.ar\/index.php\/alumnos-de-todo-el-pais-demuestran-sus-capacidades-tecnico-profesionales-en-las-olimpiadas-de-electronica\/","title":{"rendered":"Alumnos de todo el pa\u00eds demuestran sus capacidades t\u00e9cnico profesionales en las Olimp\u00edadas de Electr\u00f3nica"},"content":{"rendered":"<p>Las Olimp\u00edadas son encuentros acad\u00e9micos que convocan a alumnos de instituciones t\u00e9cnicas de todo el pa\u00eds para resolver problem\u00e1ticas acorde a su campo de estudio.<\/p>\n<p>El lunes 23 de octubre comenz\u00f3 la etapa nacional del certamen para alumnos de Electr\u00f3nica. Participan aquellos del ciclo superior de escuelas t\u00e9cnicas con esa especialidad que hayan ganado la instancia jurisdiccional\/ escolar. Adem\u00e1s, participan alumnos adultos del turno noche, en una categor\u00eda diferente.<\/p>\n<p>El encuentro tiene lugar en la sede del INET y durar\u00e1 hasta el viernes 27.<\/p>\n<p>Durante la semana, los alumnos deben conformar equipos de un m\u00ednimo de dos y un m\u00e1ximo de seis de una misma instituci\u00f3n escolar. As\u00ed tienen que resolver situaciones problem\u00e1ticas en las que integrar\u00e1n saberes espec\u00edficos; la b\u00fasqueda y procesamiento de informaci\u00f3n; el an\u00e1lisis cr\u00edtico; la organizaci\u00f3n del trabajo; la b\u00fasqueda de soluciones creativas, viables y sustentables; la toma de decisiones; y el trabajo colaborativo en equipo.<\/p>\n<p>Con estos encuentros, el Ministerio de Educaci\u00f3n de la Naci\u00f3n, a trav\u00e9s del Instituto Nacional de Educaci\u00f3n Tecnol\u00f3gica (INET), promueve que los alumnos resalten, consoliden, e integren los conocimientos y capacidades adquiridas a lo largo de su trayectoria formativa.<\/p>\n<p>La participaci\u00f3n en las Olimp\u00edadas potencia la formaci\u00f3n t\u00e9cnico profesional y favorece el intercambio de experiencias de diferentes realidades sociales, culturales y tecnol\u00f3gicas entre estudiantes.<\/p>\n<p>Por otra parte, estas instancias de trabajo acad\u00e9mico permiten construir informaci\u00f3n significativa con respecto a la formaci\u00f3n de los alumnos a punto de egreso con el objeto de mejorar el proceso continuo de toma de decisiones relacionadas con el conjunto de pol\u00edticas p\u00fablicas orientadas a la ETP.<\/p>\n<p>Para m\u00e1s fechas y lugares de la instancia nacional de todas las especialidades: <a href=\"https:\/\/www.inet.edu.ar\/index.php\/niveles-educativos\/educacion-secundaria-tecnica\/encuentros-educativos\/olimpiada-nacional-de-construcciones-y-electromecanica\/\">Olimp\u00edadas Nacionales<\/a><\/p>\n<p><strong>Galer\u00eda de im\u00e1genes<\/strong><\/p>\n\n\t\t<style type=\"text\/css\">\n\t\t\t#gallery-1 {\n\t\t\t\tmargin: auto;\n\t\t\t}\n\t\t\t#gallery-1 .gallery-item {\n\t\t\t\tfloat: left;\n\t\t\t\tmargin-top: 10px;\n\t\t\t\ttext-align: center;\n\t\t\t\twidth: 33%;\n\t\t\t}\n\t\t\t#gallery-1 img {\n\t\t\t\tborder: 2px solid #cfcfcf;\n\t\t\t}\n\t\t\t#gallery-1 .gallery-caption {\n\t\t\t\tmargin-left: 0;\n\t\t\t}\n\t\t\t\/* see gallery_shortcode() in wp-includes\/media.php *\/\n\t\t<\/style>\n\t\t<div id='gallery-1' class='gallery galleryid-21736 gallery-columns-3 gallery-size-medium'><dl class='gallery-item'>\n\t\t\t<dt class='gallery-icon landscape'>\n\t\t\t\t<a href='https:\/\/www.inet.edu.ar\/index.php\/alumnos-de-todo-el-pais-demuestran-sus-capacidades-tecnico-profesionales-en-las-olimpiadas-de-electronica\/1-75\/#main'><img loading=\"lazy\" decoding=\"async\" width=\"240\" height=\"135\" src=\"https:\/\/www.inet.edu.ar\/wp-content\/uploads\/2017\/10\/1-2.jpg\" class=\"attachment-medium size-medium\" alt=\"\" \/><\/a>\n\t\t\t<\/dt><\/dl><dl class='gallery-item'>\n\t\t\t<dt class='gallery-icon landscape'>\n\t\t\t\t<a href='https:\/\/www.inet.edu.ar\/index.php\/alumnos-de-todo-el-pais-demuestran-sus-capacidades-tecnico-profesionales-en-las-olimpiadas-de-electronica\/dsc_7468\/#main'><img loading=\"lazy\" decoding=\"async\" width=\"240\" height=\"160\" src=\"https:\/\/www.inet.edu.ar\/wp-content\/uploads\/2017\/10\/DSC_7468.jpg\" class=\"attachment-medium size-medium\" alt=\"\" \/><\/a>\n\t\t\t<\/dt><\/dl><dl class='gallery-item'>\n\t\t\t<dt class='gallery-icon landscape'>\n\t\t\t\t<a href='https:\/\/www.inet.edu.ar\/index.php\/alumnos-de-todo-el-pais-demuestran-sus-capacidades-tecnico-profesionales-en-las-olimpiadas-de-electronica\/dsc_7476\/#main'><img loading=\"lazy\" decoding=\"async\" width=\"240\" height=\"160\" src=\"https:\/\/www.inet.edu.ar\/wp-content\/uploads\/2017\/10\/DSC_7476.jpg\" class=\"attachment-medium size-medium\" alt=\"\" \/><\/a>\n\t\t\t<\/dt><\/dl><br style=\"clear: both\" \/><dl class='gallery-item'>\n\t\t\t<dt class='gallery-icon landscape'>\n\t\t\t\t<a href='https:\/\/www.inet.edu.ar\/index.php\/alumnos-de-todo-el-pais-demuestran-sus-capacidades-tecnico-profesionales-en-las-olimpiadas-de-electronica\/dsc_7481\/#main'><img loading=\"lazy\" decoding=\"async\" width=\"240\" height=\"160\" src=\"https:\/\/www.inet.edu.ar\/wp-content\/uploads\/2017\/10\/DSC_7481.jpg\" class=\"attachment-medium size-medium\" alt=\"\" \/><\/a>\n\t\t\t<\/dt><\/dl><dl class='gallery-item'>\n\t\t\t<dt class='gallery-icon landscape'>\n\t\t\t\t<a href='https:\/\/www.inet.edu.ar\/index.php\/alumnos-de-todo-el-pais-demuestran-sus-capacidades-tecnico-profesionales-en-las-olimpiadas-de-electronica\/dsc_7496\/#main'><img loading=\"lazy\" decoding=\"async\" width=\"240\" height=\"160\" src=\"https:\/\/www.inet.edu.ar\/wp-content\/uploads\/2017\/10\/DSC_7496.jpg\" class=\"attachment-medium size-medium\" alt=\"\" \/><\/a>\n\t\t\t<\/dt><\/dl><dl class='gallery-item'>\n\t\t\t<dt class='gallery-icon landscape'>\n\t\t\t\t<a href='https:\/\/www.inet.edu.ar\/index.php\/alumnos-de-todo-el-pais-demuestran-sus-capacidades-tecnico-profesionales-en-las-olimpiadas-de-electronica\/dsc_7501\/#main'><img loading=\"lazy\" decoding=\"async\" width=\"240\" height=\"160\" src=\"https:\/\/www.inet.edu.ar\/wp-content\/uploads\/2017\/10\/DSC_7501.jpg\" class=\"attachment-medium size-medium\" alt=\"\" \/><\/a>\n\t\t\t<\/dt><\/dl><br style=\"clear: both\" \/>\n\t\t<\/div>\n\n<p>&nbsp;<\/p>\n<p>&nbsp;<\/p>\n","protected":false},"excerpt":{"rendered":"<p>Las Olimp\u00edadas son encuentros acad\u00e9micos que convocan a alumnos de instituciones t\u00e9cnicas de todo el pa\u00eds para resolver problem\u00e1ticas acorde a su campo de estudio. El lunes 23 de octubre comenz\u00f3 la etapa nacional del certamen para alumnos de Electr\u00f3nica. Participan aquellos del ciclo superior de escuelas t\u00e9cnicas con esa especialidad que hayan ganado la [&hellip;]<\/p>\n","protected":false},"author":7,"featured_media":21761,"comment_status":"closed","ping_status":"open","sticky":false,"template":"","format":"standard","meta":{"footnotes":""},"categories":[1],"tags":[225,243],"class_list":["post-21736","post","type-post","status-publish","format-standard","has-post-thumbnail","hentry","category-noticias","tag-olimpiadas-de-electronica","tag-olimpiadas-de-la-etp"],"_links":{"self":[{"href":"https:\/\/www.inet.edu.ar\/index.php\/wp-json\/wp\/v2\/posts\/21736","targetHints":{"allow":["GET"]}}],"collection":[{"href":"https:\/\/www.inet.edu.ar\/index.php\/wp-json\/wp\/v2\/posts"}],"about":[{"href":"https:\/\/www.inet.edu.ar\/index.php\/wp-json\/wp\/v2\/types\/post"}],"author":[{"embeddable":true,"href":"https:\/\/www.inet.edu.ar\/index.php\/wp-json\/wp\/v2\/users\/7"}],"replies":[{"embeddable":true,"href":"https:\/\/www.inet.edu.ar\/index.php\/wp-json\/wp\/v2\/comments?post=21736"}],"version-history":[{"count":5,"href":"https:\/\/www.inet.edu.ar\/index.php\/wp-json\/wp\/v2\/posts\/21736\/revisions"}],"predecessor-version":[{"id":21768,"href":"https:\/\/www.inet.edu.ar\/index.php\/wp-json\/wp\/v2\/posts\/21736\/revisions\/21768"}],"wp:featuredmedia":[{"embeddable":true,"href":"https:\/\/www.inet.edu.ar\/index.php\/wp-json\/wp\/v2\/media\/21761"}],"wp:attachment":[{"href":"https:\/\/www.inet.edu.ar\/index.php\/wp-json\/wp\/v2\/media?parent=21736"}],"wp:term":[{"taxonomy":"category","embeddable":true,"href":"https:\/\/www.inet.edu.ar\/index.php\/wp-json\/wp\/v2\/categories?post=21736"},{"taxonomy":"post_tag","embeddable":true,"href":"https:\/\/www.inet.edu.ar\/index.php\/wp-json\/wp\/v2\/tags?post=21736"}],"curies":[{"name":"wp","href":"https:\/\/api.w.org\/{rel}","templated":true}]}}