{"id":21770,"date":"2017-10-26T12:47:57","date_gmt":"2017-10-26T15:47:57","guid":{"rendered":"https:\/\/www.inet.edu.ar\/?p=21770"},"modified":"2017-10-26T13:51:35","modified_gmt":"2017-10-26T16:51:35","slug":"proyecto-conjunto-entre-secundario-y-fp-para-unir-cultura-turismo-y-gastronomia","status":"publish","type":"post","link":"https:\/\/www.inet.edu.ar\/index.php\/proyecto-conjunto-entre-secundario-y-fp-para-unir-cultura-turismo-y-gastronomia\/","title":{"rendered":"Proyecto conjunto entre Secundario y FP para unir cultura, turismo y gastronom\u00eda"},"content":{"rendered":"<p>Concepci\u00f3n del Uruguay, Entre R\u00edos<\/p>\n<p>Con el objetivo de unir cultura, turismo y gastronom\u00eda, en\u00a0la Escuela de Educaci\u00f3n T\u00e9cnica (E.E.T.) N\u00b0 1 \u201cAna Urquiza de Victorica\u201d alumnos de las Tecnicaturas de Administraci\u00f3n de Empresas y Gastronom\u00eda realizaron un proyecto integrando talleres de Formaci\u00f3n Profesional (Marroquiner\u00eda, Confeccionista a Medida, Productor de Objetos Decorativos, y Cocina).<\/p>\n<p>Se trata del proyecto\u00a0<em>\u201cLa Estaci\u00f3n del Sabor: La v\u00eda perfecta para unir Turismo y Cultura\u201d ,\u00a0<\/em>en el que recrearon el galp\u00f3n del ferrocarril de la localidad de Pronunciamiento -que, en la \u00e9poca de su emplazamiento, un\u00eda los encuentros entre lugare\u00f1os y extranjeros, adem\u00e1s del transporte de lo producido en la zona. Como parte de este trabajo,\u00a0elaboraron adem\u00e1s comidas t\u00edpicas de la \u00e9poca.\u00a0De esta manera, los alumnos buscan realzar a\u00fan m\u00e1s la historia del lugar y promover que Pronunciamiento sea reconocida como localidad tur\u00edstica.<\/p>\n<p>Con este emprendimiento, se fomenta adem\u00e1s el crecimiento de la oferta de productos primarios a trav\u00e9s de la creaci\u00f3n de huertas org\u00e1nicas, cultivo de hortalizas, frutas, carnes, entre otras materias primas; y servicios educativos como los brindados por los Centros de Formaci\u00f3n Profesional.<\/p>\n<p>Cabe destacar que el proyecto result\u00f3 ganador en La Expo T\u00e9cnica Tala 2017, que se realiz\u00f3 el 12 y 13 de octubre de este a\u00f1o, en Rosario del Tala.<\/p>\n<p style=\"text-align: right;\"><em>Agradecemos a la profesora Moira Pereyra por la informaci\u00f3n<\/em><\/p>\n<p style=\"text-align: left;\"><strong>Galer\u00eda de im\u00e1genes<\/strong><\/p>\n\n\t\t<style type=\"text\/css\">\n\t\t\t#gallery-1 {\n\t\t\t\tmargin: auto;\n\t\t\t}\n\t\t\t#gallery-1 .gallery-item {\n\t\t\t\tfloat: left;\n\t\t\t\tmargin-top: 10px;\n\t\t\t\ttext-align: center;\n\t\t\t\twidth: 33%;\n\t\t\t}\n\t\t\t#gallery-1 img {\n\t\t\t\tborder: 2px solid #cfcfcf;\n\t\t\t}\n\t\t\t#gallery-1 .gallery-caption {\n\t\t\t\tmargin-left: 0;\n\t\t\t}\n\t\t\t\/* see gallery_shortcode() in wp-includes\/media.php *\/\n\t\t<\/style>\n\t\t<div id='gallery-1' class='gallery galleryid-21770 gallery-columns-3 gallery-size-medium'><dl class='gallery-item'>\n\t\t\t<dt class='gallery-icon landscape'>\n\t\t\t\t<a href='https:\/\/www.inet.edu.ar\/index.php\/proyecto-conjunto-entre-secundario-y-fp-para-unir-cultura-turismo-y-gastronomia\/sin-titulo-2-37\/#main'><img loading=\"lazy\" decoding=\"async\" width=\"240\" height=\"148\" src=\"https:\/\/www.inet.edu.ar\/wp-content\/uploads\/2017\/10\/Sin-t\u00edtulo-2.jpg\" class=\"attachment-medium size-medium\" alt=\"\" \/><\/a>\n\t\t\t<\/dt><\/dl><dl class='gallery-item'>\n\t\t\t<dt class='gallery-icon landscape'>\n\t\t\t\t<a href='https:\/\/www.inet.edu.ar\/index.php\/proyecto-conjunto-entre-secundario-y-fp-para-unir-cultura-turismo-y-gastronomia\/3-46\/#main'><img loading=\"lazy\" decoding=\"async\" width=\"240\" height=\"148\" src=\"https:\/\/www.inet.edu.ar\/wp-content\/uploads\/2017\/10\/3-3.jpg\" class=\"attachment-medium size-medium\" alt=\"\" \/><\/a>\n\t\t\t<\/dt><\/dl><dl class='gallery-item'>\n\t\t\t<dt class='gallery-icon landscape'>\n\t\t\t\t<a href='https:\/\/www.inet.edu.ar\/index.php\/proyecto-conjunto-entre-secundario-y-fp-para-unir-cultura-turismo-y-gastronomia\/4-32\/#main'><img loading=\"lazy\" decoding=\"async\" width=\"240\" height=\"148\" src=\"https:\/\/www.inet.edu.ar\/wp-content\/uploads\/2017\/10\/4-1.jpg\" class=\"attachment-medium size-medium\" alt=\"\" \/><\/a>\n\t\t\t<\/dt><\/dl><br style=\"clear: both\" \/>\n\t\t<\/div>\n\n","protected":false},"excerpt":{"rendered":"<p>Concepci\u00f3n del Uruguay, Entre R\u00edos Con el objetivo de unir cultura, turismo y gastronom\u00eda, en\u00a0la Escuela de Educaci\u00f3n T\u00e9cnica (E.E.T.) N\u00b0 1 \u201cAna Urquiza de Victorica\u201d alumnos de las Tecnicaturas de Administraci\u00f3n de Empresas y Gastronom\u00eda realizaron un proyecto integrando talleres de Formaci\u00f3n Profesional (Marroquiner\u00eda, Confeccionista a Medida, Productor de Objetos Decorativos, y Cocina). Se [&hellip;]<\/p>\n","protected":false},"author":7,"featured_media":21775,"comment_status":"closed","ping_status":"open","sticky":false,"template":"","format":"standard","meta":{"footnotes":""},"categories":[1,14],"tags":[],"class_list":["post-21770","post","type-post","status-publish","format-standard","has-post-thumbnail","hentry","category-noticias","category-noticias-fijas"],"_links":{"self":[{"href":"https:\/\/www.inet.edu.ar\/index.php\/wp-json\/wp\/v2\/posts\/21770","targetHints":{"allow":["GET"]}}],"collection":[{"href":"https:\/\/www.inet.edu.ar\/index.php\/wp-json\/wp\/v2\/posts"}],"about":[{"href":"https:\/\/www.inet.edu.ar\/index.php\/wp-json\/wp\/v2\/types\/post"}],"author":[{"embeddable":true,"href":"https:\/\/www.inet.edu.ar\/index.php\/wp-json\/wp\/v2\/users\/7"}],"replies":[{"embeddable":true,"href":"https:\/\/www.inet.edu.ar\/index.php\/wp-json\/wp\/v2\/comments?post=21770"}],"version-history":[{"count":7,"href":"https:\/\/www.inet.edu.ar\/index.php\/wp-json\/wp\/v2\/posts\/21770\/revisions"}],"predecessor-version":[{"id":21784,"href":"https:\/\/www.inet.edu.ar\/index.php\/wp-json\/wp\/v2\/posts\/21770\/revisions\/21784"}],"wp:featuredmedia":[{"embeddable":true,"href":"https:\/\/www.inet.edu.ar\/index.php\/wp-json\/wp\/v2\/media\/21775"}],"wp:attachment":[{"href":"https:\/\/www.inet.edu.ar\/index.php\/wp-json\/wp\/v2\/media?parent=21770"}],"wp:term":[{"taxonomy":"category","embeddable":true,"href":"https:\/\/www.inet.edu.ar\/index.php\/wp-json\/wp\/v2\/categories?post=21770"},{"taxonomy":"post_tag","embeddable":true,"href":"https:\/\/www.inet.edu.ar\/index.php\/wp-json\/wp\/v2\/tags?post=21770"}],"curies":[{"name":"wp","href":"https:\/\/api.w.org\/{rel}","templated":true}]}}