{"id":22106,"date":"2017-11-15T19:17:12","date_gmt":"2017-11-15T22:17:12","guid":{"rendered":"https:\/\/www.inet.edu.ar\/?p=22106"},"modified":"2017-11-15T19:17:12","modified_gmt":"2017-11-15T22:17:12","slug":"festejamos-el-dia-de-la-educacion-tecnica-recorriendo-escuelas","status":"publish","type":"post","link":"https:\/\/www.inet.edu.ar\/index.php\/festejamos-el-dia-de-la-educacion-tecnica-recorriendo-escuelas\/","title":{"rendered":"Festejamos el d\u00eda de la Educaci\u00f3n T\u00e9cnica recorriendo escuelas"},"content":{"rendered":"<p>CABA<\/p>\n<p>En el d\u00eda de hoy se cumple en aniversario N\u00b0 58 de la Educaci\u00f3n T\u00e9cnica. Como parte de la celebraci\u00f3n, el director ejecutivo del INET, Leandro Goroyesky, recorri\u00f3 escuelas de la modalidad.<\/p>\n<p>Primero visit\u00f3 las instalaciones de la\u00a0Escuela T\u00e9cnica N\u00b0 26 \u00abConfederaci\u00f3n Suiza\u00bb junto al referente t\u00e9cnico pol\u00edtico de la jurisdicci\u00f3n, Mat\u00edas Zibir\u00eda, y al director de la instituci\u00f3n, Gustavo\u00a0Canavesio.<\/p>\n<p>Luego particip\u00f3 del acto en la\u00a0Escuela T\u00e9cnica N\u00b0 25 \u00abTeniente 1\u00ba de Artiller\u00eda Fray Luis Beltr\u00e1n\u00bb, donde adem\u00e1s se\u00a0entregaron diplomas a los mejores promedios y a alumnos participantes de distintos proyectos a\u00falicos.<\/p>\n<p><em>\u00abHoy el 58\u00b0 aniversario de la Educaci\u00f3n T\u00e9cnica nos encuentra ante \u00abla Cuarta Revoluci\u00f3n Industrial\u00bb o \u00abla Revoluci\u00f3n Tecnol\u00f3gica\u00bb en la cual las fuerzas motrices de la econom\u00eda mundial son las Tecnolog\u00edas de la Informaci\u00f3n y la Comunicaci\u00f3n (TIC) que posibilitan el desarrollo de nuevos medios de comunicaci\u00f3n interactivos y de alcance global, el procesamiento de datos masivos (Big Data), las redes digitales, el comercio electr\u00f3nico, las m\u00e1quinas inteligentes, el dise\u00f1o y la construcci\u00f3n con tecnolog\u00eda 3D, la rob\u00f3tica y la inteligencia artificial. Desde el INET entendemos el presente como un adelanto del futuro deseado. Por eso trabajamos de manera prospectiva, comprendiendo que la sociedad del conocimiento no se rige ya por el paradigma enciclopedista sino por el del conocimiento t\u00e9cnico, tecnol\u00f3gico y cient\u00edfico\u00bb,\u00a0<\/em>concluye el director Goroyesky.<\/p>\n<p><strong>Noticias relacionadas<\/strong><\/p>\n<p><a href=\"https:\/\/www.inet.edu.ar\/index.php\/feliz-dia-de-la-educacion-tecnica\/\">\u00ab\u00a1Feliz d\u00eda de la Educaci\u00f3n T\u00e9cnica!\u00bb<\/a><\/p>\n<p><a href=\"http:\/\/www.ambito.com\/903526-58-aniversario-de-la-educacion-tecnica-de-argentina\">\u00ab58\u00b0 Aniversario de la Educaci\u00f3n T\u00e9cnica de Argentina\u00bb<\/a><\/p>\n<p><strong>Galer\u00eda de im\u00e1genes<\/strong><\/p>\n\n\t\t<style type=\"text\/css\">\n\t\t\t#gallery-1 {\n\t\t\t\tmargin: auto;\n\t\t\t}\n\t\t\t#gallery-1 .gallery-item {\n\t\t\t\tfloat: left;\n\t\t\t\tmargin-top: 10px;\n\t\t\t\ttext-align: center;\n\t\t\t\twidth: 33%;\n\t\t\t}\n\t\t\t#gallery-1 img {\n\t\t\t\tborder: 2px solid #cfcfcf;\n\t\t\t}\n\t\t\t#gallery-1 .gallery-caption {\n\t\t\t\tmargin-left: 0;\n\t\t\t}\n\t\t\t\/* see gallery_shortcode() in wp-includes\/media.php *\/\n\t\t<\/style>\n\t\t<div id='gallery-1' class='gallery galleryid-22106 gallery-columns-3 gallery-size-medium'><dl class='gallery-item'>\n\t\t\t<dt class='gallery-icon landscape'>\n\t\t\t\t<a href='https:\/\/www.inet.edu.ar\/index.php\/festejamos-el-dia-de-la-educacion-tecnica-recorriendo-escuelas\/web-7-3\/#main'><img loading=\"lazy\" decoding=\"async\" width=\"240\" height=\"135\" src=\"https:\/\/www.inet.edu.ar\/wp-content\/uploads\/2017\/11\/web-7.jpg\" class=\"attachment-medium size-medium\" alt=\"\" \/><\/a>\n\t\t\t<\/dt><\/dl><dl class='gallery-item'>\n\t\t\t<dt class='gallery-icon landscape'>\n\t\t\t\t<a href='https:\/\/www.inet.edu.ar\/index.php\/festejamos-el-dia-de-la-educacion-tecnica-recorriendo-escuelas\/web-6-3\/#main'><img loading=\"lazy\" decoding=\"async\" width=\"240\" height=\"135\" src=\"https:\/\/www.inet.edu.ar\/wp-content\/uploads\/2017\/11\/web-6-1.jpg\" class=\"attachment-medium size-medium\" alt=\"\" \/><\/a>\n\t\t\t<\/dt><\/dl><dl class='gallery-item'>\n\t\t\t<dt class='gallery-icon landscape'>\n\t\t\t\t<a href='https:\/\/www.inet.edu.ar\/index.php\/festejamos-el-dia-de-la-educacion-tecnica-recorriendo-escuelas\/web-5-3\/#main'><img loading=\"lazy\" decoding=\"async\" width=\"240\" height=\"135\" src=\"https:\/\/www.inet.edu.ar\/wp-content\/uploads\/2017\/11\/web-5-1.jpg\" class=\"attachment-medium size-medium\" alt=\"\" \/><\/a>\n\t\t\t<\/dt><\/dl><br style=\"clear: both\" \/><dl class='gallery-item'>\n\t\t\t<dt class='gallery-icon landscape'>\n\t\t\t\t<a href='https:\/\/www.inet.edu.ar\/index.php\/festejamos-el-dia-de-la-educacion-tecnica-recorriendo-escuelas\/web-2-7\/#main'><img loading=\"lazy\" decoding=\"async\" width=\"240\" height=\"135\" src=\"https:\/\/www.inet.edu.ar\/wp-content\/uploads\/2017\/11\/web-2-1.jpg\" class=\"attachment-medium size-medium\" alt=\"\" \/><\/a>\n\t\t\t<\/dt><\/dl><dl class='gallery-item'>\n\t\t\t<dt class='gallery-icon landscape'>\n\t\t\t\t<a href='https:\/\/www.inet.edu.ar\/index.php\/festejamos-el-dia-de-la-educacion-tecnica-recorriendo-escuelas\/web-3-7\/#main'><img loading=\"lazy\" decoding=\"async\" width=\"240\" height=\"135\" src=\"https:\/\/www.inet.edu.ar\/wp-content\/uploads\/2017\/11\/web-3-1.jpg\" class=\"attachment-medium size-medium\" alt=\"\" \/><\/a>\n\t\t\t<\/dt><\/dl><dl class='gallery-item'>\n\t\t\t<dt class='gallery-icon landscape'>\n\t\t\t\t<a href='https:\/\/www.inet.edu.ar\/index.php\/festejamos-el-dia-de-la-educacion-tecnica-recorriendo-escuelas\/web-4-4\/#main'><img loading=\"lazy\" decoding=\"async\" width=\"240\" height=\"135\" src=\"https:\/\/www.inet.edu.ar\/wp-content\/uploads\/2017\/11\/web-4-1.jpg\" class=\"attachment-medium size-medium\" alt=\"\" \/><\/a>\n\t\t\t<\/dt><\/dl><br style=\"clear: both\" \/>\n\t\t<\/div>\n\n<p>&nbsp;<\/p>\n<p>&nbsp;<\/p>\n","protected":false},"excerpt":{"rendered":"<p>CABA En el d\u00eda de hoy se cumple en aniversario N\u00b0 58 de la Educaci\u00f3n T\u00e9cnica. Como parte de la celebraci\u00f3n, el director ejecutivo del INET, Leandro Goroyesky, recorri\u00f3 escuelas de la modalidad. Primero visit\u00f3 las instalaciones de la\u00a0Escuela T\u00e9cnica N\u00b0 26 \u00abConfederaci\u00f3n Suiza\u00bb junto al referente t\u00e9cnico pol\u00edtico de la jurisdicci\u00f3n, Mat\u00edas Zibir\u00eda, y [&hellip;]<\/p>\n","protected":false},"author":7,"featured_media":22111,"comment_status":"closed","ping_status":"open","sticky":false,"template":"","format":"standard","meta":{"footnotes":""},"categories":[1,13],"tags":[],"class_list":["post-22106","post","type-post","status-publish","format-standard","has-post-thumbnail","hentry","category-noticias","category-noticias-slider"],"_links":{"self":[{"href":"https:\/\/www.inet.edu.ar\/index.php\/wp-json\/wp\/v2\/posts\/22106","targetHints":{"allow":["GET"]}}],"collection":[{"href":"https:\/\/www.inet.edu.ar\/index.php\/wp-json\/wp\/v2\/posts"}],"about":[{"href":"https:\/\/www.inet.edu.ar\/index.php\/wp-json\/wp\/v2\/types\/post"}],"author":[{"embeddable":true,"href":"https:\/\/www.inet.edu.ar\/index.php\/wp-json\/wp\/v2\/users\/7"}],"replies":[{"embeddable":true,"href":"https:\/\/www.inet.edu.ar\/index.php\/wp-json\/wp\/v2\/comments?post=22106"}],"version-history":[{"count":6,"href":"https:\/\/www.inet.edu.ar\/index.php\/wp-json\/wp\/v2\/posts\/22106\/revisions"}],"predecessor-version":[{"id":22119,"href":"https:\/\/www.inet.edu.ar\/index.php\/wp-json\/wp\/v2\/posts\/22106\/revisions\/22119"}],"wp:featuredmedia":[{"embeddable":true,"href":"https:\/\/www.inet.edu.ar\/index.php\/wp-json\/wp\/v2\/media\/22111"}],"wp:attachment":[{"href":"https:\/\/www.inet.edu.ar\/index.php\/wp-json\/wp\/v2\/media?parent=22106"}],"wp:term":[{"taxonomy":"category","embeddable":true,"href":"https:\/\/www.inet.edu.ar\/index.php\/wp-json\/wp\/v2\/categories?post=22106"},{"taxonomy":"post_tag","embeddable":true,"href":"https:\/\/www.inet.edu.ar\/index.php\/wp-json\/wp\/v2\/tags?post=22106"}],"curies":[{"name":"wp","href":"https:\/\/api.w.org\/{rel}","templated":true}]}}