{"id":22258,"date":"2017-11-27T16:28:53","date_gmt":"2017-11-27T19:28:53","guid":{"rendered":"https:\/\/www.inet.edu.ar\/?p=22258"},"modified":"2017-11-28T14:00:55","modified_gmt":"2017-11-28T17:00:55","slug":"escuela-de-corrientes-festeja-el-mes-de-la-educacion-tecnica-con-una-mega-exposicion","status":"publish","type":"post","link":"https:\/\/www.inet.edu.ar\/index.php\/escuela-de-corrientes-festeja-el-mes-de-la-educacion-tecnica-con-una-mega-exposicion\/","title":{"rendered":"Escuela de Corrientes festeja el mes de la Educaci\u00f3n T\u00e9cnica con una mega exposici\u00f3n"},"content":{"rendered":"<p>Corrientes Capital<\/p>\n<p>Como en muchas instituciones t\u00e9cnicas el pa\u00eds, en Corrientes festejaron el mes de la Educaci\u00f3n T\u00e9cnica con una mega exposici\u00f3n. Se trat\u00f3 de la <em>Expo Beltr\u00e1n<\/em>, organizada por la Escuela de Educaci\u00f3n T\u00e9cnica (E.E.T.) \u00abFray Luis Beltr\u00e1n\u00bb, los d\u00edas 14 y 15 de noviembre.<\/p>\n<p>Esta muestra, denominada \u00abEl mundo de Leonardo da Vinci y de Alfred Nobel\u00bb, reuni\u00f3 a m\u00e1s de 60 proyectos de todas las Tecnicaturas y cursos de Formaci\u00f3n Profesional que brinda la instituci\u00f3n. La idea de la Expo fue poner en valor los conocimientos del Renacimiento y, al mismo tiempo, incluir aplicaciones (como\u00a0Realidad Aumentada y hologramas, c\u00f3digo QR, biblioteca virtual con p\u00e1ginas en redes sociales y video de youtuber realizado por los mismos alumnos), profundizar exposiciones audiovisuales en tecnolog\u00eda digital y led, potenciar el programa Arduino, dise\u00f1o de piezas de automotores, replicar modelos en madera de los inventos de Leonardo Da Vinci, entre otros.\u00a0Desde \u00abCultivos verticales hidrop\u00f3nicos\u00bb pasando por \u00abGeneradores El\u00e9ctricos\u00bb hasta los \u00abBeneficios de la actividad f\u00edsica\u00bb, los alumnos y docentes mostraron con orgullo sus trabajos realizados durante todo el a\u00f1o.<\/p>\n<p>Realizada desde el 2010, la exposici\u00f3n re\u00fane un conjunto de acciones basadas en la significaci\u00f3n de la oferta t\u00e9cnica, la adaptaci\u00f3n de las pr\u00e1cticas docentes, y la vinculaci\u00f3n entre el mundo digital y el mundo del trabajo. Sus principales objetivos son:<\/p>\n<ul>\n<li>evitar el desgranamiento y retener\u00a0a la poblaci\u00f3n estudiantil existente en los ciclos B\u00e1sico y Superior de todas las tecnicaturas.<\/li>\n<li>estimular, innovar y desarrollar nuevas pedagog\u00edas y pr\u00e1cticas did\u00e1cticas docentes -a trav\u00e9s de la\u00a0incorporaci\u00f3n de herramientas digitales y audiovisuales que propendan a la generaci\u00f3n de conocimiento y el desenvolvimiento de los estudiantes.<\/li>\n<li>poner en valor la formaci\u00f3n t\u00e9cnico profesional dentro de la comunidad educativa y la sociedad de la comunidad.<\/li>\n<li>construir proyectos institucionales que involucren la participaci\u00f3n de la mayor\u00eda de los actores institucionales.<\/li>\n<\/ul>\n<p>Como producto de estos a\u00f1os de trabajo, desde la instituci\u00f3n han observado como:<\/p>\n<ul>\n<li>se est\u00e1 revirtiendo la situaci\u00f3n de desgranamiento (incremento de 30% en el Ciclo B\u00e1sico y 50% en el Ciclo Superior).<\/li>\n<li>se est\u00e1 realizando un proceso de migraci\u00f3n digital exitoso en los \u00faltimos a\u00f1os de las Tecnicaturas de Electricidad (con el programa Arduino), Automotores (utilizaci\u00f3n de energ\u00edas renovables), y Gesti\u00f3n de las Organizaciones (desarrollo de emprendimientos con reconocimiento a nivel nacional: en la Feria Innovar con \u00abEl sem\u00e1foro Azul\u00bb y con el \u00abAuto El\u00e9ctrico Solar el segundo premio en TecnicaMente 2016).<\/li>\n<li>los estudiantes del Ciclo B\u00e1sico est\u00e1n eligiendo cada vez m\u00e1s la escuela t\u00e9cnica.<\/li>\n<li>egresados est\u00e1n eligiendo continuar sus estudios en carreras de ciencias duras.<\/li>\n<\/ul>\n<p>La EET \u201cFray Luis Beltr\u00e1n\u201d ofrece tres Tecnicaturas de nivel Secundario: en Automotores,\u00a0en Electricidad, y\u00a0en Gesti\u00f3n y Administraci\u00f3n de las organizaciones. Adem\u00e1s, brinda varios cursos de Formaci\u00f3n Profesional. M\u00e1s informaci\u00f3n: <a href=\"http:\/\/catalogo.inet.edu.ar\/institucion\/referer:520\/escuela-de-educacion-tecnica-fray-luis-beltran-ex-centro-profesional-n-01-1933\">Cat\u00e1logo<\/a><\/p>\n<p>Siendo una de las escuelas seleccionadas para el premio \u00abMaestros Argentinos\u00bb,\u00a0recibi\u00f3 la visita del presidente Mauricio Macri.<\/p>\n<p style=\"text-align: right;\">Agradecemos al Arq. Germ\u00e1n Soto, coordinador de la muestra, por la informaci\u00f3n<\/p>\n<p><strong>Noticias relacionadas<\/strong><\/p>\n<p><a href=\"https:\/\/www.inet.edu.ar\/index.php\/escuela-tecnica-de-jujuy-obtuvo-el-primer-lugar-del-premio-maestros-argentinos-2017\/\">\u00abEscuela t\u00e9cnica de Jujuy obtuvo el primer lugar del premio Maestros Argentinos 2017\u00bb<\/a><\/p>\n<p><a href=\"https:\/\/www.inet.edu.ar\/index.php\/alumnos-de-escuela-tecnica-de-corrientes-construyen-auto-solar\/\">\u00abAlumnos de escuela t\u00e9cnica de Corrientes construyen auto solar\u00bb<\/a><\/p>\n<p><strong>Galer\u00eda de im\u00e1genes<\/strong><\/p>\n\n\t\t<style type=\"text\/css\">\n\t\t\t#gallery-1 {\n\t\t\t\tmargin: auto;\n\t\t\t}\n\t\t\t#gallery-1 .gallery-item {\n\t\t\t\tfloat: left;\n\t\t\t\tmargin-top: 10px;\n\t\t\t\ttext-align: center;\n\t\t\t\twidth: 33%;\n\t\t\t}\n\t\t\t#gallery-1 img {\n\t\t\t\tborder: 2px solid #cfcfcf;\n\t\t\t}\n\t\t\t#gallery-1 .gallery-caption {\n\t\t\t\tmargin-left: 0;\n\t\t\t}\n\t\t\t\/* see gallery_shortcode() in wp-includes\/media.php *\/\n\t\t<\/style>\n\t\t<div id='gallery-1' class='gallery galleryid-22258 gallery-columns-3 gallery-size-medium'><dl class='gallery-item'>\n\t\t\t<dt class='gallery-icon landscape'>\n\t\t\t\t<a href='https:\/\/www.inet.edu.ar\/index.php\/escuela-de-corrientes-festeja-el-mes-de-la-educacion-tecnica-con-una-mega-exposicion\/dsc02490\/#main'><img loading=\"lazy\" decoding=\"async\" width=\"240\" height=\"180\" src=\"https:\/\/www.inet.edu.ar\/wp-content\/uploads\/2017\/11\/DSC02490.jpg\" class=\"attachment-medium size-medium\" alt=\"\" \/><\/a>\n\t\t\t<\/dt><\/dl><dl class='gallery-item'>\n\t\t\t<dt class='gallery-icon landscape'>\n\t\t\t\t<a href='https:\/\/www.inet.edu.ar\/index.php\/escuela-de-corrientes-festeja-el-mes-de-la-educacion-tecnica-con-una-mega-exposicion\/dsc02420\/#main'><img loading=\"lazy\" decoding=\"async\" width=\"240\" height=\"180\" src=\"https:\/\/www.inet.edu.ar\/wp-content\/uploads\/2017\/11\/DSC02420.jpg\" class=\"attachment-medium size-medium\" alt=\"\" \/><\/a>\n\t\t\t<\/dt><\/dl><dl class='gallery-item'>\n\t\t\t<dt class='gallery-icon landscape'>\n\t\t\t\t<a href='https:\/\/www.inet.edu.ar\/index.php\/escuela-de-corrientes-festeja-el-mes-de-la-educacion-tecnica-con-una-mega-exposicion\/dsc02424\/#main'><img loading=\"lazy\" decoding=\"async\" width=\"240\" height=\"180\" src=\"https:\/\/www.inet.edu.ar\/wp-content\/uploads\/2017\/11\/DSC02424.jpg\" class=\"attachment-medium size-medium\" alt=\"\" \/><\/a>\n\t\t\t<\/dt><\/dl><br style=\"clear: both\" \/><dl class='gallery-item'>\n\t\t\t<dt class='gallery-icon landscape'>\n\t\t\t\t<a href='https:\/\/www.inet.edu.ar\/index.php\/escuela-de-corrientes-festeja-el-mes-de-la-educacion-tecnica-con-una-mega-exposicion\/1-88\/#main'><img loading=\"lazy\" decoding=\"async\" width=\"240\" height=\"180\" src=\"https:\/\/www.inet.edu.ar\/wp-content\/uploads\/2017\/11\/1-11.jpg\" class=\"attachment-medium size-medium\" alt=\"\" \/><\/a>\n\t\t\t<\/dt><\/dl><dl class='gallery-item'>\n\t\t\t<dt class='gallery-icon landscape'>\n\t\t\t\t<a href='https:\/\/www.inet.edu.ar\/index.php\/escuela-de-corrientes-festeja-el-mes-de-la-educacion-tecnica-con-una-mega-exposicion\/2-71\/#main'><img loading=\"lazy\" decoding=\"async\" width=\"240\" height=\"180\" src=\"https:\/\/www.inet.edu.ar\/wp-content\/uploads\/2017\/11\/2-9.jpg\" class=\"attachment-medium size-medium\" alt=\"\" \/><\/a>\n\t\t\t<\/dt><\/dl><dl class='gallery-item'>\n\t\t\t<dt class='gallery-icon landscape'>\n\t\t\t\t<a href='https:\/\/www.inet.edu.ar\/index.php\/escuela-de-corrientes-festeja-el-mes-de-la-educacion-tecnica-con-una-mega-exposicion\/dsc02429\/#main'><img loading=\"lazy\" decoding=\"async\" width=\"240\" height=\"180\" src=\"https:\/\/www.inet.edu.ar\/wp-content\/uploads\/2017\/11\/DSC02429.jpg\" class=\"attachment-medium size-medium\" alt=\"\" \/><\/a>\n\t\t\t<\/dt><\/dl><br style=\"clear: both\" \/><dl class='gallery-item'>\n\t\t\t<dt class='gallery-icon landscape'>\n\t\t\t\t<a href='https:\/\/www.inet.edu.ar\/index.php\/escuela-de-corrientes-festeja-el-mes-de-la-educacion-tecnica-con-una-mega-exposicion\/3-57\/#main'><img loading=\"lazy\" decoding=\"async\" width=\"240\" height=\"180\" src=\"https:\/\/www.inet.edu.ar\/wp-content\/uploads\/2017\/11\/3-9.jpg\" class=\"attachment-medium size-medium\" alt=\"\" \/><\/a>\n\t\t\t<\/dt><\/dl><dl class='gallery-item'>\n\t\t\t<dt class='gallery-icon landscape'>\n\t\t\t\t<a href='https:\/\/www.inet.edu.ar\/index.php\/escuela-de-corrientes-festeja-el-mes-de-la-educacion-tecnica-con-una-mega-exposicion\/dsc02442\/#main'><img loading=\"lazy\" decoding=\"async\" width=\"240\" height=\"180\" src=\"https:\/\/www.inet.edu.ar\/wp-content\/uploads\/2017\/11\/DSC02442.jpg\" class=\"attachment-medium size-medium\" alt=\"\" \/><\/a>\n\t\t\t<\/dt><\/dl><dl class='gallery-item'>\n\t\t\t<dt class='gallery-icon landscape'>\n\t\t\t\t<a href='https:\/\/www.inet.edu.ar\/index.php\/escuela-de-corrientes-festeja-el-mes-de-la-educacion-tecnica-con-una-mega-exposicion\/dsc02447\/#main'><img loading=\"lazy\" decoding=\"async\" width=\"240\" height=\"180\" src=\"https:\/\/www.inet.edu.ar\/wp-content\/uploads\/2017\/11\/DSC02447.jpg\" class=\"attachment-medium size-medium\" alt=\"\" \/><\/a>\n\t\t\t<\/dt><\/dl><br style=\"clear: both\" \/><dl class='gallery-item'>\n\t\t\t<dt class='gallery-icon landscape'>\n\t\t\t\t<a href='https:\/\/www.inet.edu.ar\/index.php\/escuela-de-corrientes-festeja-el-mes-de-la-educacion-tecnica-con-una-mega-exposicion\/dsc02479\/#main'><img loading=\"lazy\" decoding=\"async\" width=\"240\" height=\"180\" src=\"https:\/\/www.inet.edu.ar\/wp-content\/uploads\/2017\/11\/DSC02479.jpg\" class=\"attachment-medium size-medium\" alt=\"\" \/><\/a>\n\t\t\t<\/dt><\/dl><dl class='gallery-item'>\n\t\t\t<dt class='gallery-icon landscape'>\n\t\t\t\t<a href='https:\/\/www.inet.edu.ar\/index.php\/escuela-de-corrientes-festeja-el-mes-de-la-educacion-tecnica-con-una-mega-exposicion\/dsc02486\/#main'><img loading=\"lazy\" decoding=\"async\" width=\"240\" height=\"180\" src=\"https:\/\/www.inet.edu.ar\/wp-content\/uploads\/2017\/11\/DSC02486.jpg\" class=\"attachment-medium size-medium\" alt=\"\" \/><\/a>\n\t\t\t<\/dt><\/dl><dl class='gallery-item'>\n\t\t\t<dt class='gallery-icon landscape'>\n\t\t\t\t<a href='https:\/\/www.inet.edu.ar\/index.php\/escuela-de-corrientes-festeja-el-mes-de-la-educacion-tecnica-con-una-mega-exposicion\/dsc02478\/#main'><img loading=\"lazy\" decoding=\"async\" width=\"240\" height=\"180\" src=\"https:\/\/www.inet.edu.ar\/wp-content\/uploads\/2017\/11\/DSC02478.jpg\" class=\"attachment-medium size-medium\" alt=\"\" \/><\/a>\n\t\t\t<\/dt><\/dl><br style=\"clear: both\" \/>\n\t\t<\/div>\n\n<p>&nbsp;<\/p>\n<p style=\"text-align: right;\">\n","protected":false},"excerpt":{"rendered":"<p>Corrientes Capital Como en muchas instituciones t\u00e9cnicas el pa\u00eds, en Corrientes festejaron el mes de la Educaci\u00f3n T\u00e9cnica con una mega exposici\u00f3n. Se trat\u00f3 de la Expo Beltr\u00e1n, organizada por la Escuela de Educaci\u00f3n T\u00e9cnica (E.E.T.) \u00abFray Luis Beltr\u00e1n\u00bb, los d\u00edas 14 y 15 de noviembre. Esta muestra, denominada \u00abEl mundo de Leonardo da Vinci [&hellip;]<\/p>\n","protected":false},"author":7,"featured_media":22287,"comment_status":"closed","ping_status":"open","sticky":false,"template":"","format":"standard","meta":{"footnotes":""},"categories":[1,14],"tags":[],"class_list":["post-22258","post","type-post","status-publish","format-standard","has-post-thumbnail","hentry","category-noticias","category-noticias-fijas"],"_links":{"self":[{"href":"https:\/\/www.inet.edu.ar\/index.php\/wp-json\/wp\/v2\/posts\/22258","targetHints":{"allow":["GET"]}}],"collection":[{"href":"https:\/\/www.inet.edu.ar\/index.php\/wp-json\/wp\/v2\/posts"}],"about":[{"href":"https:\/\/www.inet.edu.ar\/index.php\/wp-json\/wp\/v2\/types\/post"}],"author":[{"embeddable":true,"href":"https:\/\/www.inet.edu.ar\/index.php\/wp-json\/wp\/v2\/users\/7"}],"replies":[{"embeddable":true,"href":"https:\/\/www.inet.edu.ar\/index.php\/wp-json\/wp\/v2\/comments?post=22258"}],"version-history":[{"count":21,"href":"https:\/\/www.inet.edu.ar\/index.php\/wp-json\/wp\/v2\/posts\/22258\/revisions"}],"predecessor-version":[{"id":22306,"href":"https:\/\/www.inet.edu.ar\/index.php\/wp-json\/wp\/v2\/posts\/22258\/revisions\/22306"}],"wp:featuredmedia":[{"embeddable":true,"href":"https:\/\/www.inet.edu.ar\/index.php\/wp-json\/wp\/v2\/media\/22287"}],"wp:attachment":[{"href":"https:\/\/www.inet.edu.ar\/index.php\/wp-json\/wp\/v2\/media?parent=22258"}],"wp:term":[{"taxonomy":"category","embeddable":true,"href":"https:\/\/www.inet.edu.ar\/index.php\/wp-json\/wp\/v2\/categories?post=22258"},{"taxonomy":"post_tag","embeddable":true,"href":"https:\/\/www.inet.edu.ar\/index.php\/wp-json\/wp\/v2\/tags?post=22258"}],"curies":[{"name":"wp","href":"https:\/\/api.w.org\/{rel}","templated":true}]}}