{"id":22434,"date":"2017-12-05T15:02:43","date_gmt":"2017-12-05T18:02:43","guid":{"rendered":"https:\/\/www.inet.edu.ar\/?p=22434"},"modified":"2017-12-05T17:06:20","modified_gmt":"2017-12-05T20:06:20","slug":"escuela-de-caba-celebra-la-educacion-tecnica-en-exposicion-de-trabajos-de-todas-sus-especialidades","status":"publish","type":"post","link":"https:\/\/www.inet.edu.ar\/index.php\/escuela-de-caba-celebra-la-educacion-tecnica-en-exposicion-de-trabajos-de-todas-sus-especialidades\/","title":{"rendered":"Escuela de CABA celebra la Educaci\u00f3n T\u00e9cnica en exposici\u00f3n de trabajos de todas sus especialidades"},"content":{"rendered":"<p>Ciudad Aut\u00f3noma de Buenos Aires<\/p>\n<p>Como todos los a\u00f1os, la\u00a0Escuela T\u00e9cnica \u00abRaggio\u00bb present\u00f3 su cl\u00e1sica exposici\u00f3n anual.<\/p>\n<p>El s\u00e1bado 2 y domingo 3, alumnos de 1ero a 6to a\u00f1o de las 11 especialidades exhibieron stands en los que explicaron a los visitantes los diferentes proyectos en los que trabajaron durante todo el a\u00f1o. Desde un dron y otros proyectos de Programaci\u00f3n presentados por estudiantes de TIC; indumentaria y accesorios confeccionados a mano; bancos y bandejas construidos por alumnos de los primeros a\u00f1os; trabajos de hojalater\u00eda hechos en los Talleres de Mec\u00e1nica; adem\u00e1s, una muestra de reactivos presentada por alumnos de la especialidad de Alimentaci\u00f3n; hasta anillos, palas de torta, cajas realizados durante el a\u00f1o por los que estudian Orfebrer\u00eda.<\/p>\n<p>Asimismo, se expusieron los premios obtenidos en las diferentes Olimp\u00edadas: este a\u00f1o obtuvieron distinciones en la de Construcciones y en la de Qu\u00edmica.<\/p>\n<p>De esta manera, la tradicional escuela t\u00e9cnica se abri\u00f3 una vez m\u00e1s a la comunidad con el fin de mostrarse y dar a conocer c\u00f3mo trabaja una instituci\u00f3n de la modalidad.<\/p>\n<p>La Escuela Raggio ofrece 11 Tecnicaturas de nivel Secundario: en\u00a0Automotores; Construcciones; Industria de los Alimentos; Industrializaci\u00f3n de la Madera y del Mueble;\u00a0Industria y\/o Artes Gr\u00e1ficas;\u00a0Electricidad;\u00a0Electr\u00f3nica;\u00a0Dise\u00f1o y Producci\u00f3n de Indumentaria;\u00a0Mec\u00e1nica;\u00a0Orfebrer\u00eda; y en Publicidad. Para m\u00e1s informaci\u00f3n, <a href=\"http:\/\/catalogo.inet.edu.ar\/institucion\/escuela-tecnica-n-2-escuelas-tecnicas-raggio-145\">Cat\u00e1logo<\/a>.<\/p>\n<p style=\"text-align: right;\">Agradecemos a la sub-regente del turno ma\u00f1ana,\u00a0Ver\u00f3nica Saraza, por la informaci\u00f3n<\/p>\n<p style=\"text-align: left;\"><strong>Enlaces relacionados<\/strong><\/p>\n<p style=\"text-align: left;\"><a href=\"http:\/\/www.escuelaraggio.edu.ar\/\">Sitio web de la Escuela Raggio<\/a><\/p>\n<p style=\"text-align: left;\"><strong>Galer\u00eda de im\u00e1genes<\/strong><\/p>\n\n\t\t<style type=\"text\/css\">\n\t\t\t#gallery-1 {\n\t\t\t\tmargin: auto;\n\t\t\t}\n\t\t\t#gallery-1 .gallery-item {\n\t\t\t\tfloat: left;\n\t\t\t\tmargin-top: 10px;\n\t\t\t\ttext-align: center;\n\t\t\t\twidth: 33%;\n\t\t\t}\n\t\t\t#gallery-1 img {\n\t\t\t\tborder: 2px solid #cfcfcf;\n\t\t\t}\n\t\t\t#gallery-1 .gallery-caption {\n\t\t\t\tmargin-left: 0;\n\t\t\t}\n\t\t\t\/* see gallery_shortcode() in wp-includes\/media.php *\/\n\t\t<\/style>\n\t\t<div id='gallery-1' class='gallery galleryid-22434 gallery-columns-3 gallery-size-medium'><dl class='gallery-item'>\n\t\t\t<dt class='gallery-icon portrait'>\n\t\t\t\t<a href='https:\/\/www.inet.edu.ar\/index.php\/escuela-de-caba-celebra-la-educacion-tecnica-en-exposicion-de-trabajos-de-todas-sus-especialidades\/img-20171202-wa0006\/#main'><img loading=\"lazy\" decoding=\"async\" width=\"240\" height=\"320\" src=\"https:\/\/www.inet.edu.ar\/wp-content\/uploads\/2017\/12\/IMG-20171202-WA0006.jpg\" class=\"attachment-medium size-medium\" alt=\"\" \/><\/a>\n\t\t\t<\/dt><\/dl><dl class='gallery-item'>\n\t\t\t<dt class='gallery-icon portrait'>\n\t\t\t\t<a href='https:\/\/www.inet.edu.ar\/index.php\/escuela-de-caba-celebra-la-educacion-tecnica-en-exposicion-de-trabajos-de-todas-sus-especialidades\/img-20171202-wa0007\/#main'><img loading=\"lazy\" decoding=\"async\" width=\"240\" height=\"320\" src=\"https:\/\/www.inet.edu.ar\/wp-content\/uploads\/2017\/12\/IMG-20171202-WA0007.jpg\" class=\"attachment-medium size-medium\" alt=\"\" \/><\/a>\n\t\t\t<\/dt><\/dl><dl class='gallery-item'>\n\t\t\t<dt class='gallery-icon portrait'>\n\t\t\t\t<a href='https:\/\/www.inet.edu.ar\/index.php\/escuela-de-caba-celebra-la-educacion-tecnica-en-exposicion-de-trabajos-de-todas-sus-especialidades\/img-20171202-wa0011\/#main'><img loading=\"lazy\" decoding=\"async\" width=\"240\" height=\"320\" src=\"https:\/\/www.inet.edu.ar\/wp-content\/uploads\/2017\/12\/IMG-20171202-WA0011.jpg\" class=\"attachment-medium size-medium\" alt=\"\" \/><\/a>\n\t\t\t<\/dt><\/dl><br style=\"clear: both\" \/><dl class='gallery-item'>\n\t\t\t<dt class='gallery-icon portrait'>\n\t\t\t\t<a href='https:\/\/www.inet.edu.ar\/index.php\/escuela-de-caba-celebra-la-educacion-tecnica-en-exposicion-de-trabajos-de-todas-sus-especialidades\/img-20171202-wa0013\/#main'><img loading=\"lazy\" decoding=\"async\" width=\"240\" height=\"320\" src=\"https:\/\/www.inet.edu.ar\/wp-content\/uploads\/2017\/12\/IMG-20171202-WA0013.jpg\" class=\"attachment-medium size-medium\" alt=\"\" \/><\/a>\n\t\t\t<\/dt><\/dl><dl class='gallery-item'>\n\t\t\t<dt class='gallery-icon portrait'>\n\t\t\t\t<a href='https:\/\/www.inet.edu.ar\/index.php\/escuela-de-caba-celebra-la-educacion-tecnica-en-exposicion-de-trabajos-de-todas-sus-especialidades\/img-20171202-wa0018\/#main'><img loading=\"lazy\" decoding=\"async\" width=\"240\" height=\"320\" src=\"https:\/\/www.inet.edu.ar\/wp-content\/uploads\/2017\/12\/IMG-20171202-WA0018.jpg\" class=\"attachment-medium size-medium\" alt=\"\" \/><\/a>\n\t\t\t<\/dt><\/dl><dl class='gallery-item'>\n\t\t\t<dt class='gallery-icon portrait'>\n\t\t\t\t<a href='https:\/\/www.inet.edu.ar\/index.php\/escuela-de-caba-celebra-la-educacion-tecnica-en-exposicion-de-trabajos-de-todas-sus-especialidades\/img-20171202-wa0024\/#main'><img loading=\"lazy\" decoding=\"async\" width=\"240\" height=\"320\" src=\"https:\/\/www.inet.edu.ar\/wp-content\/uploads\/2017\/12\/IMG-20171202-WA0024.jpg\" class=\"attachment-medium size-medium\" alt=\"\" \/><\/a>\n\t\t\t<\/dt><\/dl><br style=\"clear: both\" \/>\n\t\t<\/div>\n\n<p>&nbsp;<\/p>\n<p>&nbsp;<\/p>\n<p>&nbsp;<\/p>\n","protected":false},"excerpt":{"rendered":"<p>Ciudad Aut\u00f3noma de Buenos Aires Como todos los a\u00f1os, la\u00a0Escuela T\u00e9cnica \u00abRaggio\u00bb present\u00f3 su cl\u00e1sica exposici\u00f3n anual. El s\u00e1bado 2 y domingo 3, alumnos de 1ero a 6to a\u00f1o de las 11 especialidades exhibieron stands en los que explicaron a los visitantes los diferentes proyectos en los que trabajaron durante todo el a\u00f1o. Desde un [&hellip;]<\/p>\n","protected":false},"author":7,"featured_media":22453,"comment_status":"closed","ping_status":"open","sticky":false,"template":"","format":"standard","meta":{"footnotes":""},"categories":[1,14],"tags":[],"class_list":["post-22434","post","type-post","status-publish","format-standard","has-post-thumbnail","hentry","category-noticias","category-noticias-fijas"],"_links":{"self":[{"href":"https:\/\/www.inet.edu.ar\/index.php\/wp-json\/wp\/v2\/posts\/22434","targetHints":{"allow":["GET"]}}],"collection":[{"href":"https:\/\/www.inet.edu.ar\/index.php\/wp-json\/wp\/v2\/posts"}],"about":[{"href":"https:\/\/www.inet.edu.ar\/index.php\/wp-json\/wp\/v2\/types\/post"}],"author":[{"embeddable":true,"href":"https:\/\/www.inet.edu.ar\/index.php\/wp-json\/wp\/v2\/users\/7"}],"replies":[{"embeddable":true,"href":"https:\/\/www.inet.edu.ar\/index.php\/wp-json\/wp\/v2\/comments?post=22434"}],"version-history":[{"count":18,"href":"https:\/\/www.inet.edu.ar\/index.php\/wp-json\/wp\/v2\/posts\/22434\/revisions"}],"predecessor-version":[{"id":22464,"href":"https:\/\/www.inet.edu.ar\/index.php\/wp-json\/wp\/v2\/posts\/22434\/revisions\/22464"}],"wp:featuredmedia":[{"embeddable":true,"href":"https:\/\/www.inet.edu.ar\/index.php\/wp-json\/wp\/v2\/media\/22453"}],"wp:attachment":[{"href":"https:\/\/www.inet.edu.ar\/index.php\/wp-json\/wp\/v2\/media?parent=22434"}],"wp:term":[{"taxonomy":"category","embeddable":true,"href":"https:\/\/www.inet.edu.ar\/index.php\/wp-json\/wp\/v2\/categories?post=22434"},{"taxonomy":"post_tag","embeddable":true,"href":"https:\/\/www.inet.edu.ar\/index.php\/wp-json\/wp\/v2\/tags?post=22434"}],"curies":[{"name":"wp","href":"https:\/\/api.w.org\/{rel}","templated":true}]}}