{"id":23000,"date":"2018-02-15T12:14:59","date_gmt":"2018-02-15T15:14:59","guid":{"rendered":"https:\/\/www.inet.edu.ar\/?p=23000"},"modified":"2018-02-15T17:10:17","modified_gmt":"2018-02-15T20:10:17","slug":"construyen-bicicleta-adaptada-para-rehabilitar-a-personas-con-discapacidad","status":"publish","type":"post","link":"https:\/\/www.inet.edu.ar\/index.php\/construyen-bicicleta-adaptada-para-rehabilitar-a-personas-con-discapacidad\/","title":{"rendered":"C\u00f3rdoba: Construyen bicicleta adaptada para rehabilitar a personas con discapacidad"},"content":{"rendered":"<p>Ischil\u00edn, Dean Funes (C\u00f3rdoba)<\/p>\n<p>Alumnos del\u00a0Instituto Provincial de Educaci\u00f3n T\u00e9cnica y Agrot\u00e9cnica (I.P.E.T.yA.) N\u00b0 53 \u00abFray Luis Beltr\u00e1n\u00bb dise\u00f1aron y fabricaron una bicicleta\u00a0a la que se le adhiere, por delante, un veh\u00edculo para que personas con discapacidad puedan ser transportadas y, a su vez, rehabilitadas.<\/p>\n<p>Al ver las necesidades que muchas personas del\u00a0 Centro de Rehabilitaci\u00f3n del Norte (C.E.R.N.O.) ten\u00edan, alumnos y docentes de la escuela decidieron construir este veh\u00edculo, bas\u00e1ndose en la bicicleta con silla de ruedas \u00abErnie Bike\u00bb creada por el ingeniero Diego Blas, pero con caracter\u00edsticas propias y con fines solidarios.<\/p>\n<p>A la bicicleta se le adhiere un triciclo con una silla ergon\u00f3mica que est\u00e1 acondicionada con un asiento especial con arneses e incluye\u00a0pedales con correas regulables.\u00a0Los pedales son impulsados\u00a0por la bicicleta logrando as\u00ed que los\u00a0pies de la persona sentada en el triciclo giren con movimientos de rotaci\u00f3n del pi\u00f1\u00f3n a la corona. De esta manera, se facilita su\u00a0actividad\u00a0motora y cerebral, y se fortalece el aparto respiratorio y la circulaci\u00f3n sangu\u00ednea.<\/p>\n<p>Este proyecto, denominado \u00abUna bici diferente para alguien especial\u00bb,\u00a0surgi\u00f3 como parte de\u00a0las pr\u00e1cticas profesionalizantes que se realizan en la instituci\u00f3n.<\/p>\n<p>Fue presentado en la Feria Nacional de Innovaci\u00f3n Educativa 2017, que se realiz\u00f3 en noviembre en Tecn\u00f3polis, y result\u00f3 proyecto <strong>Destacado<\/strong> en la categor\u00eda\u00a0<em>Accesibilidad y atenci\u00f3n de la discapacidad.<\/em><\/p>\n<p>El\u00a0IPETyA N\u00b0 53 ofrece cuatro Tecnicaturas de nivel Secundario: en Electr\u00f3nica;\u00a0en Equipos e Instalaciones Electromec\u00e1nicas;\u00a0en Industrializaci\u00f3n de la Madera y el Mueble; y en\u00a0Producci\u00f3n Agropecuaria. Para m\u00e1s informaci\u00f3n: <a href=\"http:\/\/catalogo.inet.edu.ar\/institucion\/instituto-provincial-de-educacion-tecnica-y-agrotecnica-n-53-fray-luis-beltran-1609\">Cat\u00e1logo<\/a><\/p>\n<p>&nbsp;<\/p>\n<p><strong>Enlaces relacionados<\/strong><\/p>\n<p><a href=\"https:\/\/www.inet.edu.ar\/index.php\/niveles-educativos\/educacion-secundaria-tecnica\/encuentros-educativos\/feria-nacional-de-innovacion-educativa\/\">Proyectos destacados por el INET en la\u00a0Feria Nacional de Innovaci\u00f3n Educativa 2017<\/a><\/p>\n<p><a href=\"http:\/\/cerno.com.ar\/\">Centro de Rehabilitaci\u00f3n del Norte (C.E.R.N.O.)<\/a><\/p>\n<p><strong>Galer\u00eda de im\u00e1genes<\/strong><\/p>\n\n\t\t<style type=\"text\/css\">\n\t\t\t#gallery-1 {\n\t\t\t\tmargin: auto;\n\t\t\t}\n\t\t\t#gallery-1 .gallery-item {\n\t\t\t\tfloat: left;\n\t\t\t\tmargin-top: 10px;\n\t\t\t\ttext-align: center;\n\t\t\t\twidth: 50%;\n\t\t\t}\n\t\t\t#gallery-1 img {\n\t\t\t\tborder: 2px solid #cfcfcf;\n\t\t\t}\n\t\t\t#gallery-1 .gallery-caption {\n\t\t\t\tmargin-left: 0;\n\t\t\t}\n\t\t\t\/* see gallery_shortcode() in wp-includes\/media.php *\/\n\t\t<\/style>\n\t\t<div id='gallery-1' class='gallery galleryid-23000 gallery-columns-2 gallery-size-medium'><dl class='gallery-item'>\n\t\t\t<dt class='gallery-icon portrait'>\n\t\t\t\t<a href='https:\/\/www.inet.edu.ar\/index.php\/construyen-bicicleta-adaptada-para-rehabilitar-a-personas-con-discapacidad\/7-13\/#main'><img loading=\"lazy\" decoding=\"async\" width=\"240\" height=\"358\" src=\"https:\/\/www.inet.edu.ar\/wp-content\/uploads\/2018\/02\/7.jpg\" class=\"attachment-medium size-medium\" alt=\"\" \/><\/a>\n\t\t\t<\/dt><\/dl><dl class='gallery-item'>\n\t\t\t<dt class='gallery-icon portrait'>\n\t\t\t\t<a href='https:\/\/www.inet.edu.ar\/index.php\/construyen-bicicleta-adaptada-para-rehabilitar-a-personas-con-discapacidad\/3-73\/#main'><img loading=\"lazy\" decoding=\"async\" width=\"240\" height=\"358\" src=\"https:\/\/www.inet.edu.ar\/wp-content\/uploads\/2018\/02\/3-1.jpg\" class=\"attachment-medium size-medium\" alt=\"\" \/><\/a>\n\t\t\t<\/dt><\/dl><br style=\"clear: both\" \/><dl class='gallery-item'>\n\t\t\t<dt class='gallery-icon portrait'>\n\t\t\t\t<a href='https:\/\/www.inet.edu.ar\/index.php\/construyen-bicicleta-adaptada-para-rehabilitar-a-personas-con-discapacidad\/2-91\/#main'><img loading=\"lazy\" decoding=\"async\" width=\"240\" height=\"358\" src=\"https:\/\/www.inet.edu.ar\/wp-content\/uploads\/2018\/02\/2-1.jpg\" class=\"attachment-medium size-medium\" alt=\"\" \/><\/a>\n\t\t\t<\/dt><\/dl><dl class='gallery-item'>\n\t\t\t<dt class='gallery-icon portrait'>\n\t\t\t\t<a href='https:\/\/www.inet.edu.ar\/index.php\/construyen-bicicleta-adaptada-para-rehabilitar-a-personas-con-discapacidad\/10-9\/#main'><img loading=\"lazy\" decoding=\"async\" width=\"240\" height=\"358\" src=\"https:\/\/www.inet.edu.ar\/wp-content\/uploads\/2018\/02\/10-1.jpg\" class=\"attachment-medium size-medium\" alt=\"\" \/><\/a>\n\t\t\t<\/dt><\/dl><br style=\"clear: both\" \/><dl class='gallery-item'>\n\t\t\t<dt class='gallery-icon portrait'>\n\t\t\t\t<a href='https:\/\/www.inet.edu.ar\/index.php\/construyen-bicicleta-adaptada-para-rehabilitar-a-personas-con-discapacidad\/8-14\/#main'><img loading=\"lazy\" decoding=\"async\" width=\"240\" height=\"358\" src=\"https:\/\/www.inet.edu.ar\/wp-content\/uploads\/2018\/02\/8.jpg\" class=\"attachment-medium size-medium\" alt=\"\" \/><\/a>\n\t\t\t<\/dt><\/dl><dl class='gallery-item'>\n\t\t\t<dt class='gallery-icon portrait'>\n\t\t\t\t<a href='https:\/\/www.inet.edu.ar\/index.php\/construyen-bicicleta-adaptada-para-rehabilitar-a-personas-con-discapacidad\/6-26\/#main'><img loading=\"lazy\" decoding=\"async\" width=\"240\" height=\"358\" src=\"https:\/\/www.inet.edu.ar\/wp-content\/uploads\/2018\/02\/6-1.jpg\" class=\"attachment-medium size-medium\" alt=\"\" \/><\/a>\n\t\t\t<\/dt><\/dl><br style=\"clear: both\" \/><dl class='gallery-item'>\n\t\t\t<dt class='gallery-icon portrait'>\n\t\t\t\t<a href='https:\/\/www.inet.edu.ar\/index.php\/construyen-bicicleta-adaptada-para-rehabilitar-a-personas-con-discapacidad\/9-12\/#main'><img loading=\"lazy\" decoding=\"async\" width=\"240\" height=\"358\" src=\"https:\/\/www.inet.edu.ar\/wp-content\/uploads\/2018\/02\/9.jpg\" class=\"attachment-medium size-medium\" alt=\"\" \/><\/a>\n\t\t\t<\/dt><\/dl><dl class='gallery-item'>\n\t\t\t<dt class='gallery-icon portrait'>\n\t\t\t\t<a href='https:\/\/www.inet.edu.ar\/index.php\/construyen-bicicleta-adaptada-para-rehabilitar-a-personas-con-discapacidad\/4-53\/#main'><img loading=\"lazy\" decoding=\"async\" width=\"240\" height=\"358\" src=\"https:\/\/www.inet.edu.ar\/wp-content\/uploads\/2018\/02\/4-1.jpg\" class=\"attachment-medium size-medium\" alt=\"\" \/><\/a>\n\t\t\t<\/dt><\/dl><br style=\"clear: both\" \/>\n\t\t<\/div>\n\n","protected":false},"excerpt":{"rendered":"<p>Ischil\u00edn, Dean Funes (C\u00f3rdoba) Alumnos del\u00a0Instituto Provincial de Educaci\u00f3n T\u00e9cnica y Agrot\u00e9cnica (I.P.E.T.yA.) N\u00b0 53 \u00abFray Luis Beltr\u00e1n\u00bb dise\u00f1aron y fabricaron una bicicleta\u00a0a la que se le adhiere, por delante, un veh\u00edculo para que personas con discapacidad puedan ser transportadas y, a su vez, rehabilitadas. Al ver las necesidades que muchas personas del\u00a0 Centro de [&hellip;]<\/p>\n","protected":false},"author":7,"featured_media":23576,"comment_status":"closed","ping_status":"open","sticky":false,"template":"","format":"standard","meta":{"footnotes":""},"categories":[1,14],"tags":[],"class_list":["post-23000","post","type-post","status-publish","format-standard","has-post-thumbnail","hentry","category-noticias","category-noticias-fijas"],"_links":{"self":[{"href":"https:\/\/www.inet.edu.ar\/index.php\/wp-json\/wp\/v2\/posts\/23000","targetHints":{"allow":["GET"]}}],"collection":[{"href":"https:\/\/www.inet.edu.ar\/index.php\/wp-json\/wp\/v2\/posts"}],"about":[{"href":"https:\/\/www.inet.edu.ar\/index.php\/wp-json\/wp\/v2\/types\/post"}],"author":[{"embeddable":true,"href":"https:\/\/www.inet.edu.ar\/index.php\/wp-json\/wp\/v2\/users\/7"}],"replies":[{"embeddable":true,"href":"https:\/\/www.inet.edu.ar\/index.php\/wp-json\/wp\/v2\/comments?post=23000"}],"version-history":[{"count":23,"href":"https:\/\/www.inet.edu.ar\/index.php\/wp-json\/wp\/v2\/posts\/23000\/revisions"}],"predecessor-version":[{"id":23575,"href":"https:\/\/www.inet.edu.ar\/index.php\/wp-json\/wp\/v2\/posts\/23000\/revisions\/23575"}],"wp:featuredmedia":[{"embeddable":true,"href":"https:\/\/www.inet.edu.ar\/index.php\/wp-json\/wp\/v2\/media\/23576"}],"wp:attachment":[{"href":"https:\/\/www.inet.edu.ar\/index.php\/wp-json\/wp\/v2\/media?parent=23000"}],"wp:term":[{"taxonomy":"category","embeddable":true,"href":"https:\/\/www.inet.edu.ar\/index.php\/wp-json\/wp\/v2\/categories?post=23000"},{"taxonomy":"post_tag","embeddable":true,"href":"https:\/\/www.inet.edu.ar\/index.php\/wp-json\/wp\/v2\/tags?post=23000"}],"curies":[{"name":"wp","href":"https:\/\/api.w.org\/{rel}","templated":true}]}}