{"id":23484,"date":"2018-02-06T17:33:00","date_gmt":"2018-02-06T20:33:00","guid":{"rendered":"https:\/\/www.inet.edu.ar\/?p=23484"},"modified":"2018-02-06T18:20:56","modified_gmt":"2018-02-06T21:20:56","slug":"santa-fe-fabrican-sus-propios-tableros-didacticos-y-comparten-el-proyecto-con-otras-escuelas","status":"publish","type":"post","link":"https:\/\/www.inet.edu.ar\/index.php\/santa-fe-fabrican-sus-propios-tableros-didacticos-y-comparten-el-proyecto-con-otras-escuelas\/","title":{"rendered":"Santa Fe: Fabrican sus propios tableros did\u00e1cticos y comparten el proyecto con otras escuelas"},"content":{"rendered":"<p>G\u00e1lvez (Santa Fe)<\/p>\n<p>Alumnos de la Escuela de Educaci\u00f3n T\u00e9cnico Profesional N\u00b0 456 \u00abHip\u00f3lito Yrigoyen\u00bb dise\u00f1aron y fabricaron sus propios tableros, para trabajar en el Laboratorio de Automatizaci\u00f3n. Adem\u00e1s, ya han\u00a0compartido los planos con otras escuelas del pa\u00eds.<\/p>\n<p>El proyecto surgi\u00f3 a partir de la necesidad de equipar el laboratorio de la instituci\u00f3n con tableros did\u00e1cticos no convencionales de electroneum\u00e1tica. Para ello,\u00a0utilizaron tecnolog\u00eda 2D y 3D de la misma escuela.<\/p>\n<p>De esta manera, lograron\u00a0obtener\u00a0equipos similares a los existentes en el mercado, con prestaciones pr\u00e1cticas de buena calidad, a un costo menor y de f\u00e1cil fabricaci\u00f3n. Actualmente est\u00e1n\u00a0evaluando las funciones y estandarizando los dise\u00f1os para facilitar las r\u00e9plicas, y, as\u00ed, que otras escuelas puedan fabricar tambi\u00e9n sus propios tableros.<\/p>\n<p>Para llevar a cabo el\u00a0proyecto, los alumnos trabajaron en distintos espacios curriculares: Lengua (redacci\u00f3n del informe y manual del usuario), Taller de Automatizaci\u00f3n (armado del tablero y m\u00f3dulos, creaci\u00f3n de circuitos), Procesos de fabricaci\u00f3n industrial (diagrama de Gantt), Sistemas de control (teor\u00eda de PLC, funcionamiento de electrov\u00e1lvulas), Econom\u00eda (c\u00e1lculos y armado de presupuestos y gastos), y Taller de CNC (dise\u00f1o de m\u00f3dulos en Solidworks y AutoCad, dise\u00f1o del stand).<\/p>\n<p>Este proyecto, denominado \u201cSistema Integral de Aplicaciones Electroneum\u00e1ticas (SIA EN 16)\u201d, fue presentado en la Feria Nacional de Innovaci\u00f3n Educativa 2017, en la categor\u00eda\u00a0<em>Innovaci\u00f3n en dispositivos tecnol\u00f3gicos aplicados a la ense\u00f1anza<\/em>.<\/p>\n<p>La EETP N\u00b0456 de G\u00e1lvez brinda dos ofertas de nivel Secundario: Maestro Mayor de Obras y T\u00e9cnico Mec\u00e1nico. Para m\u00e1s informaci\u00f3n: <a href=\"http:\/\/catalogo.inet.edu.ar\/institucion\/escuela-de-educacion-secundaria-modalidad-tecnico-profesional-n-456-hipolito-yrigoyen-4284\">Cat\u00e1logo<\/a><\/p>\n<p><strong>Enlaces relacionados<\/strong><\/p>\n<p><a href=\"https:\/\/siaen16.wixsite.com\/siaen-16\">Sistema Integral de Aplicaciones Electroneum\u00e1ticas (SIA EN 16)<\/a><\/p>\n<p><strong>Galer\u00eda de im\u00e1genes<\/strong><\/p>\n\n\t\t<style type=\"text\/css\">\n\t\t\t#gallery-1 {\n\t\t\t\tmargin: auto;\n\t\t\t}\n\t\t\t#gallery-1 .gallery-item {\n\t\t\t\tfloat: left;\n\t\t\t\tmargin-top: 10px;\n\t\t\t\ttext-align: center;\n\t\t\t\twidth: 50%;\n\t\t\t}\n\t\t\t#gallery-1 img {\n\t\t\t\tborder: 2px solid #cfcfcf;\n\t\t\t}\n\t\t\t#gallery-1 .gallery-caption {\n\t\t\t\tmargin-left: 0;\n\t\t\t}\n\t\t\t\/* see gallery_shortcode() in wp-includes\/media.php *\/\n\t\t<\/style>\n\t\t<div id='gallery-1' class='gallery galleryid-23484 gallery-columns-2 gallery-size-thumbnail'><dl class='gallery-item'>\n\t\t\t<dt class='gallery-icon landscape'>\n\t\t\t\t<a href='https:\/\/www.inet.edu.ar\/index.php\/santa-fe-fabrican-sus-propios-tableros-didacticos-y-comparten-el-proyecto-con-otras-escuelas\/sin-titulo-1-80\/#main'><img loading=\"lazy\" decoding=\"async\" width=\"150\" height=\"84\" src=\"https:\/\/www.inet.edu.ar\/wp-content\/uploads\/2018\/02\/Sin-t\u00edtulo-1.jpg\" class=\"attachment-thumbnail size-thumbnail\" alt=\"\" \/><\/a>\n\t\t\t<\/dt><\/dl><dl class='gallery-item'>\n\t\t\t<dt class='gallery-icon landscape'>\n\t\t\t\t<a href='https:\/\/www.inet.edu.ar\/index.php\/santa-fe-fabrican-sus-propios-tableros-didacticos-y-comparten-el-proyecto-con-otras-escuelas\/6b\/#main'><img loading=\"lazy\" decoding=\"async\" width=\"150\" height=\"84\" src=\"https:\/\/www.inet.edu.ar\/wp-content\/uploads\/2018\/02\/6b.jpg\" class=\"attachment-thumbnail size-thumbnail\" alt=\"\" \/><\/a>\n\t\t\t<\/dt><\/dl><br style=\"clear: both\" \/><dl class='gallery-item'>\n\t\t\t<dt class='gallery-icon landscape'>\n\t\t\t\t<a href='https:\/\/www.inet.edu.ar\/index.php\/santa-fe-fabrican-sus-propios-tableros-didacticos-y-comparten-el-proyecto-con-otras-escuelas\/sfe-28-f3-m-3-8-2-etp-b\/#main'><img loading=\"lazy\" decoding=\"async\" width=\"150\" height=\"84\" src=\"https:\/\/www.inet.edu.ar\/wp-content\/uploads\/2018\/02\/SFE-28.F3.M.3.8.2.ETP-B.jpg\" class=\"attachment-thumbnail size-thumbnail\" alt=\"\" \/><\/a>\n\t\t\t<\/dt><\/dl><dl class='gallery-item'>\n\t\t\t<dt class='gallery-icon landscape'>\n\t\t\t\t<a href='https:\/\/www.inet.edu.ar\/index.php\/santa-fe-fabrican-sus-propios-tableros-didacticos-y-comparten-el-proyecto-con-otras-escuelas\/4-b\/#main'><img loading=\"lazy\" decoding=\"async\" width=\"150\" height=\"84\" src=\"https:\/\/www.inet.edu.ar\/wp-content\/uploads\/2018\/02\/4-b.jpg\" class=\"attachment-thumbnail size-thumbnail\" alt=\"\" \/><\/a>\n\t\t\t<\/dt><\/dl><br style=\"clear: both\" \/>\n\t\t<\/div>\n\n","protected":false},"excerpt":{"rendered":"<p>G\u00e1lvez (Santa Fe) Alumnos de la Escuela de Educaci\u00f3n T\u00e9cnico Profesional N\u00b0 456 \u00abHip\u00f3lito Yrigoyen\u00bb dise\u00f1aron y fabricaron sus propios tableros, para trabajar en el Laboratorio de Automatizaci\u00f3n. Adem\u00e1s, ya han\u00a0compartido los planos con otras escuelas del pa\u00eds. El proyecto surgi\u00f3 a partir de la necesidad de equipar el laboratorio de la instituci\u00f3n con tableros [&hellip;]<\/p>\n","protected":false},"author":7,"featured_media":23519,"comment_status":"closed","ping_status":"open","sticky":false,"template":"","format":"standard","meta":{"footnotes":""},"categories":[1,14],"tags":[247],"class_list":["post-23484","post","type-post","status-publish","format-standard","has-post-thumbnail","hentry","category-noticias","category-noticias-fijas","tag-feria-nacional-de-innovacion-educativa-2017"],"_links":{"self":[{"href":"https:\/\/www.inet.edu.ar\/index.php\/wp-json\/wp\/v2\/posts\/23484","targetHints":{"allow":["GET"]}}],"collection":[{"href":"https:\/\/www.inet.edu.ar\/index.php\/wp-json\/wp\/v2\/posts"}],"about":[{"href":"https:\/\/www.inet.edu.ar\/index.php\/wp-json\/wp\/v2\/types\/post"}],"author":[{"embeddable":true,"href":"https:\/\/www.inet.edu.ar\/index.php\/wp-json\/wp\/v2\/users\/7"}],"replies":[{"embeddable":true,"href":"https:\/\/www.inet.edu.ar\/index.php\/wp-json\/wp\/v2\/comments?post=23484"}],"version-history":[{"count":26,"href":"https:\/\/www.inet.edu.ar\/index.php\/wp-json\/wp\/v2\/posts\/23484\/revisions"}],"predecessor-version":[{"id":23518,"href":"https:\/\/www.inet.edu.ar\/index.php\/wp-json\/wp\/v2\/posts\/23484\/revisions\/23518"}],"wp:featuredmedia":[{"embeddable":true,"href":"https:\/\/www.inet.edu.ar\/index.php\/wp-json\/wp\/v2\/media\/23519"}],"wp:attachment":[{"href":"https:\/\/www.inet.edu.ar\/index.php\/wp-json\/wp\/v2\/media?parent=23484"}],"wp:term":[{"taxonomy":"category","embeddable":true,"href":"https:\/\/www.inet.edu.ar\/index.php\/wp-json\/wp\/v2\/categories?post=23484"},{"taxonomy":"post_tag","embeddable":true,"href":"https:\/\/www.inet.edu.ar\/index.php\/wp-json\/wp\/v2\/tags?post=23484"}],"curies":[{"name":"wp","href":"https:\/\/api.w.org\/{rel}","templated":true}]}}