{"id":23523,"date":"2018-02-08T17:53:16","date_gmt":"2018-02-08T20:53:16","guid":{"rendered":"https:\/\/www.inet.edu.ar\/?p=23523"},"modified":"2018-02-08T18:15:27","modified_gmt":"2018-02-08T21:15:27","slug":"consejo-federal-de-educacion-se-aprobaron-marcos-de-referencia-de-energias-renovables-y-seguridad-publica","status":"publish","type":"post","link":"https:\/\/www.inet.edu.ar\/index.php\/consejo-federal-de-educacion-se-aprobaron-marcos-de-referencia-de-energias-renovables-y-seguridad-publica\/","title":{"rendered":"Profesionalizando trabajadores en Energ\u00edas Renovables y en Seguridad P\u00fablica: El CFE aprob\u00f3 marcos de referencia"},"content":{"rendered":"<p>Con el objetivo de formar recursos humanos en Energ\u00edas Renovables y Seguridad P\u00fablica, el director ejecutivo del INET, Leandro Goroyesky present\u00f3, ante el Consejo Federal de Educaci\u00f3n, los marcos de referencia para la elaboraci\u00f3n de los planes de estudios y posterior homologaci\u00f3n de t\u00edtulos o certificados en los sectores mencionados.<\/p>\n<p>Para el desarrollo de los marcos de referencia del sector de <strong>Energ\u00edas Renovables<\/strong>, se tienen en cuenta las pol\u00edticas p\u00fablicas de desarrollo, impulso regulatorio, est\u00edmulo e inversi\u00f3n que viene realizando el estado nacional. Adem\u00e1s, se contempla que el desarrollo y expansi\u00f3n del sector es una fuente de generaci\u00f3n de roles ocupacionales cualificados a nivel federal.<\/p>\n<p>Desde la oferta de Educaci\u00f3n T\u00e9cnico Profesional, este sector presenta vacancia en Formaci\u00f3n Profesional y en el nivel Superior.<\/p>\n<p>La propuesta contempla los marcos de dos figuras profesionales: el Instalador de Sistemas El\u00e9ctricos de Energ\u00edas Renovables (ISEER) y el Instalador de Sistemas T\u00e9rmicos para agua caliente sanitaria (SST).<\/p>\n<p>Para el caso de <strong>Seguridad P\u00fablica<\/strong>, los Ministerios de Educaci\u00f3n y Seguridad nacionales (a trav\u00e9s del INET y de la Subsecretar\u00eda de capacitaci\u00f3n, Formaci\u00f3n y Programas de Seguridad respectivamente) vienen trabajando juntos para la formaci\u00f3n del Agente de polic\u00eda.<\/p>\n<p>Las funciones profesionales de esta figura formativa incluyen ejecutar acciones de prevenci\u00f3n y promoci\u00f3n de la seguridad p\u00fablica, y del cuidado integral de las personas promoviendo el desarrollo de los derechos humanos y de ciudadan\u00eda en situaciones de transgresi\u00f3n de la seguridad p\u00fablica.<\/p>\n<p>La propuesta contempla el desarrollo curricular, institucional y profesional del agente de polic\u00eda desde una articulaci\u00f3n entre formaci\u00f3n y ejercicio profesional, considerando la complejidad social en un marco \u00e9tico-democr\u00e1tico.<\/p>\n<p>Los <a href=\"https:\/\/www.inet.edu.ar\/index.php\/politicas-y-programas\/procesos-de-homologacion-2\/marcos-de-referencia\/\">marcos de referencia<\/a> son los que definen y caracterizan los aspectos sustantivos a ser considerados en los procesos de elaboraci\u00f3n de los Dise\u00f1os Curriculares, y de homologaci\u00f3n de los t\u00edtulos o certificados y sus ofertas formativas. En Educaci\u00f3n T\u00e9cnico Profesional, se han desarrollado marcos de referencia para los tres niveles: Secundario t\u00e9cnico, Superior t\u00e9cnico y Formaci\u00f3n Profesional.<\/p>\n<p><strong>Noticias relacionadas<\/strong><\/p>\n<p><a href=\"https:\/\/www.argentina.gob.ar\/noticias\/primera-asamblea-del-consejo-federal-de-educacion-del-ano-0\">Primera Asamblea del Consejo Federal de Educaci\u00f3n del a\u00f1o &#8211; sitio web del Ministerio de Educaci\u00f3n de la Naci\u00f3n<\/a><\/p>\n<p><strong>Galer\u00eda de im\u00e1genes<\/strong><\/p>\n\n\t\t<style type=\"text\/css\">\n\t\t\t#gallery-1 {\n\t\t\t\tmargin: auto;\n\t\t\t}\n\t\t\t#gallery-1 .gallery-item {\n\t\t\t\tfloat: left;\n\t\t\t\tmargin-top: 10px;\n\t\t\t\ttext-align: center;\n\t\t\t\twidth: 50%;\n\t\t\t}\n\t\t\t#gallery-1 img {\n\t\t\t\tborder: 2px solid #cfcfcf;\n\t\t\t}\n\t\t\t#gallery-1 .gallery-caption {\n\t\t\t\tmargin-left: 0;\n\t\t\t}\n\t\t\t\/* see gallery_shortcode() in wp-includes\/media.php *\/\n\t\t<\/style>\n\t\t<div id='gallery-1' class='gallery galleryid-23523 gallery-columns-2 gallery-size-medium'><dl class='gallery-item'>\n\t\t\t<dt class='gallery-icon landscape'>\n\t\t\t\t<a href='https:\/\/www.inet.edu.ar\/index.php\/consejo-federal-de-educacion-se-aprobaron-marcos-de-referencia-de-energias-renovables-y-seguridad-publica\/4-52\/#main'><img loading=\"lazy\" decoding=\"async\" width=\"240\" height=\"160\" src=\"https:\/\/www.inet.edu.ar\/wp-content\/uploads\/2018\/02\/4.jpg\" class=\"attachment-medium size-medium\" alt=\"\" \/><\/a>\n\t\t\t<\/dt><\/dl><dl class='gallery-item'>\n\t\t\t<dt class='gallery-icon landscape'>\n\t\t\t\t<a href='https:\/\/www.inet.edu.ar\/index.php\/consejo-federal-de-educacion-se-aprobaron-marcos-de-referencia-de-energias-renovables-y-seguridad-publica\/2-90\/#main'><img loading=\"lazy\" decoding=\"async\" width=\"240\" height=\"160\" src=\"https:\/\/www.inet.edu.ar\/wp-content\/uploads\/2018\/02\/2.jpg\" class=\"attachment-medium size-medium\" alt=\"\" \/><\/a>\n\t\t\t<\/dt><\/dl><br style=\"clear: both\" \/><dl class='gallery-item'>\n\t\t\t<dt class='gallery-icon landscape'>\n\t\t\t\t<a href='https:\/\/www.inet.edu.ar\/index.php\/consejo-federal-de-educacion-se-aprobaron-marcos-de-referencia-de-energias-renovables-y-seguridad-publica\/3-72\/#main'><img loading=\"lazy\" decoding=\"async\" width=\"240\" height=\"160\" src=\"https:\/\/www.inet.edu.ar\/wp-content\/uploads\/2018\/02\/3.jpg\" class=\"attachment-medium size-medium\" alt=\"\" \/><\/a>\n\t\t\t<\/dt><\/dl><dl class='gallery-item'>\n\t\t\t<dt class='gallery-icon landscape'>\n\t\t\t\t<a href='https:\/\/www.inet.edu.ar\/index.php\/consejo-federal-de-educacion-se-aprobaron-marcos-de-referencia-de-energias-renovables-y-seguridad-publica\/5-35\/#main'><img loading=\"lazy\" decoding=\"async\" width=\"240\" height=\"160\" src=\"https:\/\/www.inet.edu.ar\/wp-content\/uploads\/2018\/02\/5-2.jpg\" class=\"attachment-medium size-medium\" alt=\"\" \/><\/a>\n\t\t\t<\/dt><\/dl><br style=\"clear: both\" \/>\n\t\t<\/div>\n\n","protected":false},"excerpt":{"rendered":"<p>Con el objetivo de formar recursos humanos en Energ\u00edas Renovables y Seguridad P\u00fablica, el director ejecutivo del INET, Leandro Goroyesky present\u00f3, ante el Consejo Federal de Educaci\u00f3n, los marcos de referencia para la elaboraci\u00f3n de los planes de estudios y posterior homologaci\u00f3n de t\u00edtulos o certificados en los sectores mencionados. Para el desarrollo de los [&hellip;]<\/p>\n","protected":false},"author":7,"featured_media":23527,"comment_status":"closed","ping_status":"open","sticky":false,"template":"","format":"standard","meta":{"footnotes":""},"categories":[1,13],"tags":[],"class_list":["post-23523","post","type-post","status-publish","format-standard","has-post-thumbnail","hentry","category-noticias","category-noticias-slider"],"_links":{"self":[{"href":"https:\/\/www.inet.edu.ar\/index.php\/wp-json\/wp\/v2\/posts\/23523","targetHints":{"allow":["GET"]}}],"collection":[{"href":"https:\/\/www.inet.edu.ar\/index.php\/wp-json\/wp\/v2\/posts"}],"about":[{"href":"https:\/\/www.inet.edu.ar\/index.php\/wp-json\/wp\/v2\/types\/post"}],"author":[{"embeddable":true,"href":"https:\/\/www.inet.edu.ar\/index.php\/wp-json\/wp\/v2\/users\/7"}],"replies":[{"embeddable":true,"href":"https:\/\/www.inet.edu.ar\/index.php\/wp-json\/wp\/v2\/comments?post=23523"}],"version-history":[{"count":12,"href":"https:\/\/www.inet.edu.ar\/index.php\/wp-json\/wp\/v2\/posts\/23523\/revisions"}],"predecessor-version":[{"id":23540,"href":"https:\/\/www.inet.edu.ar\/index.php\/wp-json\/wp\/v2\/posts\/23523\/revisions\/23540"}],"wp:featuredmedia":[{"embeddable":true,"href":"https:\/\/www.inet.edu.ar\/index.php\/wp-json\/wp\/v2\/media\/23527"}],"wp:attachment":[{"href":"https:\/\/www.inet.edu.ar\/index.php\/wp-json\/wp\/v2\/media?parent=23523"}],"wp:term":[{"taxonomy":"category","embeddable":true,"href":"https:\/\/www.inet.edu.ar\/index.php\/wp-json\/wp\/v2\/categories?post=23523"},{"taxonomy":"post_tag","embeddable":true,"href":"https:\/\/www.inet.edu.ar\/index.php\/wp-json\/wp\/v2\/tags?post=23523"}],"curies":[{"name":"wp","href":"https:\/\/api.w.org\/{rel}","templated":true}]}}