{"id":23637,"date":"2018-02-21T15:33:36","date_gmt":"2018-02-21T18:33:36","guid":{"rendered":"https:\/\/www.inet.edu.ar\/?p=23637"},"modified":"2018-02-21T16:15:19","modified_gmt":"2018-02-21T19:15:19","slug":"avanza-la-educacion-tecnico-profesional-en-rio-negro-gracias-al-trabajo-conjunto-entre-nacion-y-provincia","status":"publish","type":"post","link":"https:\/\/www.inet.edu.ar\/index.php\/avanza-la-educacion-tecnico-profesional-en-rio-negro-gracias-al-trabajo-conjunto-entre-nacion-y-provincia\/","title":{"rendered":"Avanza la Educaci\u00f3n T\u00e9cnico Profesional en R\u00edo Negro gracias al trabajo conjunto entre Naci\u00f3n y Provincia"},"content":{"rendered":"<p>El lunes 19 y martes 20, la directora nacional de Asuntos Federales, Mar\u00eda Jos\u00e9 Licio Rinaldi, recorri\u00f3 diferentes localidades de R\u00edo Negro con el fin de visitar obras en centros educativos, dar inicio a inscripciones en Aulas Talleres M\u00f3viles y trabajar con el equipo provincial de educaci\u00f3n.<\/p>\n<p>La directora recorri\u00f3 obras en ejecuci\u00f3n en centros de Educaci\u00f3n T\u00e9cnica en Cipolletti, Fern\u00e1ndez Oro, General Roca y San Antonio Oeste -obras financiadas por el Programa 39 del INET.<\/p>\n<p>En Fern\u00e1ndez Oro adem\u00e1s particip\u00f3 del inicio de inscripciones para cursos de Formaci\u00f3n Profesional que se dictar\u00e1n en un Aula Taller M\u00f3vil de Refrigeraci\u00f3n y Climatizaci\u00f3n.<\/p>\n<p>Por \u00faltimo, se reuni\u00f3 con la ministra de Educaci\u00f3n y Derechos Humanos, M\u00f3nica Silva,\u00a0y junto a su equipo de trabajo.<\/p>\n<p><strong>Galer\u00eda de im\u00e1genes<\/strong><\/p>\n\n\t\t<style type=\"text\/css\">\n\t\t\t#gallery-1 {\n\t\t\t\tmargin: auto;\n\t\t\t}\n\t\t\t#gallery-1 .gallery-item {\n\t\t\t\tfloat: left;\n\t\t\t\tmargin-top: 10px;\n\t\t\t\ttext-align: center;\n\t\t\t\twidth: 50%;\n\t\t\t}\n\t\t\t#gallery-1 img {\n\t\t\t\tborder: 2px solid #cfcfcf;\n\t\t\t}\n\t\t\t#gallery-1 .gallery-caption {\n\t\t\t\tmargin-left: 0;\n\t\t\t}\n\t\t\t\/* see gallery_shortcode() in wp-includes\/media.php *\/\n\t\t<\/style>\n\t\t<div id='gallery-1' class='gallery galleryid-23637 gallery-columns-2 gallery-size-medium'><dl class='gallery-item'>\n\t\t\t<dt class='gallery-icon landscape'>\n\t\t\t\t<a href='https:\/\/www.inet.edu.ar\/index.php\/avanza-la-educacion-tecnico-profesional-en-rio-negro-gracias-al-trabajo-conjunto-entre-nacion-y-provincia\/2-93\/#main'><img loading=\"lazy\" decoding=\"async\" width=\"240\" height=\"135\" src=\"https:\/\/www.inet.edu.ar\/wp-content\/uploads\/2018\/02\/2-3.jpg\" class=\"attachment-medium size-medium\" alt=\"\" \/><\/a>\n\t\t\t<\/dt><\/dl><dl class='gallery-item'>\n\t\t\t<dt class='gallery-icon landscape'>\n\t\t\t\t<a href='https:\/\/www.inet.edu.ar\/index.php\/avanza-la-educacion-tecnico-profesional-en-rio-negro-gracias-al-trabajo-conjunto-entre-nacion-y-provincia\/whatsapp-image-2018-02-20-at-09-03-01\/#main'><img loading=\"lazy\" decoding=\"async\" width=\"240\" height=\"135\" src=\"https:\/\/www.inet.edu.ar\/wp-content\/uploads\/2018\/02\/WhatsApp-Image-2018-02-20-at-09.03.01.jpeg\" class=\"attachment-medium size-medium\" alt=\"\" \/><\/a>\n\t\t\t<\/dt><\/dl><br style=\"clear: both\" \/><dl class='gallery-item'>\n\t\t\t<dt class='gallery-icon landscape'>\n\t\t\t\t<a href='https:\/\/www.inet.edu.ar\/index.php\/avanza-la-educacion-tecnico-profesional-en-rio-negro-gracias-al-trabajo-conjunto-entre-nacion-y-provincia\/4-55\/#main'><img loading=\"lazy\" decoding=\"async\" width=\"240\" height=\"135\" src=\"https:\/\/www.inet.edu.ar\/wp-content\/uploads\/2018\/02\/4-3.jpg\" class=\"attachment-medium size-medium\" alt=\"\" \/><\/a>\n\t\t\t<\/dt><\/dl><dl class='gallery-item'>\n\t\t\t<dt class='gallery-icon landscape'>\n\t\t\t\t<a href='https:\/\/www.inet.edu.ar\/index.php\/avanza-la-educacion-tecnico-profesional-en-rio-negro-gracias-al-trabajo-conjunto-entre-nacion-y-provincia\/3-75\/#main'><img loading=\"lazy\" decoding=\"async\" width=\"240\" height=\"135\" src=\"https:\/\/www.inet.edu.ar\/wp-content\/uploads\/2018\/02\/3-3.jpg\" class=\"attachment-medium size-medium\" alt=\"\" \/><\/a>\n\t\t\t<\/dt><\/dl><br style=\"clear: both\" \/>\n\t\t<\/div>\n\n","protected":false},"excerpt":{"rendered":"<p>El lunes 19 y martes 20, la directora nacional de Asuntos Federales, Mar\u00eda Jos\u00e9 Licio Rinaldi, recorri\u00f3 diferentes localidades de R\u00edo Negro con el fin de visitar obras en centros educativos, dar inicio a inscripciones en Aulas Talleres M\u00f3viles y trabajar con el equipo provincial de educaci\u00f3n. La directora recorri\u00f3 obras en ejecuci\u00f3n en centros [&hellip;]<\/p>\n","protected":false},"author":7,"featured_media":23643,"comment_status":"closed","ping_status":"open","sticky":false,"template":"","format":"standard","meta":{"footnotes":""},"categories":[1,14],"tags":[70,292],"class_list":["post-23637","post","type-post","status-publish","format-standard","has-post-thumbnail","hentry","category-noticias","category-noticias-fijas","tag-aulas-talleres-moviles","tag-programa-39-inet"],"_links":{"self":[{"href":"https:\/\/www.inet.edu.ar\/index.php\/wp-json\/wp\/v2\/posts\/23637","targetHints":{"allow":["GET"]}}],"collection":[{"href":"https:\/\/www.inet.edu.ar\/index.php\/wp-json\/wp\/v2\/posts"}],"about":[{"href":"https:\/\/www.inet.edu.ar\/index.php\/wp-json\/wp\/v2\/types\/post"}],"author":[{"embeddable":true,"href":"https:\/\/www.inet.edu.ar\/index.php\/wp-json\/wp\/v2\/users\/7"}],"replies":[{"embeddable":true,"href":"https:\/\/www.inet.edu.ar\/index.php\/wp-json\/wp\/v2\/comments?post=23637"}],"version-history":[{"count":7,"href":"https:\/\/www.inet.edu.ar\/index.php\/wp-json\/wp\/v2\/posts\/23637\/revisions"}],"predecessor-version":[{"id":23649,"href":"https:\/\/www.inet.edu.ar\/index.php\/wp-json\/wp\/v2\/posts\/23637\/revisions\/23649"}],"wp:featuredmedia":[{"embeddable":true,"href":"https:\/\/www.inet.edu.ar\/index.php\/wp-json\/wp\/v2\/media\/23643"}],"wp:attachment":[{"href":"https:\/\/www.inet.edu.ar\/index.php\/wp-json\/wp\/v2\/media?parent=23637"}],"wp:term":[{"taxonomy":"category","embeddable":true,"href":"https:\/\/www.inet.edu.ar\/index.php\/wp-json\/wp\/v2\/categories?post=23637"},{"taxonomy":"post_tag","embeddable":true,"href":"https:\/\/www.inet.edu.ar\/index.php\/wp-json\/wp\/v2\/tags?post=23637"}],"curies":[{"name":"wp","href":"https:\/\/api.w.org\/{rel}","templated":true}]}}