{"id":24575,"date":"2018-04-17T18:29:18","date_gmt":"2018-04-17T21:29:18","guid":{"rendered":"https:\/\/www.inet.edu.ar\/?p=24575"},"modified":"2018-04-17T18:29:18","modified_gmt":"2018-04-17T21:29:18","slug":"incentivamos-el-espiritu-innovador-en-estudiantes-de-escuelas-tecnicas-con-jornadas-de-emprendedores","status":"publish","type":"post","link":"https:\/\/www.inet.edu.ar\/index.php\/incentivamos-el-espiritu-innovador-en-estudiantes-de-escuelas-tecnicas-con-jornadas-de-emprendedores\/","title":{"rendered":"Incentivamos el esp\u00edritu innovador en estudiantes de escuelas t\u00e9cnicas con jornadas de emprendedores"},"content":{"rendered":"<p>Estudiantes de los \u00faltimos a\u00f1os de escuelas secundarias t\u00e9cnicas de la Ciudad Aut\u00f3noma de Buenos Aires participaron de la primera de seis jornadas con emprendedores para fomentar su vocaci\u00f3n por innovar que se realiz\u00f3 en la sede del INET. El objetivo de estos encuentros es incentivar a estudiantes de la modalidad a encarar sus propios proyectos en el futuro.<\/p>\n<p>En esta primer jornada, los chicos dialogaron con Mateo Salvatto, creador de \u00a1H\u00e1blalo! app para personas con dificultades auditivas; Mat\u00edas Gonz\u00e1lez, co fundador de FC Bola; Mart\u00edn Orlando, co creador de La Maquinita Co (coworking); y Juliana Fortunato, de Pulpo PR (marketing digital).<\/p>\n<p><em>\u201c\u00bfSaben d\u00f3nde est\u00e1n?\u201d<\/em> M\u00e1s de una cara de sorpresa gener\u00f3 la pregunta de Leandro Goroyesky, director ejecutivo del INET, quien abri\u00f3 la jornada remarcando: <em>\u201cMuchas veces no se trata de ser un iluminado, sino de poner en marcha una idea concreta, de relacionar dos cosas que no estaban relacionadas, de eso se trata la creatividad. Pensamos la jornada de hoy con un objetivo claro: despertarles el inter\u00e9s por generar sus proyectos propios, generar un proyecto propio que les entusiasme, y lo mejor de todo, poder vivir de eso. La escuela t\u00e9cnica se caracteriza por unir el mundo del pensamiento con el de la acci\u00f3n.\u201d<\/em><\/p>\n<p>Los chicos de las Escuelas T\u00e9cnicas 25, 26 y 29 se contagiaron del entusiasmo de Mateo Salvatto, egresado de una escuela t\u00e9cnica y apenas un par de a\u00f1os mayor. Mateo les cont\u00f3 c\u00f3mo tuvo la idea de crear\u00a0<a href=\"https:\/\/www.hablaloapp.com\/\">\u00a1H\u00e1blalo!<\/a>\u00a0&#8211; una app dise\u00f1ada para asistir a personas con problemas auditivos y dificultades para comunicarse verbalmente. <em>\u201cMam\u00e1 es profe de personas con hipoacusia y s\u00e9 hablar lenguaje de se\u00f1as&#8230; pero nunca pens\u00e9 en relacionar ese mundo con lo que yo sab\u00eda. Cuando gan\u00e9 una competencia internacional de rob\u00f3tica representando al pa\u00eds, me dieron ganas de aplicar lo que sab\u00eda para ayudar a otros&#8230;. y se me ocurri\u00f3 que el mejor producto a nivel de escala son las apps porque la hac\u00e9s en tu casa, la sub\u00eds y la pueden bajar e<\/em><em>n Marruecos.\u201d<\/em><\/p>\n<p><a href=\"http:\/\/www.fcbola.com\">FC Bola<\/a>\u00a0, el emprendimiento de Mat\u00edas Gonz\u00e1lez tambi\u00e9n naci\u00f3 con un objetivo social y luego pas\u00f3 a ser una empresa social. <em>\u201cVendemos pelotas, gorras y remeras con el compromiso de que por cada producto vendido donamos otro. El mes pr\u00f3ximo vamos a alcanzar las 10 mil pelotas donadas.\u201d<\/em> Ante la pregunta de un estudiante acerca del miedo a fallar, Mat\u00edas no dud\u00f3 en responder: <em>\u201cNo se puede emprender sin conocer el fracaso.\u201d<\/em><\/p>\n<p>La <a href=\"https:\/\/www.lamaquinita.co\/\">Maquinita Co<\/a>, si bien no surgi\u00f3 con una raz\u00f3n social, permite que <em>\u201calguien acceda a una oficina de calidad con cero inversi\u00f3n\u201d,<\/em> en palabras de Mart\u00edn Orlando, co creador de este emprendimiento que ofrece espacios de coworking. <em>\u201cAdem\u00e1s, lo que pasa es que alguien se pone a hablar con otra persona y muchas veces terminan trabajando juntos\u00bb.\u00a0<\/em><\/p>\n<p>Para finalizar, Juliana Fortunato, de <a href=\"http:\/\/pulpopr.com\/\">Pulpo PR<\/a>\u00a0, a trav\u00e9s de casos reales, di\u00f3 a los chicos algunos consejos para cuando quieran promocionar sus emprendimientos en las redes sociales.<\/p>\n<p>El encuentro fue moderado por la conductora Vanesa Kliksberg. Participaron adem\u00e1s la directora nacional de Asuntos Federales, Mar\u00eda Jos\u00e9 Licio Rinaldi; junto a la responsable de formaci\u00f3n y capacitaci\u00f3n docente inicial y continua, Judit Schneider.<\/p>\n<p>Las pr\u00f3ximas jornadas con emprendedores est\u00e1n programadas para las siguientes fechas: 22\/5 \u2013 26\/6 \u2013 14\/8 \u2013 25\/9 \u2013 23\/10.<\/p>\n<p>&nbsp;<\/p>\n","protected":false},"excerpt":{"rendered":"<p>Estudiantes de los \u00faltimos a\u00f1os de escuelas secundarias t\u00e9cnicas de la Ciudad Aut\u00f3noma de Buenos Aires participaron de la primera de seis jornadas con emprendedores para fomentar su vocaci\u00f3n por innovar que se realiz\u00f3 en la sede del INET. El objetivo de estos encuentros es incentivar a estudiantes de la modalidad a encarar sus propios [&hellip;]<\/p>\n","protected":false},"author":7,"featured_media":24587,"comment_status":"closed","ping_status":"open","sticky":false,"template":"","format":"standard","meta":{"footnotes":""},"categories":[1,13],"tags":[],"class_list":["post-24575","post","type-post","status-publish","format-standard","has-post-thumbnail","hentry","category-noticias","category-noticias-slider"],"_links":{"self":[{"href":"https:\/\/www.inet.edu.ar\/index.php\/wp-json\/wp\/v2\/posts\/24575","targetHints":{"allow":["GET"]}}],"collection":[{"href":"https:\/\/www.inet.edu.ar\/index.php\/wp-json\/wp\/v2\/posts"}],"about":[{"href":"https:\/\/www.inet.edu.ar\/index.php\/wp-json\/wp\/v2\/types\/post"}],"author":[{"embeddable":true,"href":"https:\/\/www.inet.edu.ar\/index.php\/wp-json\/wp\/v2\/users\/7"}],"replies":[{"embeddable":true,"href":"https:\/\/www.inet.edu.ar\/index.php\/wp-json\/wp\/v2\/comments?post=24575"}],"version-history":[{"count":11,"href":"https:\/\/www.inet.edu.ar\/index.php\/wp-json\/wp\/v2\/posts\/24575\/revisions"}],"predecessor-version":[{"id":24586,"href":"https:\/\/www.inet.edu.ar\/index.php\/wp-json\/wp\/v2\/posts\/24575\/revisions\/24586"}],"wp:featuredmedia":[{"embeddable":true,"href":"https:\/\/www.inet.edu.ar\/index.php\/wp-json\/wp\/v2\/media\/24587"}],"wp:attachment":[{"href":"https:\/\/www.inet.edu.ar\/index.php\/wp-json\/wp\/v2\/media?parent=24575"}],"wp:term":[{"taxonomy":"category","embeddable":true,"href":"https:\/\/www.inet.edu.ar\/index.php\/wp-json\/wp\/v2\/categories?post=24575"},{"taxonomy":"post_tag","embeddable":true,"href":"https:\/\/www.inet.edu.ar\/index.php\/wp-json\/wp\/v2\/tags?post=24575"}],"curies":[{"name":"wp","href":"https:\/\/api.w.org\/{rel}","templated":true}]}}