{"id":24589,"date":"2018-04-19T18:19:59","date_gmt":"2018-04-19T21:19:59","guid":{"rendered":"https:\/\/www.inet.edu.ar\/?p=24589"},"modified":"2018-04-19T18:19:59","modified_gmt":"2018-04-19T21:19:59","slug":"foros-sectoriales-en-el-inet-dialogo-entre-educacion-y-sector-socioproductivo","status":"publish","type":"post","link":"https:\/\/www.inet.edu.ar\/index.php\/foros-sectoriales-en-el-inet-dialogo-entre-educacion-y-sector-socioproductivo\/","title":{"rendered":"Foros sectoriales en el INET: di\u00e1logo entre educaci\u00f3n y sector socioproductivo"},"content":{"rendered":"<p>El 17 y 18 de abril realizamos dos foros -de Inform\u00e1tica y de Metalmec\u00e1nica- que reunieron a representantes del estado, de los sectores productivos, de los colegios profesionales, de los docentes t\u00e9cnicos, e id\u00f3neos de la materia. El objetivo de ambos eventos fue establecer las necesidades formaci\u00f3n futuras en Educaci\u00f3n T\u00e9cnico Profesional para el sector, en el marco de las nuevas Tecnicaturas Superiores de especializaci\u00f3n.<\/p>\n<p>El martes tuvo el lugar el foro de Inform\u00e1tica, en el cual se analiz\u00f3 el Marco de Referencia del\u00a0T\u00e9cnico Superior en Ciencias de Datos e Inteligencia Artificial, y se comenz\u00f3 a trabajar en su perfil profesional. Adem\u00e1s, se defini\u00f3 el plan de trabajo para el resto del a\u00f1o. Participaron representantes del Ministerio de Producci\u00f3n de la Naci\u00f3n, de la Fundaci\u00f3n Gesti\u00f3n y Desarrollo, FACTec, y USUARIA.<\/p>\n<p>Hoy se realiz\u00f3 el foro de Metalmec\u00e1nica con representantes de\u00a0ADIMRA, ASIMRA, FNPT, UDA, CIMCC, FACTec y la UOM. Durante el encuentro se trabaj\u00f3 sobre el Marco de Referencia y el perfil profesional del T\u00e9cnico Superior en Dise\u00f1o y Desarrollo de Productos Mec\u00e1nicos.<\/p>\n<p>Encabezaron los foros el secretario permanente del CoNETyP, Marcelo Vaccaro; y el director nacional de Educaci\u00f3n T\u00e9cnico Profesional, Fabi\u00e1n Prieto.<\/p>\n<p><strong>Galer\u00eda de im\u00e1genes<\/strong><\/p>\n\n\t\t<style type=\"text\/css\">\n\t\t\t#gallery-1 {\n\t\t\t\tmargin: auto;\n\t\t\t}\n\t\t\t#gallery-1 .gallery-item {\n\t\t\t\tfloat: left;\n\t\t\t\tmargin-top: 10px;\n\t\t\t\ttext-align: center;\n\t\t\t\twidth: 50%;\n\t\t\t}\n\t\t\t#gallery-1 img {\n\t\t\t\tborder: 2px solid #cfcfcf;\n\t\t\t}\n\t\t\t#gallery-1 .gallery-caption {\n\t\t\t\tmargin-left: 0;\n\t\t\t}\n\t\t\t\/* see gallery_shortcode() in wp-includes\/media.php *\/\n\t\t<\/style>\n\t\t<div id='gallery-1' class='gallery galleryid-24589 gallery-columns-2 gallery-size-medium'><dl class='gallery-item'>\n\t\t\t<dt class='gallery-icon landscape'>\n\t\t\t\t<a href='https:\/\/www.inet.edu.ar\/index.php\/foros-sectoriales-en-el-inet-dialogo-entre-educacion-y-sector-socioproductivo\/2-102\/#main'><img loading=\"lazy\" decoding=\"async\" width=\"240\" height=\"180\" src=\"https:\/\/www.inet.edu.ar\/wp-content\/uploads\/2018\/04\/2-2-240x180.jpg\" class=\"attachment-medium size-medium\" alt=\"\" srcset=\"https:\/\/www.inet.edu.ar\/wp-content\/uploads\/2018\/04\/2-2-240x180.jpg 240w, https:\/\/www.inet.edu.ar\/wp-content\/uploads\/2018\/04\/2-2-768x576.jpg 768w, https:\/\/www.inet.edu.ar\/wp-content\/uploads\/2018\/04\/2-2-468x351.jpg 468w, https:\/\/www.inet.edu.ar\/wp-content\/uploads\/2018\/04\/2-2.jpg 1200w\" sizes=\"auto, (max-width: 240px) 100vw, 240px\" \/><\/a>\n\t\t\t<\/dt><\/dl><dl class='gallery-item'>\n\t\t\t<dt class='gallery-icon landscape'>\n\t\t\t\t<a href='https:\/\/www.inet.edu.ar\/index.php\/foros-sectoriales-en-el-inet-dialogo-entre-educacion-y-sector-socioproductivo\/1-128\/#main'><img loading=\"lazy\" decoding=\"async\" width=\"240\" height=\"180\" src=\"https:\/\/www.inet.edu.ar\/wp-content\/uploads\/2018\/04\/1-4-240x180.jpg\" class=\"attachment-medium size-medium\" alt=\"\" srcset=\"https:\/\/www.inet.edu.ar\/wp-content\/uploads\/2018\/04\/1-4-240x180.jpg 240w, https:\/\/www.inet.edu.ar\/wp-content\/uploads\/2018\/04\/1-4-768x576.jpg 768w, https:\/\/www.inet.edu.ar\/wp-content\/uploads\/2018\/04\/1-4-468x351.jpg 468w, https:\/\/www.inet.edu.ar\/wp-content\/uploads\/2018\/04\/1-4.jpg 1200w\" sizes=\"auto, (max-width: 240px) 100vw, 240px\" \/><\/a>\n\t\t\t<\/dt><\/dl><br style=\"clear: both\" \/>\n\t\t<\/div>\n\n","protected":false},"excerpt":{"rendered":"<p>El 17 y 18 de abril realizamos dos foros -de Inform\u00e1tica y de Metalmec\u00e1nica- que reunieron a representantes del estado, de los sectores productivos, de los colegios profesionales, de los docentes t\u00e9cnicos, e id\u00f3neos de la materia. El objetivo de ambos eventos fue establecer las necesidades formaci\u00f3n futuras en Educaci\u00f3n T\u00e9cnico Profesional para el sector, [&hellip;]<\/p>\n","protected":false},"author":7,"featured_media":24616,"comment_status":"closed","ping_status":"open","sticky":false,"template":"","format":"standard","meta":{"footnotes":""},"categories":[1,14],"tags":[],"class_list":["post-24589","post","type-post","status-publish","format-standard","has-post-thumbnail","hentry","category-noticias","category-noticias-fijas"],"_links":{"self":[{"href":"https:\/\/www.inet.edu.ar\/index.php\/wp-json\/wp\/v2\/posts\/24589","targetHints":{"allow":["GET"]}}],"collection":[{"href":"https:\/\/www.inet.edu.ar\/index.php\/wp-json\/wp\/v2\/posts"}],"about":[{"href":"https:\/\/www.inet.edu.ar\/index.php\/wp-json\/wp\/v2\/types\/post"}],"author":[{"embeddable":true,"href":"https:\/\/www.inet.edu.ar\/index.php\/wp-json\/wp\/v2\/users\/7"}],"replies":[{"embeddable":true,"href":"https:\/\/www.inet.edu.ar\/index.php\/wp-json\/wp\/v2\/comments?post=24589"}],"version-history":[{"count":12,"href":"https:\/\/www.inet.edu.ar\/index.php\/wp-json\/wp\/v2\/posts\/24589\/revisions"}],"predecessor-version":[{"id":24630,"href":"https:\/\/www.inet.edu.ar\/index.php\/wp-json\/wp\/v2\/posts\/24589\/revisions\/24630"}],"wp:featuredmedia":[{"embeddable":true,"href":"https:\/\/www.inet.edu.ar\/index.php\/wp-json\/wp\/v2\/media\/24616"}],"wp:attachment":[{"href":"https:\/\/www.inet.edu.ar\/index.php\/wp-json\/wp\/v2\/media?parent=24589"}],"wp:term":[{"taxonomy":"category","embeddable":true,"href":"https:\/\/www.inet.edu.ar\/index.php\/wp-json\/wp\/v2\/categories?post=24589"},{"taxonomy":"post_tag","embeddable":true,"href":"https:\/\/www.inet.edu.ar\/index.php\/wp-json\/wp\/v2\/tags?post=24589"}],"curies":[{"name":"wp","href":"https:\/\/api.w.org\/{rel}","templated":true}]}}