{"id":24718,"date":"2018-05-02T16:36:17","date_gmt":"2018-05-02T19:36:17","guid":{"rendered":"https:\/\/www.inet.edu.ar\/?p=24718"},"modified":"2018-05-03T12:35:37","modified_gmt":"2018-05-03T15:35:37","slug":"ampliacion-y-refaccion-integral-de-secundario-tecnico-de-santa-cruz","status":"publish","type":"post","link":"https:\/\/www.inet.edu.ar\/index.php\/ampliacion-y-refaccion-integral-de-secundario-tecnico-de-santa-cruz\/","title":{"rendered":"Ampliaci\u00f3n y refacci\u00f3n integral de Secundario T\u00e9cnico de Santa Cruz"},"content":{"rendered":"<p>El Ministerio de Educaci\u00f3n, a trav\u00e9s del INET, est\u00e1 ampliando y refaccionando la Escuela Industrial\u00a0N\u00b0 4 \u00abJos\u00e9 Men\u00e9ndez\u00bb de R\u00edo Gallegos.<\/p>\n<p>Se trata de una intervenci\u00f3n integral en la infraestructura f\u00edsica que beneficia a 1.200 estudiantes.\u00a0El monto de la inversi\u00f3n asciende a m\u00e1s de\u00a0$33.300.000.<\/p>\n<p>La obra (con avance de casi el 80%) se enmarca en el Programa 39 del INET- Aplicaci\u00f3n de la Res. 279\/16 del CFE.<\/p>\n<p>La\u00a0Escuela Industrial N\u00b0 04\u00a0brinda tres Tecnicaturas de nivel Secundario:\u00a0Maestro Mayor de Obras,\u00a0T\u00e9cnico Electr\u00f3nico,\u00a0T\u00e9cnico en Equipos e Instalaciones Electromec\u00e1nicas, y\u00a0T\u00e9cnico en Inform\u00e1tica. Para m\u00e1s informaci\u00f3n: <a href=\"http:\/\/catalogo.inet.edu.ar\/institucion\/escuela-industrial-n-04-jose-menendez-3903\">Cat\u00e1logo<\/a><\/p>\n<p><strong>Galer\u00eda de im\u00e1genes\u00a0<\/strong>(gentileza Consejo Provincial de Educaci\u00f3n de Santa Cruz)<\/p>\n\n\t\t<style type=\"text\/css\">\n\t\t\t#gallery-1 {\n\t\t\t\tmargin: auto;\n\t\t\t}\n\t\t\t#gallery-1 .gallery-item {\n\t\t\t\tfloat: left;\n\t\t\t\tmargin-top: 10px;\n\t\t\t\ttext-align: center;\n\t\t\t\twidth: 33%;\n\t\t\t}\n\t\t\t#gallery-1 img {\n\t\t\t\tborder: 2px solid #cfcfcf;\n\t\t\t}\n\t\t\t#gallery-1 .gallery-caption {\n\t\t\t\tmargin-left: 0;\n\t\t\t}\n\t\t\t\/* see gallery_shortcode() in wp-includes\/media.php *\/\n\t\t<\/style>\n\t\t<div id='gallery-1' class='gallery galleryid-24718 gallery-columns-3 gallery-size-medium'><dl class='gallery-item'>\n\t\t\t<dt class='gallery-icon landscape'>\n\t\t\t\t<a href='https:\/\/www.inet.edu.ar\/index.php\/ampliacion-y-refaccion-integral-de-secundario-tecnico-de-santa-cruz\/img-20180428-wa0014\/#main'><img loading=\"lazy\" decoding=\"async\" width=\"240\" height=\"159\" src=\"https:\/\/www.inet.edu.ar\/wp-content\/uploads\/2018\/05\/IMG-20180428-WA0014-240x159.jpg\" class=\"attachment-medium size-medium\" alt=\"\" srcset=\"https:\/\/www.inet.edu.ar\/wp-content\/uploads\/2018\/05\/IMG-20180428-WA0014-240x159.jpg 240w, https:\/\/www.inet.edu.ar\/wp-content\/uploads\/2018\/05\/IMG-20180428-WA0014-150x100.jpg 150w, https:\/\/www.inet.edu.ar\/wp-content\/uploads\/2018\/05\/IMG-20180428-WA0014-768x509.jpg 768w, https:\/\/www.inet.edu.ar\/wp-content\/uploads\/2018\/05\/IMG-20180428-WA0014-468x310.jpg 468w, https:\/\/www.inet.edu.ar\/wp-content\/uploads\/2018\/05\/IMG-20180428-WA0014.jpg 1150w\" sizes=\"auto, (max-width: 240px) 100vw, 240px\" \/><\/a>\n\t\t\t<\/dt><\/dl><dl class='gallery-item'>\n\t\t\t<dt class='gallery-icon landscape'>\n\t\t\t\t<a href='https:\/\/www.inet.edu.ar\/index.php\/ampliacion-y-refaccion-integral-de-secundario-tecnico-de-santa-cruz\/img-20180428-wa0023\/#main'><img loading=\"lazy\" decoding=\"async\" width=\"240\" height=\"159\" src=\"https:\/\/www.inet.edu.ar\/wp-content\/uploads\/2018\/05\/IMG-20180428-WA0023-240x159.jpg\" class=\"attachment-medium size-medium\" alt=\"\" srcset=\"https:\/\/www.inet.edu.ar\/wp-content\/uploads\/2018\/05\/IMG-20180428-WA0023-240x159.jpg 240w, https:\/\/www.inet.edu.ar\/wp-content\/uploads\/2018\/05\/IMG-20180428-WA0023-150x100.jpg 150w, https:\/\/www.inet.edu.ar\/wp-content\/uploads\/2018\/05\/IMG-20180428-WA0023-768x509.jpg 768w, https:\/\/www.inet.edu.ar\/wp-content\/uploads\/2018\/05\/IMG-20180428-WA0023-468x310.jpg 468w, https:\/\/www.inet.edu.ar\/wp-content\/uploads\/2018\/05\/IMG-20180428-WA0023.jpg 1232w\" sizes=\"auto, (max-width: 240px) 100vw, 240px\" \/><\/a>\n\t\t\t<\/dt><\/dl><dl class='gallery-item'>\n\t\t\t<dt class='gallery-icon landscape'>\n\t\t\t\t<a href='https:\/\/www.inet.edu.ar\/index.php\/ampliacion-y-refaccion-integral-de-secundario-tecnico-de-santa-cruz\/img-20180428-wa0015\/#main'><img loading=\"lazy\" decoding=\"async\" width=\"240\" height=\"156\" src=\"https:\/\/www.inet.edu.ar\/wp-content\/uploads\/2018\/05\/IMG-20180428-WA0015-240x156.jpg\" class=\"attachment-medium size-medium\" alt=\"\" srcset=\"https:\/\/www.inet.edu.ar\/wp-content\/uploads\/2018\/05\/IMG-20180428-WA0015-240x156.jpg 240w, https:\/\/www.inet.edu.ar\/wp-content\/uploads\/2018\/05\/IMG-20180428-WA0015-768x500.jpg 768w, https:\/\/www.inet.edu.ar\/wp-content\/uploads\/2018\/05\/IMG-20180428-WA0015-468x304.jpg 468w, https:\/\/www.inet.edu.ar\/wp-content\/uploads\/2018\/05\/IMG-20180428-WA0015.jpg 1216w\" sizes=\"auto, (max-width: 240px) 100vw, 240px\" \/><\/a>\n\t\t\t<\/dt><\/dl><br style=\"clear: both\" \/>\n\t\t<\/div>\n\n<p>&nbsp;<\/p>\n","protected":false},"excerpt":{"rendered":"<p>El Ministerio de Educaci\u00f3n, a trav\u00e9s del INET, est\u00e1 ampliando y refaccionando la Escuela Industrial\u00a0N\u00b0 4 \u00abJos\u00e9 Men\u00e9ndez\u00bb de R\u00edo Gallegos. Se trata de una intervenci\u00f3n integral en la infraestructura f\u00edsica que beneficia a 1.200 estudiantes.\u00a0El monto de la inversi\u00f3n asciende a m\u00e1s de\u00a0$33.300.000. La obra (con avance de casi el 80%) se enmarca en [&hellip;]<\/p>\n","protected":false},"author":7,"featured_media":24745,"comment_status":"closed","ping_status":"open","sticky":false,"template":"","format":"standard","meta":{"footnotes":""},"categories":[1,14],"tags":[],"class_list":["post-24718","post","type-post","status-publish","format-standard","has-post-thumbnail","hentry","category-noticias","category-noticias-fijas"],"_links":{"self":[{"href":"https:\/\/www.inet.edu.ar\/index.php\/wp-json\/wp\/v2\/posts\/24718","targetHints":{"allow":["GET"]}}],"collection":[{"href":"https:\/\/www.inet.edu.ar\/index.php\/wp-json\/wp\/v2\/posts"}],"about":[{"href":"https:\/\/www.inet.edu.ar\/index.php\/wp-json\/wp\/v2\/types\/post"}],"author":[{"embeddable":true,"href":"https:\/\/www.inet.edu.ar\/index.php\/wp-json\/wp\/v2\/users\/7"}],"replies":[{"embeddable":true,"href":"https:\/\/www.inet.edu.ar\/index.php\/wp-json\/wp\/v2\/comments?post=24718"}],"version-history":[{"count":7,"href":"https:\/\/www.inet.edu.ar\/index.php\/wp-json\/wp\/v2\/posts\/24718\/revisions"}],"predecessor-version":[{"id":24729,"href":"https:\/\/www.inet.edu.ar\/index.php\/wp-json\/wp\/v2\/posts\/24718\/revisions\/24729"}],"wp:featuredmedia":[{"embeddable":true,"href":"https:\/\/www.inet.edu.ar\/index.php\/wp-json\/wp\/v2\/media\/24745"}],"wp:attachment":[{"href":"https:\/\/www.inet.edu.ar\/index.php\/wp-json\/wp\/v2\/media?parent=24718"}],"wp:term":[{"taxonomy":"category","embeddable":true,"href":"https:\/\/www.inet.edu.ar\/index.php\/wp-json\/wp\/v2\/categories?post=24718"},{"taxonomy":"post_tag","embeddable":true,"href":"https:\/\/www.inet.edu.ar\/index.php\/wp-json\/wp\/v2\/tags?post=24718"}],"curies":[{"name":"wp","href":"https:\/\/api.w.org\/{rel}","templated":true}]}}