{"id":24730,"date":"2018-05-02T19:00:52","date_gmt":"2018-05-02T22:00:52","guid":{"rendered":"https:\/\/www.inet.edu.ar\/?p=24730"},"modified":"2018-05-02T19:00:52","modified_gmt":"2018-05-02T22:00:52","slug":"realizamos-un-foro-agropecuario-para-trabajar-sobre-las-necesidades-de-formacion-del-sector","status":"publish","type":"post","link":"https:\/\/www.inet.edu.ar\/index.php\/realizamos-un-foro-agropecuario-para-trabajar-sobre-las-necesidades-de-formacion-del-sector\/","title":{"rendered":"Realizamos un Foro agropecuario para trabajar sobre las necesidades de formaci\u00f3n del sector"},"content":{"rendered":"<p>Realizamos hoy en el INET un foro sectorial agropecuario que reuni\u00f3 a representantes del estado, de los sectores productivos y de los docentes t\u00e9cnicos, entre otros.\u00a0El objetivo del encuentro fue trabajar sobre los perfiles profesionales en funci\u00f3n de las nuevas necesidades de las escuelas agrot\u00e9cnicas.<\/p>\n<p>Encabezaron el foro el director nacional de Educaci\u00f3n T\u00e9cnico Profesional, Fabi\u00e1n Prieto; el secretario permanente del <a href=\"https:\/\/www.inet.edu.ar\/index.php\/institucional\/conetyp\/\">CoNETyP<\/a>, Marcelo Vaccaro; junto a la\u00a0directora nacional de Escuelas T\u00e9cnicas Agropecuarias y Rurales (Ministerio de Agroindustria), Victoria Zorraquin.<\/p>\n<p><em>\u00abSe convoca el foro con el fin de dar marco a los perfiles profesionales y trabajar con los marcos de referencia del sector. Asimismo, queremos establecer tem\u00e1ticas para esta nueva Educaci\u00f3n Media Agrot\u00e9cnica\u00bb<\/em>, manifest\u00f3 Fabi\u00e1n Prieto al dar inicio al foro.<\/p>\n<p>Durante la reuni\u00f3n, se trataron tem\u00e1ticas relacionadas con las nuevas necesidades de formaci\u00f3n del sector, con Automatizaci\u00f3n y Control, Biotecnolog\u00eda y la ense\u00f1anza basada en proyectos. Adem\u00e1s, se plante\u00f3 el plan de trabajo para lo que resta del a\u00f1o.<\/p>\n<p>Participaron representantes de distintas direcciones del Ministerio de Agroindustria, de la Sociedad Rural Argentina (SRA), Instituto Nacional de Tecnolog\u00eda Agropecuaria (INTA), de la Facultad de Agronom\u00eda de La Plata, Asociaci\u00f3n Argentina de Consorcios Regionales de Experimentaci\u00f3n Agr\u00edcola (AACREA), Universidad de Ciencias Empresariales y Sociales (UCES), Confederaci\u00f3n de Asociaciones Rurales de Buenos Aires y La Pampa (CARBAP), Asociaci\u00f3n Pro Calidad de la Leche y sus derivados (APROCAL), Fundaci\u00f3n ArgenINTA, Federaci\u00f3n Agraria Argentina (FAA),\u00a0de la Asociaci\u00f3n del Magisterio de Ense\u00f1anza T\u00e9cnica (AMET), de Software Agropecuario y Agr\u00edcola de gesti\u00f3n (SISMAGRO), entre otros.<\/p>\n<p>Para m\u00e1s informaci\u00f3n: <a href=\"https:\/\/www.inet.edu.ar\/index.php\/institucional\/conetyp\/foros-sectoriales\/\">Foros Sectoriales<\/a><\/p>\n<p><strong>Galer\u00eda de im\u00e1genes<\/strong><\/p>\n\n\t\t<style type=\"text\/css\">\n\t\t\t#gallery-1 {\n\t\t\t\tmargin: auto;\n\t\t\t}\n\t\t\t#gallery-1 .gallery-item {\n\t\t\t\tfloat: left;\n\t\t\t\tmargin-top: 10px;\n\t\t\t\ttext-align: center;\n\t\t\t\twidth: 50%;\n\t\t\t}\n\t\t\t#gallery-1 img {\n\t\t\t\tborder: 2px solid #cfcfcf;\n\t\t\t}\n\t\t\t#gallery-1 .gallery-caption {\n\t\t\t\tmargin-left: 0;\n\t\t\t}\n\t\t\t\/* see gallery_shortcode() in wp-includes\/media.php *\/\n\t\t<\/style>\n\t\t<div id='gallery-1' class='gallery galleryid-24730 gallery-columns-2 gallery-size-medium'><dl class='gallery-item'>\n\t\t\t<dt class='gallery-icon landscape'>\n\t\t\t\t<a href='https:\/\/www.inet.edu.ar\/index.php\/realizamos-un-foro-agropecuario-para-trabajar-sobre-las-necesidades-de-formacion-del-sector\/1-130\/#main'><img loading=\"lazy\" decoding=\"async\" width=\"240\" height=\"135\" src=\"https:\/\/www.inet.edu.ar\/wp-content\/uploads\/2018\/05\/1-240x135.jpg\" class=\"attachment-medium size-medium\" alt=\"\" srcset=\"https:\/\/www.inet.edu.ar\/wp-content\/uploads\/2018\/05\/1-240x135.jpg 240w, https:\/\/www.inet.edu.ar\/wp-content\/uploads\/2018\/05\/1-768x431.jpg 768w, https:\/\/www.inet.edu.ar\/wp-content\/uploads\/2018\/05\/1-468x263.jpg 468w, https:\/\/www.inet.edu.ar\/wp-content\/uploads\/2018\/05\/1.jpg 1200w\" sizes=\"auto, (max-width: 240px) 100vw, 240px\" \/><\/a>\n\t\t\t<\/dt><\/dl><dl class='gallery-item'>\n\t\t\t<dt class='gallery-icon landscape'>\n\t\t\t\t<a href='https:\/\/www.inet.edu.ar\/index.php\/realizamos-un-foro-agropecuario-para-trabajar-sobre-las-necesidades-de-formacion-del-sector\/2-104\/#main'><img loading=\"lazy\" decoding=\"async\" width=\"240\" height=\"135\" src=\"https:\/\/www.inet.edu.ar\/wp-content\/uploads\/2018\/05\/2-240x135.jpg\" class=\"attachment-medium size-medium\" alt=\"\" srcset=\"https:\/\/www.inet.edu.ar\/wp-content\/uploads\/2018\/05\/2-240x135.jpg 240w, https:\/\/www.inet.edu.ar\/wp-content\/uploads\/2018\/05\/2-768x431.jpg 768w, https:\/\/www.inet.edu.ar\/wp-content\/uploads\/2018\/05\/2-468x263.jpg 468w, https:\/\/www.inet.edu.ar\/wp-content\/uploads\/2018\/05\/2.jpg 1200w\" sizes=\"auto, (max-width: 240px) 100vw, 240px\" \/><\/a>\n\t\t\t<\/dt><\/dl><br style=\"clear: both\" \/>\n\t\t<\/div>\n\n<p>&nbsp;<\/p>\n","protected":false},"excerpt":{"rendered":"<p>Realizamos hoy en el INET un foro sectorial agropecuario que reuni\u00f3 a representantes del estado, de los sectores productivos y de los docentes t\u00e9cnicos, entre otros.\u00a0El objetivo del encuentro fue trabajar sobre los perfiles profesionales en funci\u00f3n de las nuevas necesidades de las escuelas agrot\u00e9cnicas. Encabezaron el foro el director nacional de Educaci\u00f3n T\u00e9cnico Profesional, [&hellip;]<\/p>\n","protected":false},"author":7,"featured_media":24738,"comment_status":"closed","ping_status":"open","sticky":false,"template":"","format":"standard","meta":{"footnotes":""},"categories":[1,14],"tags":[],"class_list":["post-24730","post","type-post","status-publish","format-standard","has-post-thumbnail","hentry","category-noticias","category-noticias-fijas"],"_links":{"self":[{"href":"https:\/\/www.inet.edu.ar\/index.php\/wp-json\/wp\/v2\/posts\/24730","targetHints":{"allow":["GET"]}}],"collection":[{"href":"https:\/\/www.inet.edu.ar\/index.php\/wp-json\/wp\/v2\/posts"}],"about":[{"href":"https:\/\/www.inet.edu.ar\/index.php\/wp-json\/wp\/v2\/types\/post"}],"author":[{"embeddable":true,"href":"https:\/\/www.inet.edu.ar\/index.php\/wp-json\/wp\/v2\/users\/7"}],"replies":[{"embeddable":true,"href":"https:\/\/www.inet.edu.ar\/index.php\/wp-json\/wp\/v2\/comments?post=24730"}],"version-history":[{"count":8,"href":"https:\/\/www.inet.edu.ar\/index.php\/wp-json\/wp\/v2\/posts\/24730\/revisions"}],"predecessor-version":[{"id":24740,"href":"https:\/\/www.inet.edu.ar\/index.php\/wp-json\/wp\/v2\/posts\/24730\/revisions\/24740"}],"wp:featuredmedia":[{"embeddable":true,"href":"https:\/\/www.inet.edu.ar\/index.php\/wp-json\/wp\/v2\/media\/24738"}],"wp:attachment":[{"href":"https:\/\/www.inet.edu.ar\/index.php\/wp-json\/wp\/v2\/media?parent=24730"}],"wp:term":[{"taxonomy":"category","embeddable":true,"href":"https:\/\/www.inet.edu.ar\/index.php\/wp-json\/wp\/v2\/categories?post=24730"},{"taxonomy":"post_tag","embeddable":true,"href":"https:\/\/www.inet.edu.ar\/index.php\/wp-json\/wp\/v2\/tags?post=24730"}],"curies":[{"name":"wp","href":"https:\/\/api.w.org\/{rel}","templated":true}]}}