{"id":25702,"date":"2018-07-12T17:17:42","date_gmt":"2018-07-12T20:17:42","guid":{"rendered":"https:\/\/www.inet.edu.ar\/?p=25702"},"modified":"2018-07-12T17:17:42","modified_gmt":"2018-07-12T20:17:42","slug":"nuevo-laboratorio-de-autotronica-para-practicas-educativas","status":"publish","type":"post","link":"https:\/\/www.inet.edu.ar\/index.php\/nuevo-laboratorio-de-autotronica-para-practicas-educativas\/","title":{"rendered":"Nuevo laboratorio de Autotr\u00f3nica para pr\u00e1cticas educativas"},"content":{"rendered":"<p>El Ministerio de Educaci\u00f3n de la Naci\u00f3n, a trav\u00e9s del Instituto Nacional de Educaci\u00f3n Tecnol\u00f3gica (INET), firm\u00f3 un convenio con Toyota Argentina SA y el Sindicato de Mec\u00e1nicos y Afines del Transporte Automotor (SMATA) para poner en funcionamiento un laboratorio de Autotr\u00f3nica en el Instituto.<\/p>\n<p>Se trata de un laboratorio modelo que, en el marco de la transformaci\u00f3n de la\u00a0Secundaria T\u00e9cnica 2030, permitir\u00e1 a los alumnos desarrollar capacidades vinculadas a su perfil profesional y potenciar sus pr\u00e1cticas educativas. Este laboratorio formar\u00e1 parte de los que ya est\u00e1n en funcionamiento en el INET.<\/p>\n<p>Con este convenio, las partes se comprometen a realizar actividades de cooperaci\u00f3n institucional y asistencia t\u00e9cnica destinadas a fortalecer las pol\u00edticas educativas nacionales de Formaci\u00f3n Profesional y su vinculaci\u00f3n con los requerimientos socioproductivos del sector automotriz, a mejorar los niveles de calificaci\u00f3n del personal ocupado, y a promover la inserci\u00f3n de j\u00f3venes profesionales en la cadena de valor del sector automotriz.\u00a0Toyota se compromete a colaborar con el equipamiento necesario y SMATA proveer\u00e1 los perfiles, dise\u00f1os pedag\u00f3gicos y materiales did\u00e1cticos.<\/p>\n<p>Participaron de la firma el ministro Alejandro Finocchiaro; el director ejecutivo del INET, Leandro Goroyesky; el presidente de la empresa, Daniel Herrero; y el secretario adjunto del Sindicato, Mario Manrique.<\/p>\n<p>Tras la r\u00fabrica del convenio, Finocchiaro manifest\u00f3: <em>\u00abHoy estamos creando el futuro de los argentinos, \u00e9sta es la filosof\u00eda de Argentina que debe generarse\u201d. Y agreg\u00f3:\u201d El sector automotriz es din\u00e1mico, ha incorporado cambios por los avances tecnol\u00f3gicos y esto requiere capacitaci\u00f3n para que los j\u00f3venes se puedan insertar en trabajos que quiz\u00e1s ni est\u00e1n inventados todav\u00eda\u00bb.<\/em><\/p>\n<p><em>\u201cAc\u00e1 est\u00e1n representados el gobierno, el sector privado y los trabajadores. Lo tenemos que hacer juntos y para todos\u00bb<\/em>, finaliz\u00f3 el ministro.<\/p>\n<p>Por su parte, el Goroyesky destac\u00f3: <em>\u00abDesde el INET tomamos el desaf\u00edo de transformar la escuela secundaria t\u00e9cnica. En este contexto, junto a Toyota y SMATA queremos poner en funcionamiento el laboratorio y seguimos trabajando por la terminalidad educativa de los alumnos y para que puedan estar preparados para la industria automotriz.\u00bb<\/em><\/p>\n<p>El presidente de Toyota manifest\u00f3 el compromiso de la empresa con el sector educativo: <em>\u00abLa educaci\u00f3n es la fuente de todo lo que hacemos. Laboratorios como \u00e9ste permitir\u00e1n a los alumnos tener una salida al futuro y a los cambios tecnol\u00f3gicos\u00bb.<\/em><\/p>\n<p>El secretario de SMATA asegur\u00f3 que su sindicato tiene por objetivo capacitar a los trabajadores para seguir teniendo la mejor mano de obra de Latinoam\u00e9rica.<\/p>\n<p>La r\u00fabrica tuvo lugar en el marco del Seminario <strong>\u201cEl futuro de la Industria automotriz y las necesidades de Formaci\u00f3n de Recursos humanos frente a los nuevos conceptos\u201d<\/strong> que los tres organismos realizaron con el objetivo de intercambiar opiniones y experiencias en relaci\u00f3n al futuro de la Industria Automotriz, a la formaci\u00f3n de recursos humanos, y a los desaf\u00edos de la Educaci\u00f3n T\u00e9cnico Profesional en este contexto.<\/p>\n<p>Estuvieron presentes supervisores, directores, docentes y estudiantes de escuelas t\u00e9cnicas y centros de Formaci\u00f3n Profesional Ciudad y de Provincia de Buenos Aires, as\u00ed como referentes del sector automotriz.<\/p>\n<p>Del INET participaron adem\u00e1s el director nacional de ETP, Fabi\u00e1n Prieto; la directora nacional de Asuntos Federales, Mar\u00eda Jos\u00e9 Licio Rinaldi; el secretario permanente del CoNETyP, Marcelo Vaccaro; el coordinador nacional de Secundaria T\u00e9cnica, Alejandro Anchava; la\u00a0responsable de Formaci\u00f3n Docente Inicial y Continua, Judit Schneider. De Toyota, el director Diego Prado y la coordinadora de Educaci\u00f3n, Alicia Segura; de SMATA el secretario de Cultura , Jorge S\u00e1nchez; y el director de Formaci\u00f3n Profesional de , Juan Cerabona; entre otros.<\/p>\n<p><strong>Galer\u00eda de im\u00e1genes<\/strong><\/p>\n\n\t\t<style type=\"text\/css\">\n\t\t\t#gallery-1 {\n\t\t\t\tmargin: auto;\n\t\t\t}\n\t\t\t#gallery-1 .gallery-item {\n\t\t\t\tfloat: left;\n\t\t\t\tmargin-top: 10px;\n\t\t\t\ttext-align: center;\n\t\t\t\twidth: 33%;\n\t\t\t}\n\t\t\t#gallery-1 img {\n\t\t\t\tborder: 2px solid #cfcfcf;\n\t\t\t}\n\t\t\t#gallery-1 .gallery-caption {\n\t\t\t\tmargin-left: 0;\n\t\t\t}\n\t\t\t\/* see gallery_shortcode() in wp-includes\/media.php *\/\n\t\t<\/style>\n\t\t<div id='gallery-1' class='gallery galleryid-25702 gallery-columns-3 gallery-size-medium'><dl class='gallery-item'>\n\t\t\t<dt class='gallery-icon landscape'>\n\t\t\t\t<a href='https:\/\/www.inet.edu.ar\/index.php\/nuevo-laboratorio-de-autotronica-para-practicas-educativas\/img_5124\/#main'><img loading=\"lazy\" decoding=\"async\" width=\"240\" height=\"135\" src=\"https:\/\/www.inet.edu.ar\/wp-content\/uploads\/2018\/07\/IMG_5124-240x135.jpg\" class=\"attachment-medium size-medium\" alt=\"\" srcset=\"https:\/\/www.inet.edu.ar\/wp-content\/uploads\/2018\/07\/IMG_5124-240x135.jpg 240w, https:\/\/www.inet.edu.ar\/wp-content\/uploads\/2018\/07\/IMG_5124-768x431.jpg 768w, https:\/\/www.inet.edu.ar\/wp-content\/uploads\/2018\/07\/IMG_5124-468x263.jpg 468w\" sizes=\"auto, (max-width: 240px) 100vw, 240px\" \/><\/a>\n\t\t\t<\/dt><\/dl><dl class='gallery-item'>\n\t\t\t<dt class='gallery-icon landscape'>\n\t\t\t\t<a href='https:\/\/www.inet.edu.ar\/index.php\/nuevo-laboratorio-de-autotronica-para-practicas-educativas\/foto18\/#main'><img loading=\"lazy\" decoding=\"async\" width=\"240\" height=\"135\" src=\"https:\/\/www.inet.edu.ar\/wp-content\/uploads\/2018\/07\/Foto18-240x135.jpg\" class=\"attachment-medium size-medium\" alt=\"\" srcset=\"https:\/\/www.inet.edu.ar\/wp-content\/uploads\/2018\/07\/Foto18-240x135.jpg 240w, https:\/\/www.inet.edu.ar\/wp-content\/uploads\/2018\/07\/Foto18-768x431.jpg 768w, https:\/\/www.inet.edu.ar\/wp-content\/uploads\/2018\/07\/Foto18-468x263.jpg 468w\" sizes=\"auto, (max-width: 240px) 100vw, 240px\" \/><\/a>\n\t\t\t<\/dt><\/dl><dl class='gallery-item'>\n\t\t\t<dt class='gallery-icon landscape'>\n\t\t\t\t<a href='https:\/\/www.inet.edu.ar\/index.php\/nuevo-laboratorio-de-autotronica-para-practicas-educativas\/foto13\/#main'><img loading=\"lazy\" decoding=\"async\" width=\"240\" height=\"135\" src=\"https:\/\/www.inet.edu.ar\/wp-content\/uploads\/2018\/07\/Foto13-240x135.jpg\" class=\"attachment-medium size-medium\" alt=\"\" srcset=\"https:\/\/www.inet.edu.ar\/wp-content\/uploads\/2018\/07\/Foto13-240x135.jpg 240w, https:\/\/www.inet.edu.ar\/wp-content\/uploads\/2018\/07\/Foto13-768x431.jpg 768w, https:\/\/www.inet.edu.ar\/wp-content\/uploads\/2018\/07\/Foto13-468x263.jpg 468w\" sizes=\"auto, (max-width: 240px) 100vw, 240px\" \/><\/a>\n\t\t\t<\/dt><\/dl><br style=\"clear: both\" \/><dl class='gallery-item'>\n\t\t\t<dt class='gallery-icon landscape'>\n\t\t\t\t<a href='https:\/\/www.inet.edu.ar\/index.php\/nuevo-laboratorio-de-autotronica-para-practicas-educativas\/foto14\/#main'><img loading=\"lazy\" decoding=\"async\" width=\"240\" height=\"135\" src=\"https:\/\/www.inet.edu.ar\/wp-content\/uploads\/2018\/07\/Foto14-240x135.jpg\" class=\"attachment-medium size-medium\" alt=\"\" srcset=\"https:\/\/www.inet.edu.ar\/wp-content\/uploads\/2018\/07\/Foto14-240x135.jpg 240w, https:\/\/www.inet.edu.ar\/wp-content\/uploads\/2018\/07\/Foto14-768x431.jpg 768w, https:\/\/www.inet.edu.ar\/wp-content\/uploads\/2018\/07\/Foto14-468x263.jpg 468w\" sizes=\"auto, (max-width: 240px) 100vw, 240px\" \/><\/a>\n\t\t\t<\/dt><\/dl><dl class='gallery-item'>\n\t\t\t<dt class='gallery-icon landscape'>\n\t\t\t\t<a href='https:\/\/www.inet.edu.ar\/index.php\/nuevo-laboratorio-de-autotronica-para-practicas-educativas\/foto15\/#main'><img loading=\"lazy\" decoding=\"async\" width=\"240\" height=\"135\" src=\"https:\/\/www.inet.edu.ar\/wp-content\/uploads\/2018\/07\/Foto15-240x135.jpg\" class=\"attachment-medium size-medium\" alt=\"\" srcset=\"https:\/\/www.inet.edu.ar\/wp-content\/uploads\/2018\/07\/Foto15-240x135.jpg 240w, https:\/\/www.inet.edu.ar\/wp-content\/uploads\/2018\/07\/Foto15-768x431.jpg 768w, https:\/\/www.inet.edu.ar\/wp-content\/uploads\/2018\/07\/Foto15-468x263.jpg 468w\" sizes=\"auto, (max-width: 240px) 100vw, 240px\" \/><\/a>\n\t\t\t<\/dt><\/dl><dl class='gallery-item'>\n\t\t\t<dt class='gallery-icon landscape'>\n\t\t\t\t<a href='https:\/\/www.inet.edu.ar\/index.php\/nuevo-laboratorio-de-autotronica-para-practicas-educativas\/foto12-2\/#main'><img loading=\"lazy\" decoding=\"async\" width=\"240\" height=\"135\" src=\"https:\/\/www.inet.edu.ar\/wp-content\/uploads\/2018\/07\/Foto12-240x135.jpg\" class=\"attachment-medium size-medium\" alt=\"\" srcset=\"https:\/\/www.inet.edu.ar\/wp-content\/uploads\/2018\/07\/Foto12-240x135.jpg 240w, https:\/\/www.inet.edu.ar\/wp-content\/uploads\/2018\/07\/Foto12-768x431.jpg 768w, https:\/\/www.inet.edu.ar\/wp-content\/uploads\/2018\/07\/Foto12-468x263.jpg 468w\" sizes=\"auto, (max-width: 240px) 100vw, 240px\" \/><\/a>\n\t\t\t<\/dt><\/dl><br style=\"clear: both\" \/>\n\t\t<\/div>\n\n<p>&nbsp;<\/p>\n","protected":false},"excerpt":{"rendered":"<p>El Ministerio de Educaci\u00f3n de la Naci\u00f3n, a trav\u00e9s del Instituto Nacional de Educaci\u00f3n Tecnol\u00f3gica (INET), firm\u00f3 un convenio con Toyota Argentina SA y el Sindicato de Mec\u00e1nicos y Afines del Transporte Automotor (SMATA) para poner en funcionamiento un laboratorio de Autotr\u00f3nica en el Instituto. Se trata de un laboratorio modelo que, en el marco [&hellip;]<\/p>\n","protected":false},"author":7,"featured_media":25742,"comment_status":"closed","ping_status":"open","sticky":false,"template":"","format":"standard","meta":{"footnotes":""},"categories":[1,13],"tags":[],"class_list":["post-25702","post","type-post","status-publish","format-standard","has-post-thumbnail","hentry","category-noticias","category-noticias-slider"],"_links":{"self":[{"href":"https:\/\/www.inet.edu.ar\/index.php\/wp-json\/wp\/v2\/posts\/25702","targetHints":{"allow":["GET"]}}],"collection":[{"href":"https:\/\/www.inet.edu.ar\/index.php\/wp-json\/wp\/v2\/posts"}],"about":[{"href":"https:\/\/www.inet.edu.ar\/index.php\/wp-json\/wp\/v2\/types\/post"}],"author":[{"embeddable":true,"href":"https:\/\/www.inet.edu.ar\/index.php\/wp-json\/wp\/v2\/users\/7"}],"replies":[{"embeddable":true,"href":"https:\/\/www.inet.edu.ar\/index.php\/wp-json\/wp\/v2\/comments?post=25702"}],"version-history":[{"count":28,"href":"https:\/\/www.inet.edu.ar\/index.php\/wp-json\/wp\/v2\/posts\/25702\/revisions"}],"predecessor-version":[{"id":25749,"href":"https:\/\/www.inet.edu.ar\/index.php\/wp-json\/wp\/v2\/posts\/25702\/revisions\/25749"}],"wp:featuredmedia":[{"embeddable":true,"href":"https:\/\/www.inet.edu.ar\/index.php\/wp-json\/wp\/v2\/media\/25742"}],"wp:attachment":[{"href":"https:\/\/www.inet.edu.ar\/index.php\/wp-json\/wp\/v2\/media?parent=25702"}],"wp:term":[{"taxonomy":"category","embeddable":true,"href":"https:\/\/www.inet.edu.ar\/index.php\/wp-json\/wp\/v2\/categories?post=25702"},{"taxonomy":"post_tag","embeddable":true,"href":"https:\/\/www.inet.edu.ar\/index.php\/wp-json\/wp\/v2\/tags?post=25702"}],"curies":[{"name":"wp","href":"https:\/\/api.w.org\/{rel}","templated":true}]}}