{"id":25823,"date":"2018-08-06T15:16:56","date_gmt":"2018-08-06T18:16:56","guid":{"rendered":"https:\/\/www.inet.edu.ar\/?p=25823"},"modified":"2018-08-10T17:44:20","modified_gmt":"2018-08-10T20:44:20","slug":"jornada-sobre-aula-invertida-un-encuentro-para-modernizar-la-ensenanza","status":"publish","type":"post","link":"https:\/\/www.inet.edu.ar\/index.php\/jornada-sobre-aula-invertida-un-encuentro-para-modernizar-la-ensenanza\/","title":{"rendered":"Jornada sobre Aula Invertida: Un encuentro para modernizar la ense\u00f1anza"},"content":{"rendered":"<p>Se realiz\u00f3 hoy en el auditorio del INET una disertaci\u00f3n sobre el modelo de innovaci\u00f3n pedag\u00f3gica \u00abAula Invertida\u00bb (Flipped Classroom).<\/p>\n<p>El objetivo de este encuentro fue dar a conocer el modelo \u201cAula Invertida\u201d, que propone acabar con las clases magistrales y aburridas. Con elementos multimediales, un enfoque individual y metas espec\u00edficas, es ideal para que cada cual aprenda a su ritmo. Este modelo pedag\u00f3gico se basa en la concepci\u00f3n de que el alumno puede obtener informaci\u00f3n en un tiempo y lugar que no requiere la presencia f\u00edsica del profesor\/a. Se trata de un nuevo modelo pedag\u00f3gico que ofrece un enfoque integral para incrementar el compromiso y la implicaci\u00f3n del alumno en la ense\u00f1anza, haciendo que forme parte de su creaci\u00f3n, permitiendo al profesor dar un tratamiento m\u00e1s individualizado.<\/p>\n<p>Participaron los expertos espa\u00f1oles Ra\u00fal Santiago Campi\u00f3n, de la Universidad de La Rioja, y Alicia D\u00edaz Ochoa, de la Universidad de Navarra.\u00a0La disertaci\u00f3n fue moderada por\u00a0Laura Manolakis, docente universitaria e investigadora del Ministerio de Educaci\u00f3n.<\/p>\n<p>Frente a directivos y docentes de instituciones t\u00e9cnicas y orientadas, el director ejecutivo del INET, Leandro Goroyesky, abri\u00f3 la jornada manifestando la importancia de innovar en el sistema educativo. <em>\u00abLas nuevas tecnolog\u00edas irrumpen. Estamos en la obligaci\u00f3n de mirar el mundo para tomar ideas y adaptarlas a nuestra realidad\u00bb,\u00a0<\/em>afirm\u00f3.<\/p>\n<p>El profesor Ra\u00fal Santiago Campi\u00f3n habl\u00f3 sobre al Aprendizaje Basado en Problemas (ABP); sobre lo que hace aprender a los alumnos y c\u00f3mo motivarlos atendiendo a sus diferentes capacidades; que durante el tiempo del aula se solucionen dudas;\u00a0que el docente cree contenidos y lo distribuya a trav\u00e9s de las nuevas tecnolog\u00edas; entre otras tem\u00e1ticas. Adem\u00e1s, manifest\u00f3 que flipped Classroom es un modelo, una estrategia pedag\u00f3gica a trav\u00e9s de la cual se desarrollan estrategias cognitivas.<\/p>\n<p>Por su parte, la profesora\u00a0Alicia D\u00edaz Ochoa cont\u00f3 las experiencias de docentes que ya est\u00e1n trabajando con este modelo, exponiendo los problemas que se le presentaron y c\u00f3mo los solucionaron.<\/p>\n<p>Una de las participantes, la docente de Entre R\u00edos Moira Pereyra, consider\u00f3 que aprendi\u00f3 mucho en la jornada al mismo tiempo que manifest\u00f3 poder aplicar esta herramienta en sus clases y poder transmitirla a otros docentes de su instituci\u00f3n.<\/p>\n<p>Adem\u00e1s del director ejecutivo del INET, participaron la responsable de Formaci\u00f3n Docente Inicial y Continua (INET), Judit Schneider, y la referente pedag\u00f3gica de la Plataforma Guacurari (Misiones), Sandra Bonetti.<\/p>\n<p><strong>Galer\u00eda de im\u00e1genes<\/strong><\/p>\n\n\t\t<style type=\"text\/css\">\n\t\t\t#gallery-1 {\n\t\t\t\tmargin: auto;\n\t\t\t}\n\t\t\t#gallery-1 .gallery-item {\n\t\t\t\tfloat: left;\n\t\t\t\tmargin-top: 10px;\n\t\t\t\ttext-align: center;\n\t\t\t\twidth: 33%;\n\t\t\t}\n\t\t\t#gallery-1 img {\n\t\t\t\tborder: 2px solid #cfcfcf;\n\t\t\t}\n\t\t\t#gallery-1 .gallery-caption {\n\t\t\t\tmargin-left: 0;\n\t\t\t}\n\t\t\t\/* see gallery_shortcode() in wp-includes\/media.php *\/\n\t\t<\/style>\n\t\t<div id='gallery-1' class='gallery galleryid-25823 gallery-columns-3 gallery-size-medium'><dl class='gallery-item'>\n\t\t\t<dt class='gallery-icon landscape'>\n\t\t\t\t<a href='https:\/\/www.inet.edu.ar\/index.php\/jornada-sobre-aula-invertida-un-encuentro-para-modernizar-la-ensenanza\/img_5570\/#main'><img loading=\"lazy\" decoding=\"async\" width=\"240\" height=\"135\" src=\"https:\/\/www.inet.edu.ar\/wp-content\/uploads\/2018\/08\/IMG_5570-240x135.jpg\" class=\"attachment-medium size-medium\" alt=\"\" srcset=\"https:\/\/www.inet.edu.ar\/wp-content\/uploads\/2018\/08\/IMG_5570-240x135.jpg 240w, https:\/\/www.inet.edu.ar\/wp-content\/uploads\/2018\/08\/IMG_5570-768x431.jpg 768w, https:\/\/www.inet.edu.ar\/wp-content\/uploads\/2018\/08\/IMG_5570-468x263.jpg 468w\" sizes=\"auto, (max-width: 240px) 100vw, 240px\" \/><\/a>\n\t\t\t<\/dt><\/dl><dl class='gallery-item'>\n\t\t\t<dt class='gallery-icon landscape'>\n\t\t\t\t<a href='https:\/\/www.inet.edu.ar\/index.php\/jornada-sobre-aula-invertida-un-encuentro-para-modernizar-la-ensenanza\/foto00\/#main'><img loading=\"lazy\" decoding=\"async\" width=\"240\" height=\"135\" src=\"https:\/\/www.inet.edu.ar\/wp-content\/uploads\/2018\/08\/Foto00-240x135.jpg\" class=\"attachment-medium size-medium\" alt=\"\" srcset=\"https:\/\/www.inet.edu.ar\/wp-content\/uploads\/2018\/08\/Foto00-240x135.jpg 240w, https:\/\/www.inet.edu.ar\/wp-content\/uploads\/2018\/08\/Foto00-768x431.jpg 768w, https:\/\/www.inet.edu.ar\/wp-content\/uploads\/2018\/08\/Foto00-468x263.jpg 468w\" sizes=\"auto, (max-width: 240px) 100vw, 240px\" \/><\/a>\n\t\t\t<\/dt><\/dl><dl class='gallery-item'>\n\t\t\t<dt class='gallery-icon landscape'>\n\t\t\t\t<a href='https:\/\/www.inet.edu.ar\/index.php\/jornada-sobre-aula-invertida-un-encuentro-para-modernizar-la-ensenanza\/foto05-3\/#main'><img loading=\"lazy\" decoding=\"async\" width=\"240\" height=\"135\" src=\"https:\/\/www.inet.edu.ar\/wp-content\/uploads\/2018\/08\/Foto05-240x135.jpg\" class=\"attachment-medium size-medium\" alt=\"\" srcset=\"https:\/\/www.inet.edu.ar\/wp-content\/uploads\/2018\/08\/Foto05-240x135.jpg 240w, https:\/\/www.inet.edu.ar\/wp-content\/uploads\/2018\/08\/Foto05-768x432.jpg 768w, https:\/\/www.inet.edu.ar\/wp-content\/uploads\/2018\/08\/Foto05-468x263.jpg 468w\" sizes=\"auto, (max-width: 240px) 100vw, 240px\" \/><\/a>\n\t\t\t<\/dt><\/dl><br style=\"clear: both\" \/><dl class='gallery-item'>\n\t\t\t<dt class='gallery-icon landscape'>\n\t\t\t\t<a href='https:\/\/www.inet.edu.ar\/index.php\/jornada-sobre-aula-invertida-un-encuentro-para-modernizar-la-ensenanza\/foto06\/#main'><img loading=\"lazy\" decoding=\"async\" width=\"240\" height=\"136\" src=\"https:\/\/www.inet.edu.ar\/wp-content\/uploads\/2018\/08\/Foto06-240x136.jpg\" class=\"attachment-medium size-medium\" alt=\"\" srcset=\"https:\/\/www.inet.edu.ar\/wp-content\/uploads\/2018\/08\/Foto06-240x136.jpg 240w, https:\/\/www.inet.edu.ar\/wp-content\/uploads\/2018\/08\/Foto06-768x434.jpg 768w, https:\/\/www.inet.edu.ar\/wp-content\/uploads\/2018\/08\/Foto06-468x265.jpg 468w\" sizes=\"auto, (max-width: 240px) 100vw, 240px\" \/><\/a>\n\t\t\t<\/dt><\/dl><dl class='gallery-item'>\n\t\t\t<dt class='gallery-icon landscape'>\n\t\t\t\t<a href='https:\/\/www.inet.edu.ar\/index.php\/jornada-sobre-aula-invertida-un-encuentro-para-modernizar-la-ensenanza\/foto08\/#main'><img loading=\"lazy\" decoding=\"async\" width=\"240\" height=\"136\" src=\"https:\/\/www.inet.edu.ar\/wp-content\/uploads\/2018\/08\/Foto08-240x136.jpg\" class=\"attachment-medium size-medium\" alt=\"\" srcset=\"https:\/\/www.inet.edu.ar\/wp-content\/uploads\/2018\/08\/Foto08-240x136.jpg 240w, https:\/\/www.inet.edu.ar\/wp-content\/uploads\/2018\/08\/Foto08-768x435.jpg 768w, https:\/\/www.inet.edu.ar\/wp-content\/uploads\/2018\/08\/Foto08-468x265.jpg 468w\" sizes=\"auto, (max-width: 240px) 100vw, 240px\" \/><\/a>\n\t\t\t<\/dt><\/dl><dl class='gallery-item'>\n\t\t\t<dt class='gallery-icon landscape'>\n\t\t\t\t<a href='https:\/\/www.inet.edu.ar\/index.php\/jornada-sobre-aula-invertida-un-encuentro-para-modernizar-la-ensenanza\/foto11\/#main'><img loading=\"lazy\" decoding=\"async\" width=\"240\" height=\"135\" src=\"https:\/\/www.inet.edu.ar\/wp-content\/uploads\/2018\/08\/Foto11-240x135.jpg\" class=\"attachment-medium size-medium\" alt=\"\" srcset=\"https:\/\/www.inet.edu.ar\/wp-content\/uploads\/2018\/08\/Foto11-240x135.jpg 240w, https:\/\/www.inet.edu.ar\/wp-content\/uploads\/2018\/08\/Foto11-768x431.jpg 768w, https:\/\/www.inet.edu.ar\/wp-content\/uploads\/2018\/08\/Foto11-468x263.jpg 468w\" sizes=\"auto, (max-width: 240px) 100vw, 240px\" \/><\/a>\n\t\t\t<\/dt><\/dl><br style=\"clear: both\" \/>\n\t\t<\/div>\n\n","protected":false},"excerpt":{"rendered":"<p>Se realiz\u00f3 hoy en el auditorio del INET una disertaci\u00f3n sobre el modelo de innovaci\u00f3n pedag\u00f3gica \u00abAula Invertida\u00bb (Flipped Classroom). El objetivo de este encuentro fue dar a conocer el modelo \u201cAula Invertida\u201d, que propone acabar con las clases magistrales y aburridas. Con elementos multimediales, un enfoque individual y metas espec\u00edficas, es ideal para que [&hellip;]<\/p>\n","protected":false},"author":7,"featured_media":25860,"comment_status":"closed","ping_status":"open","sticky":false,"template":"","format":"standard","meta":{"footnotes":""},"categories":[1,14],"tags":[],"class_list":["post-25823","post","type-post","status-publish","format-standard","has-post-thumbnail","hentry","category-noticias","category-noticias-fijas"],"_links":{"self":[{"href":"https:\/\/www.inet.edu.ar\/index.php\/wp-json\/wp\/v2\/posts\/25823","targetHints":{"allow":["GET"]}}],"collection":[{"href":"https:\/\/www.inet.edu.ar\/index.php\/wp-json\/wp\/v2\/posts"}],"about":[{"href":"https:\/\/www.inet.edu.ar\/index.php\/wp-json\/wp\/v2\/types\/post"}],"author":[{"embeddable":true,"href":"https:\/\/www.inet.edu.ar\/index.php\/wp-json\/wp\/v2\/users\/7"}],"replies":[{"embeddable":true,"href":"https:\/\/www.inet.edu.ar\/index.php\/wp-json\/wp\/v2\/comments?post=25823"}],"version-history":[{"count":19,"href":"https:\/\/www.inet.edu.ar\/index.php\/wp-json\/wp\/v2\/posts\/25823\/revisions"}],"predecessor-version":[{"id":25861,"href":"https:\/\/www.inet.edu.ar\/index.php\/wp-json\/wp\/v2\/posts\/25823\/revisions\/25861"}],"wp:featuredmedia":[{"embeddable":true,"href":"https:\/\/www.inet.edu.ar\/index.php\/wp-json\/wp\/v2\/media\/25860"}],"wp:attachment":[{"href":"https:\/\/www.inet.edu.ar\/index.php\/wp-json\/wp\/v2\/media?parent=25823"}],"wp:term":[{"taxonomy":"category","embeddable":true,"href":"https:\/\/www.inet.edu.ar\/index.php\/wp-json\/wp\/v2\/categories?post=25823"},{"taxonomy":"post_tag","embeddable":true,"href":"https:\/\/www.inet.edu.ar\/index.php\/wp-json\/wp\/v2\/tags?post=25823"}],"curies":[{"name":"wp","href":"https:\/\/api.w.org\/{rel}","templated":true}]}}