{"id":25838,"date":"2018-08-06T14:12:54","date_gmt":"2018-08-06T17:12:54","guid":{"rendered":"https:\/\/www.inet.edu.ar\/?p=25838"},"modified":"2018-08-06T14:12:54","modified_gmt":"2018-08-06T17:12:54","slug":"aula-taller-movil-de-reparacion-de-autos-y-motos-en-aniversario-de-quequen","status":"publish","type":"post","link":"https:\/\/www.inet.edu.ar\/index.php\/aula-taller-movil-de-reparacion-de-autos-y-motos-en-aniversario-de-quequen\/","title":{"rendered":"Aula Taller M\u00f3vil de Reparaci\u00f3n de Autos y Motos en aniversario de Quequ\u00e9n"},"content":{"rendered":"<p>Este fin de semana, el Ministerio de Educaci\u00f3n de la Naci\u00f3n, a trav\u00e9s del Instituto Nacional de Educaci\u00f3n Tecnol\u00f3gica (INET) particip\u00f3 de los festejos por el aniversario de Quequ\u00e9n, Necochea, con un Aula Taller M\u00f3vil de Reparaci\u00f3n de Autos y Motos.<\/p>\n<p>Mediante charlas y capacitaciones, los vecinos pudieron aprender y realizar pr\u00e1cticas con los equipos y herramientas desplegadas en el ATM.<\/p>\n<p>La unidad forma parte de la \u201c<a href=\"https:\/\/www.inet.edu.ar\/index.php\/niveles-educativos\/formacion-profesional\/programa-federal-de-aulas-tecnicas-moviles\/\">Red Nacional de Aulas Talleres M\u00f3viles<\/a>\u201d que tiene como fin asegurar que la Formaci\u00f3n Profesional y la Capacitaci\u00f3n Laboral lleguen a todos los rincones del pa\u00eds.<\/p>\n<p>En la especialidad Reparaci\u00f3n de Autos y Motos, se desarrollan las capacidades profesionales en desmontar y montar motores de combusti\u00f3n interna y todos sus componentes, detectar y reparar fallas mec\u00e1nicas y detectar fallas de alimentaci\u00f3n y encendido. Adem\u00e1s aplicar el mantenimiento preventivo-correctivo en dichos motores. Como as\u00ed tambi\u00e9n desmontar y montar los sistemas de arranque y carga y ejecutar el proceso de diagn\u00f3stico, reparaci\u00f3n y mantenimiento, operando instrumentos y equipamiento de medici\u00f3n. En la especialidad de Motos, se desarrollan las capacidades profesionales para diagnosticar y reparar fallas en componentes mec\u00e1nicos relacionados con el motor, sus sistemas de lubricaci\u00f3n y refrigeraci\u00f3n, as\u00ed como los sistemas de alimentaci\u00f3n de combustible.<\/p>\n<p><strong>Galer\u00eda de im\u00e1genes<\/strong><\/p>\n\n\t\t<style type=\"text\/css\">\n\t\t\t#gallery-1 {\n\t\t\t\tmargin: auto;\n\t\t\t}\n\t\t\t#gallery-1 .gallery-item {\n\t\t\t\tfloat: left;\n\t\t\t\tmargin-top: 10px;\n\t\t\t\ttext-align: center;\n\t\t\t\twidth: 50%;\n\t\t\t}\n\t\t\t#gallery-1 img {\n\t\t\t\tborder: 2px solid #cfcfcf;\n\t\t\t}\n\t\t\t#gallery-1 .gallery-caption {\n\t\t\t\tmargin-left: 0;\n\t\t\t}\n\t\t\t\/* see gallery_shortcode() in wp-includes\/media.php *\/\n\t\t<\/style>\n\t\t<div id='gallery-1' class='gallery galleryid-25838 gallery-columns-2 gallery-size-medium'><dl class='gallery-item'>\n\t\t\t<dt class='gallery-icon landscape'>\n\t\t\t\t<a href='https:\/\/www.inet.edu.ar\/index.php\/aula-taller-movil-de-reparacion-de-autos-y-motos-en-aniversario-de-quequen\/whatsapp-image-2018-08-05-at-16-09-23-1\/#main'><img loading=\"lazy\" decoding=\"async\" width=\"240\" height=\"135\" src=\"https:\/\/www.inet.edu.ar\/wp-content\/uploads\/2018\/08\/WhatsApp-Image-2018-08-05-at-16.09.23-1-240x135.jpeg\" class=\"attachment-medium size-medium\" alt=\"\" srcset=\"https:\/\/www.inet.edu.ar\/wp-content\/uploads\/2018\/08\/WhatsApp-Image-2018-08-05-at-16.09.23-1-240x135.jpeg 240w, https:\/\/www.inet.edu.ar\/wp-content\/uploads\/2018\/08\/WhatsApp-Image-2018-08-05-at-16.09.23-1-768x432.jpeg 768w, https:\/\/www.inet.edu.ar\/wp-content\/uploads\/2018\/08\/WhatsApp-Image-2018-08-05-at-16.09.23-1-468x263.jpeg 468w, https:\/\/www.inet.edu.ar\/wp-content\/uploads\/2018\/08\/WhatsApp-Image-2018-08-05-at-16.09.23-1.jpeg 1280w\" sizes=\"auto, (max-width: 240px) 100vw, 240px\" \/><\/a>\n\t\t\t<\/dt><\/dl><dl class='gallery-item'>\n\t\t\t<dt class='gallery-icon landscape'>\n\t\t\t\t<a href='https:\/\/www.inet.edu.ar\/index.php\/aula-taller-movil-de-reparacion-de-autos-y-motos-en-aniversario-de-quequen\/1-149\/#main'><img loading=\"lazy\" decoding=\"async\" width=\"240\" height=\"135\" src=\"https:\/\/www.inet.edu.ar\/wp-content\/uploads\/2018\/08\/1-240x135.jpg\" class=\"attachment-medium size-medium\" alt=\"\" srcset=\"https:\/\/www.inet.edu.ar\/wp-content\/uploads\/2018\/08\/1-240x135.jpg 240w, https:\/\/www.inet.edu.ar\/wp-content\/uploads\/2018\/08\/1-768x432.jpg 768w, https:\/\/www.inet.edu.ar\/wp-content\/uploads\/2018\/08\/1-468x263.jpg 468w, https:\/\/www.inet.edu.ar\/wp-content\/uploads\/2018\/08\/1.jpg 1280w\" sizes=\"auto, (max-width: 240px) 100vw, 240px\" \/><\/a>\n\t\t\t<\/dt><\/dl><br style=\"clear: both\" \/>\n\t\t<\/div>\n\n<p>&nbsp;<\/p>\n","protected":false},"excerpt":{"rendered":"<p>Este fin de semana, el Ministerio de Educaci\u00f3n de la Naci\u00f3n, a trav\u00e9s del Instituto Nacional de Educaci\u00f3n Tecnol\u00f3gica (INET) particip\u00f3 de los festejos por el aniversario de Quequ\u00e9n, Necochea, con un Aula Taller M\u00f3vil de Reparaci\u00f3n de Autos y Motos. Mediante charlas y capacitaciones, los vecinos pudieron aprender y realizar pr\u00e1cticas con los equipos [&hellip;]<\/p>\n","protected":false},"author":7,"featured_media":25840,"comment_status":"closed","ping_status":"open","sticky":false,"template":"","format":"standard","meta":{"footnotes":""},"categories":[1,14],"tags":[],"class_list":["post-25838","post","type-post","status-publish","format-standard","has-post-thumbnail","hentry","category-noticias","category-noticias-fijas"],"_links":{"self":[{"href":"https:\/\/www.inet.edu.ar\/index.php\/wp-json\/wp\/v2\/posts\/25838","targetHints":{"allow":["GET"]}}],"collection":[{"href":"https:\/\/www.inet.edu.ar\/index.php\/wp-json\/wp\/v2\/posts"}],"about":[{"href":"https:\/\/www.inet.edu.ar\/index.php\/wp-json\/wp\/v2\/types\/post"}],"author":[{"embeddable":true,"href":"https:\/\/www.inet.edu.ar\/index.php\/wp-json\/wp\/v2\/users\/7"}],"replies":[{"embeddable":true,"href":"https:\/\/www.inet.edu.ar\/index.php\/wp-json\/wp\/v2\/comments?post=25838"}],"version-history":[{"count":6,"href":"https:\/\/www.inet.edu.ar\/index.php\/wp-json\/wp\/v2\/posts\/25838\/revisions"}],"predecessor-version":[{"id":25848,"href":"https:\/\/www.inet.edu.ar\/index.php\/wp-json\/wp\/v2\/posts\/25838\/revisions\/25848"}],"wp:featuredmedia":[{"embeddable":true,"href":"https:\/\/www.inet.edu.ar\/index.php\/wp-json\/wp\/v2\/media\/25840"}],"wp:attachment":[{"href":"https:\/\/www.inet.edu.ar\/index.php\/wp-json\/wp\/v2\/media?parent=25838"}],"wp:term":[{"taxonomy":"category","embeddable":true,"href":"https:\/\/www.inet.edu.ar\/index.php\/wp-json\/wp\/v2\/categories?post=25838"},{"taxonomy":"post_tag","embeddable":true,"href":"https:\/\/www.inet.edu.ar\/index.php\/wp-json\/wp\/v2\/tags?post=25838"}],"curies":[{"name":"wp","href":"https:\/\/api.w.org\/{rel}","templated":true}]}}