{"id":25877,"date":"2018-08-08T14:23:31","date_gmt":"2018-08-08T17:23:31","guid":{"rendered":"https:\/\/www.inet.edu.ar\/?p=25877"},"modified":"2018-08-08T14:23:31","modified_gmt":"2018-08-08T17:23:31","slug":"mesa-federal-de-formacion-profesional-reunion-con-todas-las-provincias-2","status":"publish","type":"post","link":"https:\/\/www.inet.edu.ar\/index.php\/mesa-federal-de-formacion-profesional-reunion-con-todas-las-provincias-2\/","title":{"rendered":"Mesa Federal de Formaci\u00f3n Profesional: reuni\u00f3n con todas las provincias"},"content":{"rendered":"<p>Con el objetivo de informar e intercambiar experiencias sobre diferentes tem\u00e1ticas de la Formaci\u00f3n Profesional (FP), se realiz\u00f3 hoy una Mesa Federal en la sede del INET, que reuni\u00f3 a los responsables de la modalidad de las 24 jurisdicciones.<\/p>\n<p>La Formaci\u00f3n Profesional es el conjunto de acciones que tienen como prop\u00f3sito la formaci\u00f3n socio-laboral para y en el trabajo, orientada tanto a la adquisici\u00f3n y mejora de las cualificaciones como a la recualificaci\u00f3n de los trabajadores. Tambi\u00e9n contempla la especializaci\u00f3n y la actualizaci\u00f3n de conocimientos y capacidades, tanto de las distintas trayectorias de la ETP como de los niveles superiores de la educaci\u00f3n formal.<\/p>\n<p>Durante la jornada, se trataron tem\u00e1ticas como la acreditaci\u00f3n y certificados de saberes sociolaborales, la organizaci\u00f3n institucional de los centros de FP, el instructorado para facilitar la movilidad entre jurisdicciones, orientaci\u00f3n para la FP en contexto de encierro, entre otras.<\/p>\n<p>Encabezaron la Mesa el director nacional de Formaci\u00f3n Profesional, Fabi\u00e1n Prieto, junto al equipo INET. Particip\u00f3 en la presentaci\u00f3n el director ejecutivo del INET, Leandro Goroyesky.<\/p>\n<p>Para m\u00e1s informaci\u00f3n sobre la modalidad: <a href=\"https:\/\/www.inet.edu.ar\/index.php\/niveles-educativos\/formacion-profesional\/\">Formaci\u00f3n Profesional<\/a><\/p>\n","protected":false},"excerpt":{"rendered":"<p>Con el objetivo de informar e intercambiar experiencias sobre diferentes tem\u00e1ticas de la Formaci\u00f3n Profesional (FP), se realiz\u00f3 hoy una Mesa Federal en la sede del INET, que reuni\u00f3 a los responsables de la modalidad de las 24 jurisdicciones. La Formaci\u00f3n Profesional es el conjunto de acciones que tienen como prop\u00f3sito la formaci\u00f3n socio-laboral para [&hellip;]<\/p>\n","protected":false},"author":7,"featured_media":25896,"comment_status":"closed","ping_status":"open","sticky":false,"template":"","format":"standard","meta":{"footnotes":""},"categories":[1,14],"tags":[],"class_list":["post-25877","post","type-post","status-publish","format-standard","has-post-thumbnail","hentry","category-noticias","category-noticias-fijas"],"_links":{"self":[{"href":"https:\/\/www.inet.edu.ar\/index.php\/wp-json\/wp\/v2\/posts\/25877","targetHints":{"allow":["GET"]}}],"collection":[{"href":"https:\/\/www.inet.edu.ar\/index.php\/wp-json\/wp\/v2\/posts"}],"about":[{"href":"https:\/\/www.inet.edu.ar\/index.php\/wp-json\/wp\/v2\/types\/post"}],"author":[{"embeddable":true,"href":"https:\/\/www.inet.edu.ar\/index.php\/wp-json\/wp\/v2\/users\/7"}],"replies":[{"embeddable":true,"href":"https:\/\/www.inet.edu.ar\/index.php\/wp-json\/wp\/v2\/comments?post=25877"}],"version-history":[{"count":4,"href":"https:\/\/www.inet.edu.ar\/index.php\/wp-json\/wp\/v2\/posts\/25877\/revisions"}],"predecessor-version":[{"id":25881,"href":"https:\/\/www.inet.edu.ar\/index.php\/wp-json\/wp\/v2\/posts\/25877\/revisions\/25881"}],"wp:featuredmedia":[{"embeddable":true,"href":"https:\/\/www.inet.edu.ar\/index.php\/wp-json\/wp\/v2\/media\/25896"}],"wp:attachment":[{"href":"https:\/\/www.inet.edu.ar\/index.php\/wp-json\/wp\/v2\/media?parent=25877"}],"wp:term":[{"taxonomy":"category","embeddable":true,"href":"https:\/\/www.inet.edu.ar\/index.php\/wp-json\/wp\/v2\/categories?post=25877"},{"taxonomy":"post_tag","embeddable":true,"href":"https:\/\/www.inet.edu.ar\/index.php\/wp-json\/wp\/v2\/tags?post=25877"}],"curies":[{"name":"wp","href":"https:\/\/api.w.org\/{rel}","templated":true}]}}