{"id":25915,"date":"2018-08-09T17:00:56","date_gmt":"2018-08-09T20:00:56","guid":{"rendered":"https:\/\/www.inet.edu.ar\/?p=25915"},"modified":"2018-08-14T11:37:58","modified_gmt":"2018-08-14T14:37:58","slug":"comision-federal-de-educacion-tecnico-profesional-en-iguazu","status":"publish","type":"post","link":"https:\/\/www.inet.edu.ar\/index.php\/comision-federal-de-educacion-tecnico-profesional-en-iguazu\/","title":{"rendered":"Comisi\u00f3n Federal de Educaci\u00f3n T\u00e9cnico Profesional en Iguaz\u00fa"},"content":{"rendered":"<p>El director del Instituto Nacional de Educaci\u00f3n Tecnol\u00f3gica (INET), Leandro Goroyesky, encabez\u00f3 hoy la reuni\u00f3n de los referentes t\u00e9cnico pol\u00edticos de la Educaci\u00f3n T\u00e9cnico Profesional de todas las jurisdicciones en el marco de la 112\u00b0 <a href=\"https:\/\/www.inet.edu.ar\/index.php\/asuntos-federales\/comision-federal\/\" target=\"_blank\" rel=\"noopener\">Comisi\u00f3n Federal de la ETP<\/a> en Iguaz\u00fa, provincia de Misiones.<\/p>\n<p>Estos encuentros son espacios de discusi\u00f3n respecto a los lineamientos y criterios para el desarrollo de los programas federales que implementa el Ministerio de Educaci\u00f3n de la Naci\u00f3n a trav\u00e9s del INET.<\/p>\n<p>Entre los temas tratados, se presentaron los resultados del programa <a href=\"https:\/\/www.argentina.gob.ar\/enfoco\" target=\"_blank\" rel=\"noopener\">En FoCo ETP<\/a>, las Olimp\u00edadas entre alumnos de la modalidad, los avances de Mesa Permanente de Formaci\u00f3n Profesional y Cr\u00e9dito Fiscal.<\/p>\n<p>Del encuentro tambi\u00e9n participaron la directora nacional de Asuntos Federales, Mar\u00eda Jos\u00e9 Licio Rinaldi; el director nacional de Formaci\u00f3n Profesional, Fabi\u00e1n Prieto; el coordinador nacional de Secundaria t\u00e9cnica, Alejandro Anchava; y la responsable de Formaci\u00f3n Docente Inicial y Continua, Judit Schneider.<\/p>\n<p><a href=\"https:\/\/www.inet.edu.ar\/wp-content\/uploads\/2018\/08\/WhatsApp-Image-2018-08-09-at-16.11.08.jpeg\"><img loading=\"lazy\" decoding=\"async\" class=\"aligncenter size-large wp-image-25933\" src=\"https:\/\/www.inet.edu.ar\/wp-content\/uploads\/2018\/08\/WhatsApp-Image-2018-08-09-at-16.11.08-468x351.jpeg\" alt=\"\" width=\"468\" height=\"351\" srcset=\"https:\/\/www.inet.edu.ar\/wp-content\/uploads\/2018\/08\/WhatsApp-Image-2018-08-09-at-16.11.08-468x351.jpeg 468w, https:\/\/www.inet.edu.ar\/wp-content\/uploads\/2018\/08\/WhatsApp-Image-2018-08-09-at-16.11.08-240x180.jpeg 240w, https:\/\/www.inet.edu.ar\/wp-content\/uploads\/2018\/08\/WhatsApp-Image-2018-08-09-at-16.11.08-768x576.jpeg 768w, https:\/\/www.inet.edu.ar\/wp-content\/uploads\/2018\/08\/WhatsApp-Image-2018-08-09-at-16.11.08.jpeg 1280w\" sizes=\"auto, (max-width: 468px) 100vw, 468px\" \/><\/a><\/p>\n<p>&nbsp;<\/p>\n<p>&nbsp;<\/p>\n<p>&nbsp;<\/p>\n","protected":false},"excerpt":{"rendered":"<p>El director del Instituto Nacional de Educaci\u00f3n Tecnol\u00f3gica (INET), Leandro Goroyesky, encabez\u00f3 hoy la reuni\u00f3n de los referentes t\u00e9cnico pol\u00edticos de la Educaci\u00f3n T\u00e9cnico Profesional de todas las jurisdicciones en el marco de la 112\u00b0 Comisi\u00f3n Federal de la ETP en Iguaz\u00fa, provincia de Misiones. Estos encuentros son espacios de discusi\u00f3n respecto a los lineamientos [&hellip;]<\/p>\n","protected":false},"author":7,"featured_media":25935,"comment_status":"closed","ping_status":"open","sticky":false,"template":"","format":"standard","meta":{"footnotes":""},"categories":[1,14],"tags":[],"class_list":["post-25915","post","type-post","status-publish","format-standard","has-post-thumbnail","hentry","category-noticias","category-noticias-fijas"],"_links":{"self":[{"href":"https:\/\/www.inet.edu.ar\/index.php\/wp-json\/wp\/v2\/posts\/25915","targetHints":{"allow":["GET"]}}],"collection":[{"href":"https:\/\/www.inet.edu.ar\/index.php\/wp-json\/wp\/v2\/posts"}],"about":[{"href":"https:\/\/www.inet.edu.ar\/index.php\/wp-json\/wp\/v2\/types\/post"}],"author":[{"embeddable":true,"href":"https:\/\/www.inet.edu.ar\/index.php\/wp-json\/wp\/v2\/users\/7"}],"replies":[{"embeddable":true,"href":"https:\/\/www.inet.edu.ar\/index.php\/wp-json\/wp\/v2\/comments?post=25915"}],"version-history":[{"count":18,"href":"https:\/\/www.inet.edu.ar\/index.php\/wp-json\/wp\/v2\/posts\/25915\/revisions"}],"predecessor-version":[{"id":25936,"href":"https:\/\/www.inet.edu.ar\/index.php\/wp-json\/wp\/v2\/posts\/25915\/revisions\/25936"}],"wp:featuredmedia":[{"embeddable":true,"href":"https:\/\/www.inet.edu.ar\/index.php\/wp-json\/wp\/v2\/media\/25935"}],"wp:attachment":[{"href":"https:\/\/www.inet.edu.ar\/index.php\/wp-json\/wp\/v2\/media?parent=25915"}],"wp:term":[{"taxonomy":"category","embeddable":true,"href":"https:\/\/www.inet.edu.ar\/index.php\/wp-json\/wp\/v2\/categories?post=25915"},{"taxonomy":"post_tag","embeddable":true,"href":"https:\/\/www.inet.edu.ar\/index.php\/wp-json\/wp\/v2\/tags?post=25915"}],"curies":[{"name":"wp","href":"https:\/\/api.w.org\/{rel}","templated":true}]}}