{"id":25953,"date":"2018-08-10T16:29:36","date_gmt":"2018-08-10T19:29:36","guid":{"rendered":"https:\/\/www.inet.edu.ar\/?p=25953"},"modified":"2018-08-10T16:29:36","modified_gmt":"2018-08-10T19:29:36","slug":"el-primer-programa-de-formacion-para-docentes-de-tecnica-se-presento-en-misiones","status":"publish","type":"post","link":"https:\/\/www.inet.edu.ar\/index.php\/el-primer-programa-de-formacion-para-docentes-de-tecnica-se-presento-en-misiones\/","title":{"rendered":"El primer programa de formaci\u00f3n para docentes de T\u00e9cnica se present\u00f3 en Misiones"},"content":{"rendered":"<p>Se present\u00f3 hoy\u00a0en Misiones,\u00a0<a href=\"https:\/\/www.argentina.gob.ar\/enfoco\" target=\"_blank\" rel=\"noopener\">En FoCo ETP<\/a>, programa de formaci\u00f3n continua para toda la Educaci\u00f3n T\u00e9cnico Profesional, del cual ya est\u00e1n participando m\u00e1s de 16.000 docentes de todo el pa\u00eds.\u00a0El lanzamiento se realiz\u00f3 en el marco del Congreso Internacional de Aula Invertida (Flipped Learning) que est\u00e1 teniendo lugar en Iguaz\u00fa.<\/p>\n<p>El programa nuclea una oferta de 93 cursos anuales con la posibilidad de cursar de forma presencial, semi presencial y a distancia. Para esta \u00faltima modalidad, el Programa cuenta con nueva plataforma en l\u00ednea con comunidades y redes, foros de debate, mensajer\u00eda en audio y video entre docentes y cursantes, chat, blog, portafolio digital, sesiones sincr\u00f3nicas de hasta 100 participantes, dise\u00f1o responsivo, aplicaciones m\u00f3viles. La \u00faltima\u00a0inscripci\u00f3n comienza el 14 de agosto y se extiende hasta el 23 de septiembre en\u00a0<a href=\"https:\/\/www.argentina.gob.ar\/enfoco\" target=\"_blank\" rel=\"noopener\">argentina.gob.ar\/enfoco<\/a>.<\/p>\n<p>Frente a equipos t\u00e9cnicos, supervisores, directivos y docentes de Educaci\u00f3n T\u00e9cnico Profesional, se explic\u00f3 la oferta formativa disponible para el 3\u00b0 per\u00edodo, de cara a la \u00faltima inscripci\u00f3n del a\u00f1o para los cursos de formaci\u00f3n docente de modalidad virtual.\u00a0Durante la presentaci\u00f3n, se anunci\u00f3 que el post\u00edtulo \u00abActualizaci\u00f3n Acad\u00e9mica en Aula Inversa\u00bb, dise\u00f1ado por el equipo de Misiones, se dictar\u00e1 gratis para todo el pa\u00eds a trav\u00e9s de <a href=\"https:\/\/www.argentina.gob.ar\/enfoco\" target=\"_blank\" rel=\"noopener\">En FoCo ETP<\/a><\/p>\n<p>La presentaci\u00f3n estuvo a cargo de la responsable de Formaci\u00f3n Docente Inicial y Continua (INET), Judit Schneider, de la cual particip\u00f3 tambi\u00e9n el subsecretario de ETP de la provincia, Alberto Galarza.<\/p>\n","protected":false},"excerpt":{"rendered":"<p>Se present\u00f3 hoy\u00a0en Misiones,\u00a0En FoCo ETP, programa de formaci\u00f3n continua para toda la Educaci\u00f3n T\u00e9cnico Profesional, del cual ya est\u00e1n participando m\u00e1s de 16.000 docentes de todo el pa\u00eds.\u00a0El lanzamiento se realiz\u00f3 en el marco del Congreso Internacional de Aula Invertida (Flipped Learning) que est\u00e1 teniendo lugar en Iguaz\u00fa. El programa nuclea una oferta de [&hellip;]<\/p>\n","protected":false},"author":7,"featured_media":25967,"comment_status":"closed","ping_status":"open","sticky":false,"template":"","format":"standard","meta":{"footnotes":""},"categories":[1,14],"tags":[],"class_list":["post-25953","post","type-post","status-publish","format-standard","has-post-thumbnail","hentry","category-noticias","category-noticias-fijas"],"_links":{"self":[{"href":"https:\/\/www.inet.edu.ar\/index.php\/wp-json\/wp\/v2\/posts\/25953","targetHints":{"allow":["GET"]}}],"collection":[{"href":"https:\/\/www.inet.edu.ar\/index.php\/wp-json\/wp\/v2\/posts"}],"about":[{"href":"https:\/\/www.inet.edu.ar\/index.php\/wp-json\/wp\/v2\/types\/post"}],"author":[{"embeddable":true,"href":"https:\/\/www.inet.edu.ar\/index.php\/wp-json\/wp\/v2\/users\/7"}],"replies":[{"embeddable":true,"href":"https:\/\/www.inet.edu.ar\/index.php\/wp-json\/wp\/v2\/comments?post=25953"}],"version-history":[{"count":4,"href":"https:\/\/www.inet.edu.ar\/index.php\/wp-json\/wp\/v2\/posts\/25953\/revisions"}],"predecessor-version":[{"id":25968,"href":"https:\/\/www.inet.edu.ar\/index.php\/wp-json\/wp\/v2\/posts\/25953\/revisions\/25968"}],"wp:featuredmedia":[{"embeddable":true,"href":"https:\/\/www.inet.edu.ar\/index.php\/wp-json\/wp\/v2\/media\/25967"}],"wp:attachment":[{"href":"https:\/\/www.inet.edu.ar\/index.php\/wp-json\/wp\/v2\/media?parent=25953"}],"wp:term":[{"taxonomy":"category","embeddable":true,"href":"https:\/\/www.inet.edu.ar\/index.php\/wp-json\/wp\/v2\/categories?post=25953"},{"taxonomy":"post_tag","embeddable":true,"href":"https:\/\/www.inet.edu.ar\/index.php\/wp-json\/wp\/v2\/tags?post=25953"}],"curies":[{"name":"wp","href":"https:\/\/api.w.org\/{rel}","templated":true}]}}