{"id":25992,"date":"2018-08-15T14:44:51","date_gmt":"2018-08-15T17:44:51","guid":{"rendered":"https:\/\/www.inet.edu.ar\/?p=25992"},"modified":"2018-08-15T14:44:51","modified_gmt":"2018-08-15T17:44:51","slug":"se-presento-programa-de-formacion-para-docentes-tecnicos-en-chaco","status":"publish","type":"post","link":"https:\/\/www.inet.edu.ar\/index.php\/se-presento-programa-de-formacion-para-docentes-tecnicos-en-chaco\/","title":{"rendered":"Se present\u00f3 programa de formaci\u00f3n para docentes t\u00e9cnicos en Chaco"},"content":{"rendered":"<p>En resistencia Chaco se realiz\u00f3 ayer el lanzamiento provincial del Programa En FoCo ETP , el primer programa de capacitaci\u00f3n para docentes de Educaci\u00f3n T\u00e9cnico Profesional.<\/p>\n<p>El programa nuclea una oferta de 93 cursos anuales con la posibilidad de cursar de forma presencial, semi presencial y a distancia. Para esta \u00faltima modalidad, el Programa cuenta con nueva plataforma en l\u00ednea con comunidades y redes, foros de debate, mensajer\u00eda en audio y video entre docentes y cursantes, chat, blog, portafolio digital, sesiones sincr\u00f3nicas de hasta 100 participantes, dise\u00f1o responsivo, aplicaciones m\u00f3viles. La \u00faltima inscripci\u00f3n comenz\u00f3 el 14 de agosto y se extiende hasta el 23 de septiembre en <a href=\"https:\/\/www.argentina.gob.ar\/enfoco\" target=\"_blank\" rel=\"noopener\">argentina.gob.ar\/enfoco<\/a>.<\/p>\n<p>Participaron cerca de 100 directores y profesores de escuelas secundarias t\u00e9cnicas y de formaci\u00f3n profesional y de institutos superiores, quienes intercambiaron opiniones y experiencias sobre las propuestas de formaci\u00f3n que ofrece \u201cEn FoCo\u201d con diversas tem\u00e1ticas, con el objetivo que los docentes se actualicen para la mejora de la ense\u00f1anza y los aprendizajes; fortalezcan y enriquezcan la formaci\u00f3n disciplinar, did\u00e1ctica y tecnol\u00f3gica para propiciar la formaci\u00f3n continua de los equipos de conducci\u00f3n y coordinaci\u00f3n de las instituciones donde trabajan.<\/p>\n<p>En el lanzamiento se encontraban presentes la Subsecretaria de Educaci\u00f3n, N\u00e9lida Wisner; referente t\u00e9cnico pol\u00edtico de la modalidad, Daniel Lucero; y la Directora de Educaci\u00f3n T\u00e9cnica y Formaci\u00f3n Profesional, Lilian Weschenfeller. Por parte del INET, la responsable de formaci\u00f3n docente inicial y continua, Judit Schneider, y el Referente de Formaci\u00f3n Docente, Pablo Trangone.<\/p>\n<p><strong>Noticias relacionadas<\/strong><\/p>\n<p><a href=\"http:\/\/comunicacion.chaco.gov.ar\/noticia\/52471\/educacion-presentaron-programa-nacional-de-formacion-continua-para-docentes-de-educacion-tecnico-pro\" target=\"_blank\" rel=\"noopener\">\u00abEducaci\u00f3n: presentaron programa nacional de formaci\u00f3n continua para docentes de Educaci\u00f3n T\u00e9cnico Profesional\u00bb &#8211; portal de noticias del Gobierno de Chaco<\/a><\/p>\n<p><strong>Galer\u00eda de im\u00e1genes<\/strong><\/p>\n\n\t\t<style type=\"text\/css\">\n\t\t\t#gallery-1 {\n\t\t\t\tmargin: auto;\n\t\t\t}\n\t\t\t#gallery-1 .gallery-item {\n\t\t\t\tfloat: left;\n\t\t\t\tmargin-top: 10px;\n\t\t\t\ttext-align: center;\n\t\t\t\twidth: 50%;\n\t\t\t}\n\t\t\t#gallery-1 img {\n\t\t\t\tborder: 2px solid #cfcfcf;\n\t\t\t}\n\t\t\t#gallery-1 .gallery-caption {\n\t\t\t\tmargin-left: 0;\n\t\t\t}\n\t\t\t\/* see gallery_shortcode() in wp-includes\/media.php *\/\n\t\t<\/style>\n\t\t<div id='gallery-1' class='gallery galleryid-25992 gallery-columns-2 gallery-size-medium'><dl class='gallery-item'>\n\t\t\t<dt class='gallery-icon landscape'>\n\t\t\t\t<a href='https:\/\/www.inet.edu.ar\/index.php\/se-presento-programa-de-formacion-para-docentes-tecnicos-en-chaco\/0_img-20180814-wa0009\/#main'><img loading=\"lazy\" decoding=\"async\" width=\"240\" height=\"135\" src=\"https:\/\/www.inet.edu.ar\/wp-content\/uploads\/2018\/08\/0_IMG-20180814-WA0009-240x135.jpg\" class=\"attachment-medium size-medium\" alt=\"\" srcset=\"https:\/\/www.inet.edu.ar\/wp-content\/uploads\/2018\/08\/0_IMG-20180814-WA0009-240x135.jpg 240w, https:\/\/www.inet.edu.ar\/wp-content\/uploads\/2018\/08\/0_IMG-20180814-WA0009-768x432.jpg 768w, https:\/\/www.inet.edu.ar\/wp-content\/uploads\/2018\/08\/0_IMG-20180814-WA0009-468x263.jpg 468w, https:\/\/www.inet.edu.ar\/wp-content\/uploads\/2018\/08\/0_IMG-20180814-WA0009.jpg 1032w\" sizes=\"auto, (max-width: 240px) 100vw, 240px\" \/><\/a>\n\t\t\t<\/dt><\/dl><dl class='gallery-item'>\n\t\t\t<dt class='gallery-icon landscape'>\n\t\t\t\t<a href='https:\/\/www.inet.edu.ar\/index.php\/se-presento-programa-de-formacion-para-docentes-tecnicos-en-chaco\/0_img-20180814-wa0006\/#main'><img loading=\"lazy\" decoding=\"async\" width=\"240\" height=\"135\" src=\"https:\/\/www.inet.edu.ar\/wp-content\/uploads\/2018\/08\/0_IMG-20180814-WA0006-240x135.jpg\" class=\"attachment-medium size-medium\" alt=\"\" srcset=\"https:\/\/www.inet.edu.ar\/wp-content\/uploads\/2018\/08\/0_IMG-20180814-WA0006-240x135.jpg 240w, https:\/\/www.inet.edu.ar\/wp-content\/uploads\/2018\/08\/0_IMG-20180814-WA0006-768x432.jpg 768w, https:\/\/www.inet.edu.ar\/wp-content\/uploads\/2018\/08\/0_IMG-20180814-WA0006-468x263.jpg 468w, https:\/\/www.inet.edu.ar\/wp-content\/uploads\/2018\/08\/0_IMG-20180814-WA0006.jpg 1032w\" sizes=\"auto, (max-width: 240px) 100vw, 240px\" \/><\/a>\n\t\t\t<\/dt><\/dl><br style=\"clear: both\" \/>\n\t\t<\/div>\n\n","protected":false},"excerpt":{"rendered":"<p>En resistencia Chaco se realiz\u00f3 ayer el lanzamiento provincial del Programa En FoCo ETP , el primer programa de capacitaci\u00f3n para docentes de Educaci\u00f3n T\u00e9cnico Profesional. El programa nuclea una oferta de 93 cursos anuales con la posibilidad de cursar de forma presencial, semi presencial y a distancia. Para esta \u00faltima modalidad, el Programa cuenta [&hellip;]<\/p>\n","protected":false},"author":7,"featured_media":25996,"comment_status":"closed","ping_status":"open","sticky":false,"template":"","format":"standard","meta":{"footnotes":""},"categories":[1,14],"tags":[],"class_list":["post-25992","post","type-post","status-publish","format-standard","has-post-thumbnail","hentry","category-noticias","category-noticias-fijas"],"_links":{"self":[{"href":"https:\/\/www.inet.edu.ar\/index.php\/wp-json\/wp\/v2\/posts\/25992","targetHints":{"allow":["GET"]}}],"collection":[{"href":"https:\/\/www.inet.edu.ar\/index.php\/wp-json\/wp\/v2\/posts"}],"about":[{"href":"https:\/\/www.inet.edu.ar\/index.php\/wp-json\/wp\/v2\/types\/post"}],"author":[{"embeddable":true,"href":"https:\/\/www.inet.edu.ar\/index.php\/wp-json\/wp\/v2\/users\/7"}],"replies":[{"embeddable":true,"href":"https:\/\/www.inet.edu.ar\/index.php\/wp-json\/wp\/v2\/comments?post=25992"}],"version-history":[{"count":4,"href":"https:\/\/www.inet.edu.ar\/index.php\/wp-json\/wp\/v2\/posts\/25992\/revisions"}],"predecessor-version":[{"id":25999,"href":"https:\/\/www.inet.edu.ar\/index.php\/wp-json\/wp\/v2\/posts\/25992\/revisions\/25999"}],"wp:featuredmedia":[{"embeddable":true,"href":"https:\/\/www.inet.edu.ar\/index.php\/wp-json\/wp\/v2\/media\/25996"}],"wp:attachment":[{"href":"https:\/\/www.inet.edu.ar\/index.php\/wp-json\/wp\/v2\/media?parent=25992"}],"wp:term":[{"taxonomy":"category","embeddable":true,"href":"https:\/\/www.inet.edu.ar\/index.php\/wp-json\/wp\/v2\/categories?post=25992"},{"taxonomy":"post_tag","embeddable":true,"href":"https:\/\/www.inet.edu.ar\/index.php\/wp-json\/wp\/v2\/tags?post=25992"}],"curies":[{"name":"wp","href":"https:\/\/api.w.org\/{rel}","templated":true}]}}