{"id":26070,"date":"2018-08-21T14:39:58","date_gmt":"2018-08-21T17:39:58","guid":{"rendered":"https:\/\/www.inet.edu.ar\/?p=26070"},"modified":"2018-08-21T18:09:09","modified_gmt":"2018-08-21T21:09:09","slug":"inet-lanzo-un-programa-para-que-jovenes-en-vulnerabilidad-concluyan-sus-estudios-medios","status":"publish","type":"post","link":"https:\/\/www.inet.edu.ar\/index.php\/inet-lanzo-un-programa-para-que-jovenes-en-vulnerabilidad-concluyan-sus-estudios-medios\/","title":{"rendered":"INET lanz\u00f3 un programa para que j\u00f3venes en vulnerabilidad concluyan sus estudios medios"},"content":{"rendered":"<p>Se lanz\u00f3 formalmente el ciclo lectivo del programa de terminalidad educativa para j\u00f3venes con vulnerabilidad en la planta de Toyota en Z\u00e1rate. Se trata del programa \u201cEducate para el cambio\u201d, una iniciativa de INET y Toyota.<\/p>\n<p>A trav\u00e9s de este programa, j\u00f3venes de entre 18 y 24 a\u00f1os podr\u00e1n concluir sus estudios y obtener el t\u00edtulo de nivel medio, lo cual les permitir\u00e1 mejorar su empleabilidad, sus habilidades y competencias.<\/p>\n<p>En principio, el programa est\u00e1 destinado a 100 j\u00f3venes de distintos distritos de Provincia de Buenos Aires, muchos de los cuales participaron hoy en el lanzamiento.<\/p>\n<p>Participaron el director ejecutivo del INET, Leandro Goroyesky; el secretario permanente del Consejo Nacional de Educaci\u00f3n, Trabajo y Producci\u00f3n (CoNETyP), Marcelo Vaccaro; el director Gral. de Cultura y Educaci\u00f3n de Buenos Aires, Gabriel S\u00e1nchez Zinny; junto a otras autoridades educativas de la provincia; y al presidente de Toyota Argentina, Daniel Herrero.<\/p>\n<p><strong>Noticias relacionadas<\/strong><\/p>\n<p><a href=\"https:\/\/www.inet.edu.ar\/index.php\/acuerdo-entre-el-inet-y-toyota-por-terminalidad-educativa-de-jovenes-en-vulnerabilidad\/\">\u00abAcuerdo entre el INET y Toyota por terminalidad educativa de j\u00f3venes en vulnerabilidad\u00bb<\/a><\/p>\n<p><strong>Galer\u00eda de im\u00e1genes<\/strong><\/p>\n\n\t\t<style type=\"text\/css\">\n\t\t\t#gallery-1 {\n\t\t\t\tmargin: auto;\n\t\t\t}\n\t\t\t#gallery-1 .gallery-item {\n\t\t\t\tfloat: left;\n\t\t\t\tmargin-top: 10px;\n\t\t\t\ttext-align: center;\n\t\t\t\twidth: 33%;\n\t\t\t}\n\t\t\t#gallery-1 img {\n\t\t\t\tborder: 2px solid #cfcfcf;\n\t\t\t}\n\t\t\t#gallery-1 .gallery-caption {\n\t\t\t\tmargin-left: 0;\n\t\t\t}\n\t\t\t\/* see gallery_shortcode() in wp-includes\/media.php *\/\n\t\t<\/style>\n\t\t<div id='gallery-1' class='gallery galleryid-26070 gallery-columns-3 gallery-size-medium'><dl class='gallery-item'>\n\t\t\t<dt class='gallery-icon landscape'>\n\t\t\t\t<a href='https:\/\/www.inet.edu.ar\/index.php\/inet-lanzo-un-programa-para-que-jovenes-en-vulnerabilidad-concluyan-sus-estudios-medios\/whatsapp-image-2018-08-21-at-10-25-59\/#main'><img loading=\"lazy\" decoding=\"async\" width=\"240\" height=\"180\" src=\"https:\/\/www.inet.edu.ar\/wp-content\/uploads\/2018\/08\/WhatsApp-Image-2018-08-21-at-10.25.59-240x180.jpeg\" class=\"attachment-medium size-medium\" alt=\"\" srcset=\"https:\/\/www.inet.edu.ar\/wp-content\/uploads\/2018\/08\/WhatsApp-Image-2018-08-21-at-10.25.59-240x180.jpeg 240w, https:\/\/www.inet.edu.ar\/wp-content\/uploads\/2018\/08\/WhatsApp-Image-2018-08-21-at-10.25.59-768x576.jpeg 768w, https:\/\/www.inet.edu.ar\/wp-content\/uploads\/2018\/08\/WhatsApp-Image-2018-08-21-at-10.25.59-468x351.jpeg 468w, https:\/\/www.inet.edu.ar\/wp-content\/uploads\/2018\/08\/WhatsApp-Image-2018-08-21-at-10.25.59.jpeg 1280w\" sizes=\"auto, (max-width: 240px) 100vw, 240px\" \/><\/a>\n\t\t\t<\/dt><\/dl><dl class='gallery-item'>\n\t\t\t<dt class='gallery-icon landscape'>\n\t\t\t\t<a href='https:\/\/www.inet.edu.ar\/index.php\/inet-lanzo-un-programa-para-que-jovenes-en-vulnerabilidad-concluyan-sus-estudios-medios\/whatsapp-image-2018-08-21-at-10-26-00-2\/#main'><img loading=\"lazy\" decoding=\"async\" width=\"240\" height=\"180\" src=\"https:\/\/www.inet.edu.ar\/wp-content\/uploads\/2018\/08\/WhatsApp-Image-2018-08-21-at-10.26.00-2-240x180.jpeg\" class=\"attachment-medium size-medium\" alt=\"\" srcset=\"https:\/\/www.inet.edu.ar\/wp-content\/uploads\/2018\/08\/WhatsApp-Image-2018-08-21-at-10.26.00-2-240x180.jpeg 240w, https:\/\/www.inet.edu.ar\/wp-content\/uploads\/2018\/08\/WhatsApp-Image-2018-08-21-at-10.26.00-2-768x576.jpeg 768w, https:\/\/www.inet.edu.ar\/wp-content\/uploads\/2018\/08\/WhatsApp-Image-2018-08-21-at-10.26.00-2-468x351.jpeg 468w, https:\/\/www.inet.edu.ar\/wp-content\/uploads\/2018\/08\/WhatsApp-Image-2018-08-21-at-10.26.00-2.jpeg 1280w\" sizes=\"auto, (max-width: 240px) 100vw, 240px\" \/><\/a>\n\t\t\t<\/dt><\/dl><dl class='gallery-item'>\n\t\t\t<dt class='gallery-icon landscape'>\n\t\t\t\t<a href='https:\/\/www.inet.edu.ar\/index.php\/inet-lanzo-un-programa-para-que-jovenes-en-vulnerabilidad-concluyan-sus-estudios-medios\/whatsapp-image-2018-08-21-at-10-26-00\/#main'><img loading=\"lazy\" decoding=\"async\" width=\"240\" height=\"197\" src=\"https:\/\/www.inet.edu.ar\/wp-content\/uploads\/2018\/08\/WhatsApp-Image-2018-08-21-at-10.26.00-240x197.jpeg\" class=\"attachment-medium size-medium\" alt=\"\" srcset=\"https:\/\/www.inet.edu.ar\/wp-content\/uploads\/2018\/08\/WhatsApp-Image-2018-08-21-at-10.26.00-240x197.jpeg 240w, https:\/\/www.inet.edu.ar\/wp-content\/uploads\/2018\/08\/WhatsApp-Image-2018-08-21-at-10.26.00-768x630.jpeg 768w, https:\/\/www.inet.edu.ar\/wp-content\/uploads\/2018\/08\/WhatsApp-Image-2018-08-21-at-10.26.00-468x384.jpeg 468w, https:\/\/www.inet.edu.ar\/wp-content\/uploads\/2018\/08\/WhatsApp-Image-2018-08-21-at-10.26.00.jpeg 1280w\" sizes=\"auto, (max-width: 240px) 100vw, 240px\" \/><\/a>\n\t\t\t<\/dt><\/dl><br style=\"clear: both\" \/>\n\t\t<\/div>\n\n","protected":false},"excerpt":{"rendered":"<p>Se lanz\u00f3 formalmente el ciclo lectivo del programa de terminalidad educativa para j\u00f3venes con vulnerabilidad en la planta de Toyota en Z\u00e1rate. Se trata del programa \u201cEducate para el cambio\u201d, una iniciativa de INET y Toyota. A trav\u00e9s de este programa, j\u00f3venes de entre 18 y 24 a\u00f1os podr\u00e1n concluir sus estudios y obtener el [&hellip;]<\/p>\n","protected":false},"author":7,"featured_media":26073,"comment_status":"closed","ping_status":"open","sticky":false,"template":"","format":"standard","meta":{"footnotes":""},"categories":[1,14],"tags":[],"class_list":["post-26070","post","type-post","status-publish","format-standard","has-post-thumbnail","hentry","category-noticias","category-noticias-fijas"],"_links":{"self":[{"href":"https:\/\/www.inet.edu.ar\/index.php\/wp-json\/wp\/v2\/posts\/26070","targetHints":{"allow":["GET"]}}],"collection":[{"href":"https:\/\/www.inet.edu.ar\/index.php\/wp-json\/wp\/v2\/posts"}],"about":[{"href":"https:\/\/www.inet.edu.ar\/index.php\/wp-json\/wp\/v2\/types\/post"}],"author":[{"embeddable":true,"href":"https:\/\/www.inet.edu.ar\/index.php\/wp-json\/wp\/v2\/users\/7"}],"replies":[{"embeddable":true,"href":"https:\/\/www.inet.edu.ar\/index.php\/wp-json\/wp\/v2\/comments?post=26070"}],"version-history":[{"count":3,"href":"https:\/\/www.inet.edu.ar\/index.php\/wp-json\/wp\/v2\/posts\/26070\/revisions"}],"predecessor-version":[{"id":26076,"href":"https:\/\/www.inet.edu.ar\/index.php\/wp-json\/wp\/v2\/posts\/26070\/revisions\/26076"}],"wp:featuredmedia":[{"embeddable":true,"href":"https:\/\/www.inet.edu.ar\/index.php\/wp-json\/wp\/v2\/media\/26073"}],"wp:attachment":[{"href":"https:\/\/www.inet.edu.ar\/index.php\/wp-json\/wp\/v2\/media?parent=26070"}],"wp:term":[{"taxonomy":"category","embeddable":true,"href":"https:\/\/www.inet.edu.ar\/index.php\/wp-json\/wp\/v2\/categories?post=26070"},{"taxonomy":"post_tag","embeddable":true,"href":"https:\/\/www.inet.edu.ar\/index.php\/wp-json\/wp\/v2\/tags?post=26070"}],"curies":[{"name":"wp","href":"https:\/\/api.w.org\/{rel}","templated":true}]}}