{"id":26255,"date":"2018-08-24T15:53:55","date_gmt":"2018-08-24T18:53:55","guid":{"rendered":"https:\/\/www.inet.edu.ar\/?p=26255"},"modified":"2018-09-19T16:30:55","modified_gmt":"2018-09-19T19:30:55","slug":"comienzan-las-olimpiadas-de-estudiantes-de-la-educacion-tecnico-profesional","status":"publish","type":"post","link":"https:\/\/www.inet.edu.ar\/index.php\/comienzan-las-olimpiadas-de-estudiantes-de-la-educacion-tecnico-profesional\/","title":{"rendered":"Comienzan las Olimp\u00edadas de estudiantes de la Educaci\u00f3n T\u00e9cnico Profesional!"},"content":{"rendered":"<p>Las <a href=\"https:\/\/www.inet.edu.ar\/index.php\/niveles-educativos\/educacion-secundaria-tecnica\/encuentros-educativos\/olimpiadas-nacionales-de-la-etp\/\" target=\"_blank\" rel=\"noopener\"><strong>Olimp\u00edadas de la Educaci\u00f3n T\u00e9cnico Profesional<\/strong> <\/a>son encuentros que convocan a escuelas secundarias t\u00e9cnicas, de gesti\u00f3n estatal y privada, de todo el pa\u00eds a participar en actividades acad\u00e9micas centradas en resaltar, consolidar e integrar los conocimientos y capacidades construidas a lo largo de la trayectoria formativa de los estudiantes.<\/p>\n<p>Son organizadas por el <strong>Ministerio de Educaci\u00f3n, Cultura, Ciencia y Tecnolog\u00eda de la Naci\u00f3n<\/strong> a trav\u00e9s del <strong>Instituto Nacional de Educaci\u00f3n Tecnol\u00f3gica (INET)<\/strong> junto a las 24 jurisdicciones (las provincias y la Ciudad Aut\u00f3noma de Buenos Aires).<\/p>\n<p>Las Olimp\u00edadas tienen por objetivos constituir a las escuelas secundarias t\u00e9cnicas como un \u00e1mbito de participaci\u00f3n en actividades acad\u00e9micas, instaurar la resoluci\u00f3n de situaciones problem\u00e1ticas del campo profesional t\u00e9cnico, favorecer el trabajo en equipos colaborativos, y constituir una fuente de informaci\u00f3n significativa de las capacidades alcanzadas por los estudiantes a su egreso.<\/p>\n<p>Adem\u00e1s de las ya tradicionales de <strong>Construcciones<\/strong> y de <strong>Electromec\u00e1nica,<\/strong> desde el 2017 se organizan las Olimp\u00edadas de <strong>Electr\u00f3nica,<\/strong> de P<strong>rogramaci\u00f3n\/Computaci\u00f3n\/Inform\u00e1tica<\/strong>, y de <strong>Producci\u00f3n Agropecuaria<\/strong>. Y este a\u00f1o se agrega la de <strong>Industria de Procesos\/Qu\u00edmica\/Tecnolog\u00eda de los Alimentos<\/strong>.<\/p>\n<p>Podr\u00e1n participar estudiantes regulares del \u00faltimo a\u00f1o del segundo ciclo de escuelas secundarias t\u00e9cnicas de las especialidades mencionadas.<\/p>\n<p>Cada encuentro se desarrollar\u00e1 en dos instancias: <em>Escolar-Jurisdiccional<\/em>, y <em>Nacional.<\/em><\/p>\n<p>La instancia <em>Escolar-Jurisdiccional<\/em>, que se realizar\u00e1 en septiembre y octubre, es organizada por y en cada jurisdicci\u00f3n. Se realizar\u00e1 en una jornada de un d\u00eda con las situaciones y criterios de evaluaci\u00f3n seg\u00fan reglamento. La descripci\u00f3n de la actividad variar\u00e1 seg\u00fan la especialidad.<\/p>\n<p>En cuanto a la instancia <em>Nacional<\/em>, las Olimp\u00edadas se realizar\u00e1n en la sede del INET excepto la de Qu\u00edmica \u2013que incluir\u00e1 dos d\u00edas en una escuela t\u00e9cnica de Provincia de Buenos Aires; y la de Producci\u00f3n Agropecuaria \u00a0-que tendr\u00e1 lugar en una escuela agrot\u00e9cnica de la provincia de Santa Fe. En esta instancia, se agrega una categor\u00eda para estudiantes de ETP de la modalidad Adultos. Se desarrollar\u00e1 en octubre y noviembre.<\/p>\n<p>Fechas y sedes de cada Olimp\u00edada:<\/p>\n<table border=\"1\" width=\"617\">\n<tbody>\n<tr>\n<td style=\"text-align: center;\" width=\"191\"><strong>Especialidad<\/strong><\/td>\n<td style=\"text-align: center;\" width=\"118\"><strong>Instancia Escolar-Jurisdiccional<\/strong><\/td>\n<td style=\"text-align: center;\" width=\"141\"><strong>Instancia Nacional<\/strong><\/td>\n<td style=\"text-align: center;\" width=\"166\"><strong>Sede<\/strong><\/td>\n<\/tr>\n<tr>\n<td width=\"191\">Industria de Procesos \/ Qu\u00edmica \/ Tecnolog\u00eda de los Alimentos<\/td>\n<td style=\"text-align: center;\" width=\"118\">12 de Septiembre<\/td>\n<td style=\"text-align: center;\" width=\"141\">22 al 26 de Octubre<\/td>\n<td style=\"text-align: center;\" width=\"166\">INET\u00a0+ Escuela T\u00e9cnica N\u00b0 4, Avellaneda, Provincia de Buenos Aires<\/td>\n<\/tr>\n<tr>\n<td width=\"191\">Electr\u00f3nica<\/td>\n<td style=\"text-align: center;\" width=\"118\">18 Septiembre<\/td>\n<td style=\"text-align: center;\" width=\"141\">29 de Octubre<br \/>\nal 2 de Noviembre<\/td>\n<td style=\"text-align: center;\" width=\"166\">INET<\/td>\n<\/tr>\n<tr>\n<td width=\"191\">Producci\u00f3n Agropecuaria<\/td>\n<td style=\"text-align: center;\" width=\"118\">2 de Octubre<\/td>\n<td style=\"text-align: center;\" width=\"141\">5 al 9 de Noviembre<\/td>\n<td style=\"text-align: center;\" width=\"166\">Escuela Agrot\u00e9cnica Libertador Gral. San Mart\u00edn, Casilda UNR, Provincia de Santa Fe<\/td>\n<\/tr>\n<tr>\n<td width=\"191\">Programaci\u00f3n \/ Computaci\u00f3n \/ Inform\u00e1tica<\/td>\n<td style=\"text-align: center;\" width=\"118\">9 de octubre<\/td>\n<td style=\"text-align: center;\" width=\"141\">5 al 9 de Noviembre<\/td>\n<td style=\"text-align: center;\" width=\"166\">INET<\/td>\n<\/tr>\n<tr>\n<td width=\"191\">Electromec\u00e1nica<\/td>\n<td style=\"text-align: center;\" width=\"118\">16 de Octubre<\/td>\n<td style=\"text-align: center;\" width=\"141\">12 al 16 de<br \/>\nnoviembre<\/td>\n<td style=\"text-align: center;\" width=\"166\">INET<\/td>\n<\/tr>\n<tr>\n<td width=\"191\">Construcciones<\/td>\n<td style=\"text-align: center;\" width=\"118\">16 Octubre<\/td>\n<td style=\"text-align: center;\" width=\"141\">20 al 24 de Noviembre<\/td>\n<td style=\"text-align: center;\" width=\"166\">INET<\/td>\n<\/tr>\n<\/tbody>\n<\/table>\n<p>Para m\u00e1s informaci\u00f3n: <a href=\"https:\/\/www.inet.edu.ar\/index.php\/niveles-educativos\/educacion-secundaria-tecnica\/encuentros-educativos\/olimpiadas-nacionales-de-la-etp\/\" target=\"_blank\" rel=\"noopener\">Olimp\u00edadas Nacionales<\/a><\/p>\n","protected":false},"excerpt":{"rendered":"<p>Las Olimp\u00edadas de la Educaci\u00f3n T\u00e9cnico Profesional son encuentros que convocan a escuelas secundarias t\u00e9cnicas, de gesti\u00f3n estatal y privada, de todo el pa\u00eds a participar en actividades acad\u00e9micas centradas en resaltar, consolidar e integrar los conocimientos y capacidades construidas a lo largo de la trayectoria formativa de los estudiantes. Son organizadas por el Ministerio [&hellip;]<\/p>\n","protected":false},"author":7,"featured_media":26290,"comment_status":"closed","ping_status":"open","sticky":false,"template":"","format":"standard","meta":{"footnotes":""},"categories":[1,14],"tags":[],"class_list":["post-26255","post","type-post","status-publish","format-standard","has-post-thumbnail","hentry","category-noticias","category-noticias-fijas"],"_links":{"self":[{"href":"https:\/\/www.inet.edu.ar\/index.php\/wp-json\/wp\/v2\/posts\/26255","targetHints":{"allow":["GET"]}}],"collection":[{"href":"https:\/\/www.inet.edu.ar\/index.php\/wp-json\/wp\/v2\/posts"}],"about":[{"href":"https:\/\/www.inet.edu.ar\/index.php\/wp-json\/wp\/v2\/types\/post"}],"author":[{"embeddable":true,"href":"https:\/\/www.inet.edu.ar\/index.php\/wp-json\/wp\/v2\/users\/7"}],"replies":[{"embeddable":true,"href":"https:\/\/www.inet.edu.ar\/index.php\/wp-json\/wp\/v2\/comments?post=26255"}],"version-history":[{"count":9,"href":"https:\/\/www.inet.edu.ar\/index.php\/wp-json\/wp\/v2\/posts\/26255\/revisions"}],"predecessor-version":[{"id":26289,"href":"https:\/\/www.inet.edu.ar\/index.php\/wp-json\/wp\/v2\/posts\/26255\/revisions\/26289"}],"wp:featuredmedia":[{"embeddable":true,"href":"https:\/\/www.inet.edu.ar\/index.php\/wp-json\/wp\/v2\/media\/26290"}],"wp:attachment":[{"href":"https:\/\/www.inet.edu.ar\/index.php\/wp-json\/wp\/v2\/media?parent=26255"}],"wp:term":[{"taxonomy":"category","embeddable":true,"href":"https:\/\/www.inet.edu.ar\/index.php\/wp-json\/wp\/v2\/categories?post=26255"},{"taxonomy":"post_tag","embeddable":true,"href":"https:\/\/www.inet.edu.ar\/index.php\/wp-json\/wp\/v2\/tags?post=26255"}],"curies":[{"name":"wp","href":"https:\/\/api.w.org\/{rel}","templated":true}]}}