{"id":26563,"date":"2018-10-03T13:24:20","date_gmt":"2018-10-03T16:24:20","guid":{"rendered":"https:\/\/www.inet.edu.ar\/?p=26563"},"modified":"2018-10-03T13:24:20","modified_gmt":"2018-10-03T16:24:20","slug":"docentes-y-directivos-de-escuelas-tecnicas-y-agrotecnicas-se-capacitan-en-eeuu","status":"publish","type":"post","link":"https:\/\/www.inet.edu.ar\/index.php\/docentes-y-directivos-de-escuelas-tecnicas-y-agrotecnicas-se-capacitan-en-eeuu\/","title":{"rendered":"Docentes y directivos de escuelas t\u00e9cnicas y agrot\u00e9cnicas se capacitan en EEUU"},"content":{"rendered":"<p>Docentes y directivos de escuelas t\u00e9cnicas y agrot\u00e9cnicas de todo el pa\u00eds viajaron a la Universidad de Carolina del Norte, EEUU, para recibir capacitaciones te\u00f3ricas y experimentar una inmersi\u00f3n intensiva en instituciones educativas americanas.<\/p>\n<p>Se trata de los docentes becados por el Ministerio de Educaci\u00f3n, Cultura, Ciencia y Tecnolog\u00eda a trav\u00e9s del INET, y en conjunto con la Comisi\u00f3n Fulbright, que recibir\u00e1n capacitaci\u00f3n en \u00e1reas de liderazgo, gesti\u00f3n educativa e innovaci\u00f3n pedag\u00f3gica, uso de saberes digitales, y vinculaci\u00f3n con empresas y sector socio productivo.<\/p>\n<p>El objetivo de la capacitaci\u00f3n es que, al volver a sus instituciones educativas, los docentes y directivos puedan aplicar los conocimientos adquiridos con el fin de mejorar la terminalidad; incorporar saberes digitales y saberes 4.0; promover las pr\u00e1cticas profesionalizantes en \u00e1mbitos fuera de la instituci\u00f3n; fortalecer a las escuelas como incubadoras de emprendimientos productivos; y promover una mejor articulaci\u00f3n con los otros niveles de la Educaci\u00f3n T\u00e9cnico Profesional.<\/p>\n","protected":false},"excerpt":{"rendered":"<p>Docentes y directivos de escuelas t\u00e9cnicas y agrot\u00e9cnicas de todo el pa\u00eds viajaron a la Universidad de Carolina del Norte, EEUU, para recibir capacitaciones te\u00f3ricas y experimentar una inmersi\u00f3n intensiva en instituciones educativas americanas. Se trata de los docentes becados por el Ministerio de Educaci\u00f3n, Cultura, Ciencia y Tecnolog\u00eda a trav\u00e9s del INET, y en [&hellip;]<\/p>\n","protected":false},"author":7,"featured_media":26566,"comment_status":"closed","ping_status":"open","sticky":false,"template":"","format":"standard","meta":{"footnotes":""},"categories":[1,14],"tags":[],"class_list":["post-26563","post","type-post","status-publish","format-standard","has-post-thumbnail","hentry","category-noticias","category-noticias-fijas"],"_links":{"self":[{"href":"https:\/\/www.inet.edu.ar\/index.php\/wp-json\/wp\/v2\/posts\/26563","targetHints":{"allow":["GET"]}}],"collection":[{"href":"https:\/\/www.inet.edu.ar\/index.php\/wp-json\/wp\/v2\/posts"}],"about":[{"href":"https:\/\/www.inet.edu.ar\/index.php\/wp-json\/wp\/v2\/types\/post"}],"author":[{"embeddable":true,"href":"https:\/\/www.inet.edu.ar\/index.php\/wp-json\/wp\/v2\/users\/7"}],"replies":[{"embeddable":true,"href":"https:\/\/www.inet.edu.ar\/index.php\/wp-json\/wp\/v2\/comments?post=26563"}],"version-history":[{"count":1,"href":"https:\/\/www.inet.edu.ar\/index.php\/wp-json\/wp\/v2\/posts\/26563\/revisions"}],"predecessor-version":[{"id":26565,"href":"https:\/\/www.inet.edu.ar\/index.php\/wp-json\/wp\/v2\/posts\/26563\/revisions\/26565"}],"wp:featuredmedia":[{"embeddable":true,"href":"https:\/\/www.inet.edu.ar\/index.php\/wp-json\/wp\/v2\/media\/26566"}],"wp:attachment":[{"href":"https:\/\/www.inet.edu.ar\/index.php\/wp-json\/wp\/v2\/media?parent=26563"}],"wp:term":[{"taxonomy":"category","embeddable":true,"href":"https:\/\/www.inet.edu.ar\/index.php\/wp-json\/wp\/v2\/categories?post=26563"},{"taxonomy":"post_tag","embeddable":true,"href":"https:\/\/www.inet.edu.ar\/index.php\/wp-json\/wp\/v2\/tags?post=26563"}],"curies":[{"name":"wp","href":"https:\/\/api.w.org\/{rel}","templated":true}]}}