{"id":26577,"date":"2018-10-03T15:31:34","date_gmt":"2018-10-03T18:31:34","guid":{"rendered":"https:\/\/www.inet.edu.ar\/?p=26577"},"modified":"2018-10-03T15:36:56","modified_gmt":"2018-10-03T18:36:56","slug":"alumno-as-de-tecnica-de-entre-rios-fabrican-sillas-para-personas-con-discapacidad","status":"publish","type":"post","link":"https:\/\/www.inet.edu.ar\/index.php\/alumno-as-de-tecnica-de-entre-rios-fabrican-sillas-para-personas-con-discapacidad\/","title":{"rendered":"Alumno\/as de T\u00e9cnica de Entre R\u00edos fabrican sillas para personas con discapacidad"},"content":{"rendered":"<p>Alumno\/as de la Escuela de Educaci\u00f3n T\u00e9cnica N\u00b0 1 \u201cDr. Alfredo Materi\u201d de Diamante (Entre R\u00edos) <strong>fabricaron sillas de ruedas y sillas posturales<\/strong>, luego de una capacitaci\u00f3n realizada por t\u00e9cnicos del INET y del INTI.<\/p>\n<p>La capacitaci\u00f3n que recibieron se enmarca en el programa Construir Inclusi\u00f3n en la Educaci\u00f3n T\u00e9cnico Profesional (ETP), del Ministerio de Educaci\u00f3n, Cultura, Ciencia y Tecnolog\u00eda a trav\u00e9s del INET, en convenio con el INTI, y en un trabajo conjunto con la cartera educativa provincial.<\/p>\n<p><em>\u201cEstamos orgullosos que en la escuela t\u00e9cnica aprendamos a hacer un producto para ayudar a las personas\u201d<\/em>, dijeron los estudiantes Dami\u00e1n Bruch y Mariano Morales -de 6to a\u00f1o de Electromec\u00e1nica.<\/p>\n<p>Para realizar el proyecto, los alumno\/as utilizaron los distintos talleres -como Mec\u00e1nica, Carpinter\u00eda, Herrer\u00eda y Tapizado- como parte de un trabajo institucional conjunto. El docente a cargo que es jefe de Talleres, Oscar Gomez Rubio, manifest\u00f3 que este tipo de proyectos forma parte del rol fundamental que la Educaci\u00f3n T\u00e9cnica cumple dentro de la sociedad dado que <em>\u201cpensar en un fin determinado para la igualdad e inclusi\u00f3n motiva e incentiva un poquito m\u00e1s tanto a docentes como a estudiantes\u201d<\/em>.<\/p>\n<p>En septiembre, los dispositivos fueron expuestos en el XXI Encuentro Nacional y II Encuentro Internacional de Educaci\u00f3n T\u00e9cnica, Agrot\u00e9cnica y Formaci\u00f3n Profesional organizado por la Asociaci\u00f3n de Magisterio de Ense\u00f1anza T\u00e9cnica (AMET), donde docentes de la ETP de todo el pa\u00eds se reunieron para discutir, intercambiar opiniones y escuchar a distintos actores de la modalidad nacionales y extranjeros.<\/p>\n<p>Para el a\u00f1o que viene, directivos y docentes est\u00e1n realizando un relevamiento en las distintas entidades de la ciudad de Diamante para poder entregar los dispositivos a personas que los necesiten, <strong>como parte del Proyecto Educativo Institucional de formar a los egresados tanto a nivel personal como profesional<\/strong>.<\/p>\n<p><a href=\"https:\/\/www.inet.edu.ar\/wp-content\/uploads\/2018\/10\/capacitacion-Construir-Inclusion.jpg\"><img loading=\"lazy\" decoding=\"async\" class=\"aligncenter size-large wp-image-26580\" src=\"https:\/\/www.inet.edu.ar\/wp-content\/uploads\/2018\/10\/capacitacion-Construir-Inclusion-468x219.jpg\" alt=\"\" width=\"468\" height=\"219\" srcset=\"https:\/\/www.inet.edu.ar\/wp-content\/uploads\/2018\/10\/capacitacion-Construir-Inclusion-468x219.jpg 468w, https:\/\/www.inet.edu.ar\/wp-content\/uploads\/2018\/10\/capacitacion-Construir-Inclusion-240x112.jpg 240w, https:\/\/www.inet.edu.ar\/wp-content\/uploads\/2018\/10\/capacitacion-Construir-Inclusion-768x359.jpg 768w, https:\/\/www.inet.edu.ar\/wp-content\/uploads\/2018\/10\/capacitacion-Construir-Inclusion.jpg 936w\" sizes=\"auto, (max-width: 468px) 100vw, 468px\" \/><\/a><\/p>\n","protected":false},"excerpt":{"rendered":"<p>Alumno\/as de la Escuela de Educaci\u00f3n T\u00e9cnica N\u00b0 1 \u201cDr. Alfredo Materi\u201d de Diamante (Entre R\u00edos) fabricaron sillas de ruedas y sillas posturales, luego de una capacitaci\u00f3n realizada por t\u00e9cnicos del INET y del INTI. La capacitaci\u00f3n que recibieron se enmarca en el programa Construir Inclusi\u00f3n en la Educaci\u00f3n T\u00e9cnico Profesional (ETP), del Ministerio de [&hellip;]<\/p>\n","protected":false},"author":7,"featured_media":26584,"comment_status":"closed","ping_status":"open","sticky":false,"template":"","format":"standard","meta":{"footnotes":""},"categories":[1,14],"tags":[],"class_list":["post-26577","post","type-post","status-publish","format-standard","has-post-thumbnail","hentry","category-noticias","category-noticias-fijas"],"_links":{"self":[{"href":"https:\/\/www.inet.edu.ar\/index.php\/wp-json\/wp\/v2\/posts\/26577","targetHints":{"allow":["GET"]}}],"collection":[{"href":"https:\/\/www.inet.edu.ar\/index.php\/wp-json\/wp\/v2\/posts"}],"about":[{"href":"https:\/\/www.inet.edu.ar\/index.php\/wp-json\/wp\/v2\/types\/post"}],"author":[{"embeddable":true,"href":"https:\/\/www.inet.edu.ar\/index.php\/wp-json\/wp\/v2\/users\/7"}],"replies":[{"embeddable":true,"href":"https:\/\/www.inet.edu.ar\/index.php\/wp-json\/wp\/v2\/comments?post=26577"}],"version-history":[{"count":4,"href":"https:\/\/www.inet.edu.ar\/index.php\/wp-json\/wp\/v2\/posts\/26577\/revisions"}],"predecessor-version":[{"id":26583,"href":"https:\/\/www.inet.edu.ar\/index.php\/wp-json\/wp\/v2\/posts\/26577\/revisions\/26583"}],"wp:featuredmedia":[{"embeddable":true,"href":"https:\/\/www.inet.edu.ar\/index.php\/wp-json\/wp\/v2\/media\/26584"}],"wp:attachment":[{"href":"https:\/\/www.inet.edu.ar\/index.php\/wp-json\/wp\/v2\/media?parent=26577"}],"wp:term":[{"taxonomy":"category","embeddable":true,"href":"https:\/\/www.inet.edu.ar\/index.php\/wp-json\/wp\/v2\/categories?post=26577"},{"taxonomy":"post_tag","embeddable":true,"href":"https:\/\/www.inet.edu.ar\/index.php\/wp-json\/wp\/v2\/tags?post=26577"}],"curies":[{"name":"wp","href":"https:\/\/api.w.org\/{rel}","templated":true}]}}