{"id":26585,"date":"2018-10-03T15:40:49","date_gmt":"2018-10-03T18:40:49","guid":{"rendered":"https:\/\/www.inet.edu.ar\/?p=26585"},"modified":"2018-10-03T15:40:49","modified_gmt":"2018-10-03T18:40:49","slug":"vecinos-de-chimpay-rio-negro-se-capacitan-en-aulas-talleres-moviles","status":"publish","type":"post","link":"https:\/\/www.inet.edu.ar\/index.php\/vecinos-de-chimpay-rio-negro-se-capacitan-en-aulas-talleres-moviles\/","title":{"rendered":"Vecinos de Chimpay, R\u00edo Negro, se capacitan en aulas talleres m\u00f3viles"},"content":{"rendered":"<p>Con el objetivo de <strong>capacitarse para el mundo del trabajo<\/strong>, vecinos de la localidad de Chimpay (R\u00edo Negro) realizaron cursos de Refrigeraci\u00f3n y Climatizaci\u00f3n, y de Inform\u00e1tica que se dictaron en aulas talleres m\u00f3viles.<\/p>\n<p>Estos cursos parte del programa Red de Aulas Talleres M\u00f3viles que el <strong>Ministerio de Educaci\u00f3n, Cultura, Ciencia y Tecnolog\u00eda<\/strong> -a trav\u00e9s del Instituto Nacional de Educaci\u00f3n Tecnol\u00f3gica (INET)- ha creado con el objetivo de <strong>asegurar y promover que la formaci\u00f3n profesional y la capacitaci\u00f3n laboral est\u00e9n presentes en todo el pa\u00eds<\/strong>. Los cursos estuvieron coorganizados con la cartera educativa provincial y los municipios.<\/p>\n<p>En total, R\u00edo Negro cuenta con cinco (5) aulas m\u00f3viles, cedidas en comodato por Educaci\u00f3n de Naci\u00f3n. Estas unidades reproducen las caracter\u00edsticas de un espacio formativo como aula-taller con las comodidades, condiciones de seguridad e higiene, y equipamiento requeridos para tal fin.<\/p>\n<p>En el acto de colaci\u00f3n realizado en la localidad, se entregaron 22 certificados en Refrigeraci\u00f3n y Climatizaci\u00f3n, y 23 en Inform\u00e1tica, ante la presencia de la ministra local de Educaci\u00f3n y Derechos Humanos, M\u00f3nica Silva; el intendente Hugo Funes; el vocal gubernamental Pablo N\u00fa\u00f1ez; y el director del Instituto T\u00e9cnico de Nivel Superior CEAER, Miguel Gallardo.<\/p>\n<p>Para m\u00e1s informaci\u00f3n: <a href=\"https:\/\/www.inet.edu.ar\/index.php\/niveles-educativos\/formacion-profesional\/programa-federal-de-aulas-tecnicas-moviles\/\" target=\"_blank\" rel=\"noopener\">Aulas Talleres M\u00f3viles<\/a><\/p>\n","protected":false},"excerpt":{"rendered":"<p>Con el objetivo de capacitarse para el mundo del trabajo, vecinos de la localidad de Chimpay (R\u00edo Negro) realizaron cursos de Refrigeraci\u00f3n y Climatizaci\u00f3n, y de Inform\u00e1tica que se dictaron en aulas talleres m\u00f3viles. Estos cursos parte del programa Red de Aulas Talleres M\u00f3viles que el Ministerio de Educaci\u00f3n, Cultura, Ciencia y Tecnolog\u00eda -a trav\u00e9s [&hellip;]<\/p>\n","protected":false},"author":7,"featured_media":26586,"comment_status":"closed","ping_status":"open","sticky":false,"template":"","format":"standard","meta":{"footnotes":""},"categories":[1,14],"tags":[],"class_list":["post-26585","post","type-post","status-publish","format-standard","has-post-thumbnail","hentry","category-noticias","category-noticias-fijas"],"_links":{"self":[{"href":"https:\/\/www.inet.edu.ar\/index.php\/wp-json\/wp\/v2\/posts\/26585","targetHints":{"allow":["GET"]}}],"collection":[{"href":"https:\/\/www.inet.edu.ar\/index.php\/wp-json\/wp\/v2\/posts"}],"about":[{"href":"https:\/\/www.inet.edu.ar\/index.php\/wp-json\/wp\/v2\/types\/post"}],"author":[{"embeddable":true,"href":"https:\/\/www.inet.edu.ar\/index.php\/wp-json\/wp\/v2\/users\/7"}],"replies":[{"embeddable":true,"href":"https:\/\/www.inet.edu.ar\/index.php\/wp-json\/wp\/v2\/comments?post=26585"}],"version-history":[{"count":1,"href":"https:\/\/www.inet.edu.ar\/index.php\/wp-json\/wp\/v2\/posts\/26585\/revisions"}],"predecessor-version":[{"id":26587,"href":"https:\/\/www.inet.edu.ar\/index.php\/wp-json\/wp\/v2\/posts\/26585\/revisions\/26587"}],"wp:featuredmedia":[{"embeddable":true,"href":"https:\/\/www.inet.edu.ar\/index.php\/wp-json\/wp\/v2\/media\/26586"}],"wp:attachment":[{"href":"https:\/\/www.inet.edu.ar\/index.php\/wp-json\/wp\/v2\/media?parent=26585"}],"wp:term":[{"taxonomy":"category","embeddable":true,"href":"https:\/\/www.inet.edu.ar\/index.php\/wp-json\/wp\/v2\/categories?post=26585"},{"taxonomy":"post_tag","embeddable":true,"href":"https:\/\/www.inet.edu.ar\/index.php\/wp-json\/wp\/v2\/tags?post=26585"}],"curies":[{"name":"wp","href":"https:\/\/api.w.org\/{rel}","templated":true}]}}