{"id":27512,"date":"2018-11-26T09:00:56","date_gmt":"2018-11-26T12:00:56","guid":{"rendered":"https:\/\/www.inet.edu.ar\/?p=27512"},"modified":"2018-12-03T11:50:18","modified_gmt":"2018-12-03T14:50:18","slug":"feria-nacional-de-innovacion-educativa-2018-se-presentan-280-proyectos-de-etp","status":"publish","type":"post","link":"https:\/\/www.inet.edu.ar\/index.php\/feria-nacional-de-innovacion-educativa-2018-se-presentan-280-proyectos-de-etp\/","title":{"rendered":"Feria Nacional de Innovaci\u00f3n Educativa 2018: se presentan 280 proyectos de ETP"},"content":{"rendered":"<p>Miles de estudiantes, junto con sus docentes, expondr\u00e1n sus trabajos en la Feria Nacional de Innovaci\u00f3n Educativa 2018 (FNIE), del 26 al 30 de noviembre, en el Complejo Ferial de C\u00f3rdoba.<\/p>\n<p>La FNIE re\u00fane proyectos cient\u00edficos y art\u00edsticos de todos los niveles, modalidades y provincias. Organizada por el Ministerio de Educaci\u00f3n, Cultura, Ciencia y Tecnolog\u00eda de la Naci\u00f3n, busca contribuir a que todos los estudiantes y docentes adquieran habilidades de indagaci\u00f3n, expresi\u00f3n y comunicaci\u00f3n que permitan el descubrimiento y la apropiaci\u00f3n tanto de valores como de principios y metodolog\u00edas propias de las artes, las ciencias y la tecnolog\u00eda, y fomenten la cultura ciudadana y democr\u00e1tica, el esp\u00edritu cr\u00edtico y la curiosidad en ni\u00f1os, ni\u00f1as, j\u00f3venes y docentes, adultos acompa\u00f1antes y la comunidad en general.<\/p>\n<p>En esta oportunidad, se presentar\u00e1n 280 proyectos escolares de los tres niveles de Educaci\u00f3n T\u00e9cnico Profesional (ETP): Secundario T\u00e9cnico, Superior T\u00e9cnico y Formaci\u00f3n Profesional.<\/p>\n<p>Estos trabajos llegar\u00e1n a la FNIE luego de haber participado y haber sido seleccionados en instancias escolares y provinciales. En la instancia nacional en C\u00f3rdoba, una comisi\u00f3n de evaluadores compuesta por docentes selecciona los proyectos que ser\u00e1n distinguidos.<\/p>\n<p>Algunos de los enfoques de los trabajos de este a\u00f1o ser\u00e1n: accesibilidad y atenci\u00f3n a la discapacidad; desarrollo sustentable y conservaci\u00f3n del medio ambiente; innovaci\u00f3n en productos, bienes y servicios; innovaci\u00f3n en dispositivos tecnol\u00f3gicos aplicados a la ense\u00f1anza; educaci\u00f3n agrot\u00e9cnica; entre otros.<\/p>\n<p>Adem\u00e1s del INET, otros programas y \u00e1reas del Ministerio ser\u00e1n parte de la Feria: la Muestra de Proyectos de Arte en Contexto de Ferias 2018 (PACoF 2018), el Parlamento Juvenil Mercosur y el Programa Infinito por Descubrir. Asimismo, el Instituto Ant\u00e1rtico Argentino presentar\u00e1 las escuelas ant\u00e1rticas, y la Fundaci\u00f3n YPF y el Instituto Balseiro tendr\u00e1n un espacio destacado.<\/p>\n<p><a href=\"https:\/\/www.inet.edu.ar\/wp-content\/uploads\/2018\/11\/feria_arte.jpg\"><img loading=\"lazy\" decoding=\"async\" class=\"aligncenter size-large wp-image-27521\" src=\"https:\/\/www.inet.edu.ar\/wp-content\/uploads\/2018\/11\/feria_arte-468x351.jpg\" alt=\"\" width=\"468\" height=\"351\" srcset=\"https:\/\/www.inet.edu.ar\/wp-content\/uploads\/2018\/11\/feria_arte-468x351.jpg 468w, https:\/\/www.inet.edu.ar\/wp-content\/uploads\/2018\/11\/feria_arte-240x180.jpg 240w, https:\/\/www.inet.edu.ar\/wp-content\/uploads\/2018\/11\/feria_arte-768x576.jpg 768w, https:\/\/www.inet.edu.ar\/wp-content\/uploads\/2018\/11\/feria_arte.jpg 1024w\" sizes=\"auto, (max-width: 468px) 100vw, 468px\" \/><\/a><\/p>\n<p>La entrada ser\u00e1 libre y gratuita, los d\u00edas 27, 28 y 29 de noviembre de 15 a 18 horas.<\/p>\n<p>Para m\u00e1s informaci\u00f3n: <a href=\"https:\/\/www.argentina.gob.ar\/educacion\/gestioneducativa\/feriasciencia\" target=\"_blank\" rel=\"noopener\">Programa Nacional de Ferias de Ciencias y Tecnolog\u00eda<\/a><\/p>\n","protected":false},"excerpt":{"rendered":"<p>Miles de estudiantes, junto con sus docentes, expondr\u00e1n sus trabajos en la Feria Nacional de Innovaci\u00f3n Educativa 2018 (FNIE), del 26 al 30 de noviembre, en el Complejo Ferial de C\u00f3rdoba. La FNIE re\u00fane proyectos cient\u00edficos y art\u00edsticos de todos los niveles, modalidades y provincias. Organizada por el Ministerio de Educaci\u00f3n, Cultura, Ciencia y Tecnolog\u00eda [&hellip;]<\/p>\n","protected":false},"author":7,"featured_media":27542,"comment_status":"closed","ping_status":"open","sticky":false,"template":"","format":"standard","meta":{"footnotes":""},"categories":[1,14],"tags":[],"class_list":["post-27512","post","type-post","status-publish","format-standard","has-post-thumbnail","hentry","category-noticias","category-noticias-fijas"],"_links":{"self":[{"href":"https:\/\/www.inet.edu.ar\/index.php\/wp-json\/wp\/v2\/posts\/27512","targetHints":{"allow":["GET"]}}],"collection":[{"href":"https:\/\/www.inet.edu.ar\/index.php\/wp-json\/wp\/v2\/posts"}],"about":[{"href":"https:\/\/www.inet.edu.ar\/index.php\/wp-json\/wp\/v2\/types\/post"}],"author":[{"embeddable":true,"href":"https:\/\/www.inet.edu.ar\/index.php\/wp-json\/wp\/v2\/users\/7"}],"replies":[{"embeddable":true,"href":"https:\/\/www.inet.edu.ar\/index.php\/wp-json\/wp\/v2\/comments?post=27512"}],"version-history":[{"count":7,"href":"https:\/\/www.inet.edu.ar\/index.php\/wp-json\/wp\/v2\/posts\/27512\/revisions"}],"predecessor-version":[{"id":27522,"href":"https:\/\/www.inet.edu.ar\/index.php\/wp-json\/wp\/v2\/posts\/27512\/revisions\/27522"}],"wp:featuredmedia":[{"embeddable":true,"href":"https:\/\/www.inet.edu.ar\/index.php\/wp-json\/wp\/v2\/media\/27542"}],"wp:attachment":[{"href":"https:\/\/www.inet.edu.ar\/index.php\/wp-json\/wp\/v2\/media?parent=27512"}],"wp:term":[{"taxonomy":"category","embeddable":true,"href":"https:\/\/www.inet.edu.ar\/index.php\/wp-json\/wp\/v2\/categories?post=27512"},{"taxonomy":"post_tag","embeddable":true,"href":"https:\/\/www.inet.edu.ar\/index.php\/wp-json\/wp\/v2\/tags?post=27512"}],"curies":[{"name":"wp","href":"https:\/\/api.w.org\/{rel}","templated":true}]}}