{"id":27558,"date":"2018-12-04T14:18:59","date_gmt":"2018-12-04T17:18:59","guid":{"rendered":"https:\/\/www.inet.edu.ar\/?p=27558"},"modified":"2019-06-04T16:42:14","modified_gmt":"2019-06-04T19:42:14","slug":"foro-sectorial-se-aprobo-el-perfil-del-bombero-nivel-i","status":"publish","type":"post","link":"https:\/\/www.inet.edu.ar\/index.php\/foro-sectorial-se-aprobo-el-perfil-del-bombero-nivel-i\/","title":{"rendered":"Foro sectorial: Se aprob\u00f3 el perfil del bombero-Nivel I"},"content":{"rendered":"<p>Se realiz\u00f3 hoy el Foro de Bomberos, en el que se aprob\u00f3 el <strong>Perfil Profesional del Bombero &#8211; Nivel I<\/strong> -cuyo marco de referencia ser\u00e1 luego presentado ante la Comisi\u00f3n Federal de la Educaci\u00f3n T\u00e9cnico Profesional -ETP- (los referentes de todas las jurisdicciones) para su posterior aprobaci\u00f3n en el Consejo Federal de Educaci\u00f3n (todos los ministros provinciales).<\/p>\n<p>Este perfil profesional se aprob\u00f3 gracias a un trabajo conjunto, realizado durante todo el a\u00f1o, junto a representantes del Ministerio de Seguridad de la Naci\u00f3n,\u00a0Bomberos Voluntarios, Consejo de Federaciones de Bomberos Voluntarios de la Rep\u00fablica Argentina, Academia Nacional de Bomberos,\u00a0la Superintendencia Federal de Bomberos &#8211; Polic\u00eda Federal.<\/p>\n<p>Tener un \u00fanico Perfil Profesional con validez nacional jerarquiza la profesi\u00f3n, y facilita la movilidad laboral no s\u00f3lo al interior del sistema de bomberos voluntarios sino tambi\u00e9n para los cuerpos pertenecientes a las polic\u00edas provinciales.<\/p>\n<p>Encabezaron el encuentro el director nacional de ETP, Fabi\u00e1n Prieto; el secretario permanente del <a href=\"https:\/\/www.inet.edu.ar\/index.php\/conetyp\/\" target=\"_blank\" rel=\"noopener\">Consejo Nacional de Educaci\u00f3n, Trabajo y Producci\u00f3n (CoNETyP)<\/a>, Marcelo Vaccaro; y el coordinador de Educaci\u00f3n Superior T\u00e9cnica, Gustavo Peltzer.<\/p>\n<p><a href=\"https:\/\/www.inet.edu.ar\/wp-content\/uploads\/2018\/12\/foro-de-bomberos.jpg\"><img loading=\"lazy\" decoding=\"async\" class=\"aligncenter size-large wp-image-27564\" src=\"https:\/\/www.inet.edu.ar\/wp-content\/uploads\/2018\/12\/foro-de-bomberos-468x245.jpg\" alt=\"\" width=\"468\" height=\"245\" srcset=\"https:\/\/www.inet.edu.ar\/wp-content\/uploads\/2018\/12\/foro-de-bomberos-468x245.jpg 468w, https:\/\/www.inet.edu.ar\/wp-content\/uploads\/2018\/12\/foro-de-bomberos-240x126.jpg 240w, https:\/\/www.inet.edu.ar\/wp-content\/uploads\/2018\/12\/foro-de-bomberos-768x403.jpg 768w\" sizes=\"auto, (max-width: 468px) 100vw, 468px\" \/><\/a><\/p>\n<p>Los <a href=\"https:\/\/www.inet.edu.ar\/index.php\/conetyp\/foros-sectoriales\/\" target=\"_blank\" rel=\"noopener\">Foros Sectoriales<\/a> son espacios de participaci\u00f3n en los que instituciones del \u00e1mbito p\u00fablico y privado se re\u00fanen para analizar el estado del sector en cuesti\u00f3n, presentar los perfiles profesionales existentes, discutir la posibilidad de modificar o agregar nuevos perfiles y para que, a posteriori, cada jurisdicci\u00f3n pueda armar los curr\u00edculum.<\/p>\n<p>&nbsp;<\/p>\n","protected":false},"excerpt":{"rendered":"<p>Se realiz\u00f3 hoy el Foro de Bomberos, en el que se aprob\u00f3 el Perfil Profesional del Bombero &#8211; Nivel I -cuyo marco de referencia ser\u00e1 luego presentado ante la Comisi\u00f3n Federal de la Educaci\u00f3n T\u00e9cnico Profesional -ETP- (los referentes de todas las jurisdicciones) para su posterior aprobaci\u00f3n en el Consejo Federal de Educaci\u00f3n (todos los [&hellip;]<\/p>\n","protected":false},"author":7,"featured_media":27565,"comment_status":"closed","ping_status":"open","sticky":false,"template":"","format":"standard","meta":{"footnotes":""},"categories":[1,14],"tags":[],"class_list":["post-27558","post","type-post","status-publish","format-standard","has-post-thumbnail","hentry","category-noticias","category-noticias-fijas"],"_links":{"self":[{"href":"https:\/\/www.inet.edu.ar\/index.php\/wp-json\/wp\/v2\/posts\/27558","targetHints":{"allow":["GET"]}}],"collection":[{"href":"https:\/\/www.inet.edu.ar\/index.php\/wp-json\/wp\/v2\/posts"}],"about":[{"href":"https:\/\/www.inet.edu.ar\/index.php\/wp-json\/wp\/v2\/types\/post"}],"author":[{"embeddable":true,"href":"https:\/\/www.inet.edu.ar\/index.php\/wp-json\/wp\/v2\/users\/7"}],"replies":[{"embeddable":true,"href":"https:\/\/www.inet.edu.ar\/index.php\/wp-json\/wp\/v2\/comments?post=27558"}],"version-history":[{"count":9,"href":"https:\/\/www.inet.edu.ar\/index.php\/wp-json\/wp\/v2\/posts\/27558\/revisions"}],"predecessor-version":[{"id":29748,"href":"https:\/\/www.inet.edu.ar\/index.php\/wp-json\/wp\/v2\/posts\/27558\/revisions\/29748"}],"wp:featuredmedia":[{"embeddable":true,"href":"https:\/\/www.inet.edu.ar\/index.php\/wp-json\/wp\/v2\/media\/27565"}],"wp:attachment":[{"href":"https:\/\/www.inet.edu.ar\/index.php\/wp-json\/wp\/v2\/media?parent=27558"}],"wp:term":[{"taxonomy":"category","embeddable":true,"href":"https:\/\/www.inet.edu.ar\/index.php\/wp-json\/wp\/v2\/categories?post=27558"},{"taxonomy":"post_tag","embeddable":true,"href":"https:\/\/www.inet.edu.ar\/index.php\/wp-json\/wp\/v2\/tags?post=27558"}],"curies":[{"name":"wp","href":"https:\/\/api.w.org\/{rel}","templated":true}]}}