{"id":27568,"date":"2018-12-03T18:59:19","date_gmt":"2018-12-03T21:59:19","guid":{"rendered":"https:\/\/www.inet.edu.ar\/?p=27568"},"modified":"2018-12-06T14:51:56","modified_gmt":"2018-12-06T17:51:56","slug":"trabajos-de-etp-mencionados-y-destacados-en-la-feria-de-innovacion-educativa","status":"publish","type":"post","link":"https:\/\/www.inet.edu.ar\/index.php\/trabajos-de-etp-mencionados-y-destacados-en-la-feria-de-innovacion-educativa\/","title":{"rendered":"Trabajos de ETP Mencionados y Destacados en la Feria de Innovaci\u00f3n Educativa"},"content":{"rendered":"<p>El viernes 30 de noviembre cerr\u00f3 una nueva edici\u00f3n de la Feria Nacional de Innovaci\u00f3n Educativa (FNIE), organizada por el Ministerio de Educaci\u00f3n, Cultura, Ciencia y Tecnolog\u00eda de la Naci\u00f3n.<\/p>\n<p>Durante toda la semana, estudiantes y docentes de todo el pa\u00eds expusieron sus proyectos cient\u00edficos y art\u00edsticos en el Complejo Ferial de C\u00f3rdoba.<\/p>\n<p>Los m\u00e1s de 200 trabajos de Educaci\u00f3n T\u00e9cnico Profesional (ETP) que se presentaron estuvieron organizados seg\u00fan cinco (5) categor\u00edas: <em>Innovaci\u00f3n en productos, bienes y servicios<\/em>; <em>Innovaci\u00f3n de procesos; Accesibilidad y atenci\u00f3n a la discapacidad<\/em>; <em>Desarrollo sustentable y conservaci\u00f3n del medioambiente<\/em>; <em>Innovaci\u00f3n en dispositivos tecnol\u00f3gicos aplicados a la ense\u00f1anza<\/em>.<\/p>\n<p>Estudiantes y docentes de estos proyectos recibieron evaluaci\u00f3n de una dupla de docentes de la modalidad -de distintas partes del pa\u00eds- quienes, luego de leer el informe t\u00e9cnico y el registro pedag\u00f3gico, y realizar dos visitas al stand, dieron una devoluci\u00f3n e informe escrito a los participantes. En total, fueron m\u00e1s de 120 los docentes evaluadores de los proyectos de ETP.<\/p>\n<p><a href=\"https:\/\/www.inet.edu.ar\/wp-content\/uploads\/2018\/12\/stand.jpg\"><img loading=\"lazy\" decoding=\"async\" class=\"aligncenter size-large wp-image-27583\" src=\"https:\/\/www.inet.edu.ar\/wp-content\/uploads\/2018\/12\/stand-468x311.jpg\" alt=\"\" width=\"468\" height=\"311\" srcset=\"https:\/\/www.inet.edu.ar\/wp-content\/uploads\/2018\/12\/stand-468x311.jpg 468w, https:\/\/www.inet.edu.ar\/wp-content\/uploads\/2018\/12\/stand-150x100.jpg 150w, https:\/\/www.inet.edu.ar\/wp-content\/uploads\/2018\/12\/stand-240x160.jpg 240w, https:\/\/www.inet.edu.ar\/wp-content\/uploads\/2018\/12\/stand.jpg 768w\" sizes=\"auto, (max-width: 468px) 100vw, 468px\" \/><\/a><\/p>\n<p>&nbsp;<\/p>\n<p>El cierre se realiz\u00f3 en tres actos:\u00a0el primero para Nivel Inicial y Primaria; el segundo para Secundaria; y el tercero para las escuelas secundarias t\u00e9cnicas, donde se entregaron distinciones.<\/p>\n<p>En el acto para las instituciones de ETP, se distinguieron con car\u00e1cter de <em>Mencionados<\/em> y <em>Destacados<\/em> a los trabajos de la modalidad (<a href=\"https:\/\/www.inet.edu.ar\/wp-content\/uploads\/2018\/12\/Feria-de-Ciencias-2018-Destacados-y-Mencionados-ETP.pdf\" target=\"_blank\" rel=\"noopener\">listado<\/a>). Adem\u00e1s, el INET destac\u00f3 a nueve (9) proyectos de los presentados, y entreg\u00f3 un aporte monetario a sus instituciones educativas con el fin de seguir profundizando ese proyecto o de generar otros nuevos.<\/p>\n<p><a href=\"https:\/\/www.inet.edu.ar\/wp-content\/uploads\/2018\/12\/WhatsApp-Image-2018-12-02-at-19.07.45-1.jpeg\"><img loading=\"lazy\" decoding=\"async\" class=\"aligncenter size-large wp-image-27581\" src=\"https:\/\/www.inet.edu.ar\/wp-content\/uploads\/2018\/12\/WhatsApp-Image-2018-12-02-at-19.07.45-1-468x312.jpeg\" alt=\"\" width=\"468\" height=\"312\" srcset=\"https:\/\/www.inet.edu.ar\/wp-content\/uploads\/2018\/12\/WhatsApp-Image-2018-12-02-at-19.07.45-1-468x312.jpeg 468w, https:\/\/www.inet.edu.ar\/wp-content\/uploads\/2018\/12\/WhatsApp-Image-2018-12-02-at-19.07.45-1-150x100.jpeg 150w, https:\/\/www.inet.edu.ar\/wp-content\/uploads\/2018\/12\/WhatsApp-Image-2018-12-02-at-19.07.45-1-240x160.jpeg 240w, https:\/\/www.inet.edu.ar\/wp-content\/uploads\/2018\/12\/WhatsApp-Image-2018-12-02-at-19.07.45-1-768x512.jpeg 768w, https:\/\/www.inet.edu.ar\/wp-content\/uploads\/2018\/12\/WhatsApp-Image-2018-12-02-at-19.07.45-1.jpeg 1280w\" sizes=\"auto, (max-width: 468px) 100vw, 468px\" \/><\/a><\/p>\n<p>Estuvieron presentes los ministros locales de Educaci\u00f3n, Walter Grahovac, y de Ciencia y Tecnolog\u00eda, Carlos Walter Robledo; el coordinador nacional de Secundaria T\u00e9cnica, Alejandro Anchava; entre otras autoridades.<\/p>\n<p>Noticia relacionada: <a href=\"https:\/\/www.argentina.gob.ar\/noticias\/emocion-y-alegria-en-la-feria-nacional-de-innovacion-educativa-2018\" target=\"_blank\" rel=\"noopener\">\u00abEmoci\u00f3n y alegr\u00eda en la Feria Nacional de Innovaci\u00f3n Educativa 2018\u00bb<\/a><\/p>\n<p>&nbsp;<\/p>\n<p>&nbsp;<\/p>\n","protected":false},"excerpt":{"rendered":"<p>El viernes 30 de noviembre cerr\u00f3 una nueva edici\u00f3n de la Feria Nacional de Innovaci\u00f3n Educativa (FNIE), organizada por el Ministerio de Educaci\u00f3n, Cultura, Ciencia y Tecnolog\u00eda de la Naci\u00f3n. Durante toda la semana, estudiantes y docentes de todo el pa\u00eds expusieron sus proyectos cient\u00edficos y art\u00edsticos en el Complejo Ferial de C\u00f3rdoba. Los m\u00e1s [&hellip;]<\/p>\n","protected":false},"author":7,"featured_media":27586,"comment_status":"closed","ping_status":"open","sticky":false,"template":"","format":"standard","meta":{"footnotes":""},"categories":[1,13],"tags":[],"class_list":["post-27568","post","type-post","status-publish","format-standard","has-post-thumbnail","hentry","category-noticias","category-noticias-slider"],"_links":{"self":[{"href":"https:\/\/www.inet.edu.ar\/index.php\/wp-json\/wp\/v2\/posts\/27568","targetHints":{"allow":["GET"]}}],"collection":[{"href":"https:\/\/www.inet.edu.ar\/index.php\/wp-json\/wp\/v2\/posts"}],"about":[{"href":"https:\/\/www.inet.edu.ar\/index.php\/wp-json\/wp\/v2\/types\/post"}],"author":[{"embeddable":true,"href":"https:\/\/www.inet.edu.ar\/index.php\/wp-json\/wp\/v2\/users\/7"}],"replies":[{"embeddable":true,"href":"https:\/\/www.inet.edu.ar\/index.php\/wp-json\/wp\/v2\/comments?post=27568"}],"version-history":[{"count":14,"href":"https:\/\/www.inet.edu.ar\/index.php\/wp-json\/wp\/v2\/posts\/27568\/revisions"}],"predecessor-version":[{"id":27626,"href":"https:\/\/www.inet.edu.ar\/index.php\/wp-json\/wp\/v2\/posts\/27568\/revisions\/27626"}],"wp:featuredmedia":[{"embeddable":true,"href":"https:\/\/www.inet.edu.ar\/index.php\/wp-json\/wp\/v2\/media\/27586"}],"wp:attachment":[{"href":"https:\/\/www.inet.edu.ar\/index.php\/wp-json\/wp\/v2\/media?parent=27568"}],"wp:term":[{"taxonomy":"category","embeddable":true,"href":"https:\/\/www.inet.edu.ar\/index.php\/wp-json\/wp\/v2\/categories?post=27568"},{"taxonomy":"post_tag","embeddable":true,"href":"https:\/\/www.inet.edu.ar\/index.php\/wp-json\/wp\/v2\/tags?post=27568"}],"curies":[{"name":"wp","href":"https:\/\/api.w.org\/{rel}","templated":true}]}}