{"id":28760,"date":"2019-04-05T11:22:29","date_gmt":"2019-04-05T14:22:29","guid":{"rendered":"https:\/\/www.inet.edu.ar\/?p=28760"},"modified":"2019-04-05T11:22:29","modified_gmt":"2019-04-05T14:22:29","slug":"la-educacion-tecnica-con-ojos-de-mujer-conoce-la-historia-de-anabel-jefa-de-area-en-escuela-agraria","status":"publish","type":"post","link":"https:\/\/www.inet.edu.ar\/index.php\/la-educacion-tecnica-con-ojos-de-mujer-conoce-la-historia-de-anabel-jefa-de-area-en-escuela-agraria\/","title":{"rendered":"La Educaci\u00f3n T\u00e9cnica con ojos de mujer: Conoc\u00e9 la historia de Anabel, jefa de \u00e1rea en escuela agraria"},"content":{"rendered":"<p>Anabel Edith Loewy es T\u00e9cnica Superior en Industrias Alimentarias. Gracias al tramo de Formaci\u00f3n Pedag\u00f3gica que realiz\u00f3, ejerce como docente en la Escuela de Educaci\u00f3n Secundaria Agraria (EESA) N\u00b0 1 \u00abDr. Bernardo de Irigoyen\u00bb de la localidad de Rivera, en Adolfo Alsina (Provincia de Buenos Aires).<\/p>\n<p>En los a\u00f1os &#8217;90, cuando iba a comenzar su Educaci\u00f3n Secundaria, la escuela t\u00e9cnica no era una opci\u00f3n para mujeres. <em>\u00abMuy pocas chicas estudiaban en la escuela agraria&#8230;. Era m\u00e1s una formaci\u00f3n para varones&#8230; En realidad, as\u00ed era visto por muchos de nuestros padres\u00bb, <\/em>confiesa. Por eso, y aunque siempre le interes\u00f3 la educaci\u00f3n agrot\u00e9cnica, curs\u00f3 en un Bachiller.<\/p>\n<p>Cuando finaliz\u00f3, decidi\u00f3 seguir una carrera af\u00edn a Qu\u00edmica -ciencia que hab\u00eda amado toda su vida. La Tecnicatura Superior en Industrias Alimentarias le permiti\u00f3 estudiar sobre alimentaci\u00f3n saludable.<\/p>\n<p>Hoy, como jefa del \u00c1rea Industria, sus estudiantes elaboran quesos (sardos, cremosos, saborizados), dulce de leche, conservas, entre otros productos\u00a0<em>\u00abdando valor agregado a la materia prima en origen, respetando las B.P.M y cuidando el medio ambiente\u00bb<\/em>, manifiesta Anabel,<em>\u00a0<\/em>desde el\u00a0entorno formativo en el que trabaja: Sala de Elaboraci\u00f3n de L\u00e1cteos y Sala de Elaboraci\u00f3n de Conservas.<\/p>\n<p>Desde su rol como docente y tambi\u00e9n desde su experiencia en el sector productivo, Anabel alienta a que m\u00e1s chicas y chicos estudien en instituciones de la modalidad. <em>\u00abLa Educaci\u00f3n T\u00e9cnico Profesional es un \u00e1mbito inigualable para formarse; construir v\u00ednculos, valores, aprendizajes, destrezas; potenciar habilidades; vincularse ampliamente con el mundo del trabajo; y prepararse para continuar estudios superiores\u00bb<\/em>, asegura. Y, sobre la Educaci\u00f3n Agraria en particular, considera que <em>\u00abdelinear junto con el sector productivo estrategias de desarrollo rural para producir en condiciones de eficiencia, sin poner en riesgo el medio ambiente, y completar el ciclo productivo agreg\u00e1ndole valor a la producci\u00f3n\u00bb\u00a0<\/em>es un plus que brinda el <em>aprender haciendo<\/em>.<\/p>\n\n\t\t<style type=\"text\/css\">\n\t\t\t#gallery-1 {\n\t\t\t\tmargin: auto;\n\t\t\t}\n\t\t\t#gallery-1 .gallery-item {\n\t\t\t\tfloat: left;\n\t\t\t\tmargin-top: 10px;\n\t\t\t\ttext-align: center;\n\t\t\t\twidth: 100%;\n\t\t\t}\n\t\t\t#gallery-1 img {\n\t\t\t\tborder: 2px solid #cfcfcf;\n\t\t\t}\n\t\t\t#gallery-1 .gallery-caption {\n\t\t\t\tmargin-left: 0;\n\t\t\t}\n\t\t\t\/* see gallery_shortcode() in wp-includes\/media.php *\/\n\t\t<\/style>\n\t\t<div id='gallery-1' class='gallery galleryid-28760 gallery-columns-1 gallery-size-full'><dl class='gallery-item'>\n\t\t\t<dt class='gallery-icon portrait'>\n\t\t\t\t<a href='https:\/\/www.inet.edu.ar\/index.php\/la-educacion-tecnica-con-ojos-de-mujer-conoce-la-historia-de-anabel-jefa-de-area-en-escuela-agraria\/profesora-de-escuela-agrotecnica\/#main'><img loading=\"lazy\" decoding=\"async\" width=\"301\" height=\"536\" src=\"https:\/\/www.inet.edu.ar\/wp-content\/uploads\/2019\/03\/profesora-de-escuela-agrotecnica.png\" class=\"attachment-full size-full\" alt=\"\" srcset=\"https:\/\/www.inet.edu.ar\/wp-content\/uploads\/2019\/03\/profesora-de-escuela-agrotecnica.png 301w, https:\/\/www.inet.edu.ar\/wp-content\/uploads\/2019\/03\/profesora-de-escuela-agrotecnica-240x427.png 240w\" sizes=\"auto, (max-width: 301px) 100vw, 301px\" \/><\/a>\n\t\t\t<\/dt><\/dl><br style=\"clear: both\" \/>\n\t\t<\/div>\n\n<p><strong>La experiencia como testimonio y como aprendizaje<\/strong><\/p>\n<p>Las palabras de Anabel Edith Loewy son un importante testimonio en primera persona de los cambios que atraves\u00f3 y est\u00e1 atravesando la Educaci\u00f3n T\u00e9cnico Profesional en relaci\u00f3n a temas de g\u00e9neros, y aportan una mirada fundamental que revindica a la mujer en la t\u00e9cnica.<\/p>\n<p>La incorporaci\u00f3n de la perspectiva de g\u00e9nero es hoy una l\u00ednea de trabajo prioritaria para el Ministerio de Educaci\u00f3n, Ciencia y Tecnolog\u00eda a trav\u00e9s del INET, y resulta fundamental conocer distintas voces que dentro de la modalidad puedan hacer esto posible.<\/p>\n<p>La necesidad de sortear prejuicios y desigualdades resulta urgente, y desde el Ministerio se impulsa desterrar la hist\u00f3rica idea de que \u201cla t\u00e9cnica es para varones\u201d. Derribando estos estereotipos de g\u00e9nero, se busca que las escuelas t\u00e9cnicas sean espacios m\u00e1s amplios, diversos e inclusivos.<\/p>\n<p>Para m\u00e1s informaci\u00f3n: <a href=\"https:\/\/www.inet.edu.ar\/index.php\/estudios-investigaciones\/equidad-de-genero-en-la-educacion-tecnico-profesional\/\" target=\"_blank\" rel=\"noopener\">Equidad de g\u00e9nero en la Educaci\u00f3n T\u00e9cnico Profesional<\/a><\/p>\n<p>&nbsp;<\/p>\n","protected":false},"excerpt":{"rendered":"<p>Anabel Edith Loewy es T\u00e9cnica Superior en Industrias Alimentarias. Gracias al tramo de Formaci\u00f3n Pedag\u00f3gica que realiz\u00f3, ejerce como docente en la Escuela de Educaci\u00f3n Secundaria Agraria (EESA) N\u00b0 1 \u00abDr. Bernardo de Irigoyen\u00bb de la localidad de Rivera, en Adolfo Alsina (Provincia de Buenos Aires). En los a\u00f1os &#8217;90, cuando iba a comenzar su [&hellip;]<\/p>\n","protected":false},"author":7,"featured_media":28775,"comment_status":"closed","ping_status":"open","sticky":false,"template":"","format":"standard","meta":{"footnotes":""},"categories":[1,14],"tags":[],"class_list":["post-28760","post","type-post","status-publish","format-standard","has-post-thumbnail","hentry","category-noticias","category-noticias-fijas"],"_links":{"self":[{"href":"https:\/\/www.inet.edu.ar\/index.php\/wp-json\/wp\/v2\/posts\/28760","targetHints":{"allow":["GET"]}}],"collection":[{"href":"https:\/\/www.inet.edu.ar\/index.php\/wp-json\/wp\/v2\/posts"}],"about":[{"href":"https:\/\/www.inet.edu.ar\/index.php\/wp-json\/wp\/v2\/types\/post"}],"author":[{"embeddable":true,"href":"https:\/\/www.inet.edu.ar\/index.php\/wp-json\/wp\/v2\/users\/7"}],"replies":[{"embeddable":true,"href":"https:\/\/www.inet.edu.ar\/index.php\/wp-json\/wp\/v2\/comments?post=28760"}],"version-history":[{"count":22,"href":"https:\/\/www.inet.edu.ar\/index.php\/wp-json\/wp\/v2\/posts\/28760\/revisions"}],"predecessor-version":[{"id":28933,"href":"https:\/\/www.inet.edu.ar\/index.php\/wp-json\/wp\/v2\/posts\/28760\/revisions\/28933"}],"wp:featuredmedia":[{"embeddable":true,"href":"https:\/\/www.inet.edu.ar\/index.php\/wp-json\/wp\/v2\/media\/28775"}],"wp:attachment":[{"href":"https:\/\/www.inet.edu.ar\/index.php\/wp-json\/wp\/v2\/media?parent=28760"}],"wp:term":[{"taxonomy":"category","embeddable":true,"href":"https:\/\/www.inet.edu.ar\/index.php\/wp-json\/wp\/v2\/categories?post=28760"},{"taxonomy":"post_tag","embeddable":true,"href":"https:\/\/www.inet.edu.ar\/index.php\/wp-json\/wp\/v2\/tags?post=28760"}],"curies":[{"name":"wp","href":"https:\/\/api.w.org\/{rel}","templated":true}]}}