{"id":29073,"date":"2019-04-11T17:16:18","date_gmt":"2019-04-11T20:16:18","guid":{"rendered":"https:\/\/www.inet.edu.ar\/?p=29073"},"modified":"2019-04-15T12:43:57","modified_gmt":"2019-04-15T15:43:57","slug":"la-escuela-tecnica-se-forma-en-saberes-digitales","status":"publish","type":"post","link":"https:\/\/www.inet.edu.ar\/index.php\/la-escuela-tecnica-se-forma-en-saberes-digitales\/","title":{"rendered":"La Escuela T\u00e9cnica se forma en Saberes Digitales"},"content":{"rendered":"<p style=\"text-align: center;\">300 directivos y docentes de educaci\u00f3n t\u00e9cnica de escuelas secundarias de todo el pa\u00eds se capacitan en una nueva metodolog\u00eda de trabajo que promueve, entre otras cosas, el pensamiento cr\u00edtico, la comunicaci\u00f3n y la colaboraci\u00f3n. Adem\u00e1s, realizan prototipado de Rob\u00f3tica que luego utilizar\u00e1n en el aula con sus alumnos.<\/p>\n<p>El Ministerio de Educaci\u00f3n, Cultura, Ciencia y Tecnolog\u00eda, a trav\u00e9s del Instituto Nacional de Educaci\u00f3n Tecnol\u00f3gica (INET), est\u00e1 llevando a cabo durante esta semana una capacitaci\u00f3n en Saberes Digitales para 300 directivos y docentes de educaci\u00f3n t\u00e9cnica de secundarias de todo el pa\u00eds. En el transcurso de estas jornadas los directivos y docentes se capacitar\u00e1n en el Aprendizaje Basado en Proyectos, una metodolog\u00eda que desarrolla competencias como el pensamiento cr\u00edtico, la creatividad, el esp\u00edritu emprendedor, la comunicaci\u00f3n y la colaboraci\u00f3n.<\/p>\n<p>Adem\u00e1s aplicar\u00e1n esta t\u00e9cnica al armado de cuatro prototipos de Rob\u00f3tica que luego podr\u00e1n llevar a sus aulas para trabajar junto a sus estudiantes. Estos prototipos sirven para armar un sistema de semaforizaci\u00f3n, un invernadero automatizado, un sistema de tanques y un estacionamiento automatizado.<\/p>\n<p>Al respecto, el ministro Alejandro Finocchiaro expres\u00f3: <em>\u201cTodos necesitamos herramientas que nos permitan actualizar y potenciar nuestras capacidades a trav\u00e9s de conocimientos innovadores. Nuestro trabajo es poner a disposici\u00f3n todos los instrumentos y conocimientos apropiados que acompa\u00f1en las pr\u00e1cticas docentes en este escenario dominado por la tecnolog\u00eda y el avance cient\u00edfico\u201d<\/em>.<\/p>\n<p>Mar\u00eda Jos\u00e9 Licio Rinaldi, directora de Asuntos Federales del INET, al iniciar las jornadas explic\u00f3 que esta formaci\u00f3n se enmarca en los lineamientos de la Secundaria 2030, consensuada por el Consejo Federal de Educaci\u00f3n. Y agreg\u00f3: <em>\u201cla escuela t\u00e9cnica tiene que liderar esta innovaci\u00f3n, por lo que es, por su g\u00e9nesis. Estamos en una revoluci\u00f3n tecnol\u00f3gica y debemos hacer un trabajo continuo para la formaci\u00f3n de los directivos, de los docentes y de todos nosotros para estar actualizados. Saberes Digitales tiene que ver con una propuesta metodol\u00f3gica, con proyectos tecnol\u00f3gicos, para el desarrollo de las capacidades profesionales. El objetivo es que a fin de a\u00f1o tengamos un banco de proyectos para que puedan visibilizar y jerarquizar lo que est\u00e1 pasando dentro del aula\u201d<\/em>.<\/p>\n<p>Elsa Guillermo, directora de la Escuela T\u00e9cnica N\u00b0 1 de Lober\u00eda, provincia de Buenos Aires, que est\u00e1 cursando la capacitaci\u00f3n, explic\u00f3: <em>\u201cEsta capacitaci\u00f3n nos permite entrar en este nuevo mundo del pensamiento computacional, los saberes digitales, la rob\u00f3tica, y poder trabajar en nuestros alumnos la construcci\u00f3n de un pensamiento mucho m\u00e1s vers\u00e1til para el mundo tecnol\u00f3gico que existe y que est\u00e1 por venir\u201d.<\/em><\/p>\n<p>Esta formaci\u00f3n, de la cual participan 132 escuelas de todo el pa\u00eds, est\u00e1 compuesta por cuatro ejes: gu\u00edas did\u00e1cticas para fabricar 15 prototipos de rob\u00f3tica; entornos formativos compuestos por: impresoras 3D, brazos rob\u00f3ticos, kit de drone, placas de Arduino, kit de sensores y actuadores, entre otros elementos ; la tutor\u00eda de facilitadores especializados a trav\u00e9s del campus virtual de En Foco; y dos instancias de formaci\u00f3n presencial, la presente y una segunda en noviembre.<\/p>\n<p>Esta propuesta se enmarca en la nueva l\u00ednea de cursos que la cartera educativa, a trav\u00e9s de EnFoCo ETP, lanz\u00f3 en su segundo a\u00f1o con base en los Saberes Digitales, compuesta por propuestas como: Introducci\u00f3n al Big Data; Inteligencia artificial: entre el mito y la t\u00e9cnica; Internet de las cosas; STEAM: crear para aprender; entre otras.<\/p>\n<p>&nbsp;<\/p>\n<p>&nbsp;<\/p>\n","protected":false},"excerpt":{"rendered":"<p>300 directivos y docentes de educaci\u00f3n t\u00e9cnica de escuelas secundarias de todo el pa\u00eds se capacitan en una nueva metodolog\u00eda de trabajo que promueve, entre otras cosas, el pensamiento cr\u00edtico, la comunicaci\u00f3n y la colaboraci\u00f3n. Adem\u00e1s, realizan prototipado de Rob\u00f3tica que luego utilizar\u00e1n en el aula con sus alumnos. El Ministerio de Educaci\u00f3n, Cultura, Ciencia [&hellip;]<\/p>\n","protected":false},"author":7,"featured_media":29075,"comment_status":"closed","ping_status":"open","sticky":false,"template":"","format":"standard","meta":{"footnotes":""},"categories":[1,14],"tags":[],"class_list":["post-29073","post","type-post","status-publish","format-standard","has-post-thumbnail","hentry","category-noticias","category-noticias-fijas"],"_links":{"self":[{"href":"https:\/\/www.inet.edu.ar\/index.php\/wp-json\/wp\/v2\/posts\/29073","targetHints":{"allow":["GET"]}}],"collection":[{"href":"https:\/\/www.inet.edu.ar\/index.php\/wp-json\/wp\/v2\/posts"}],"about":[{"href":"https:\/\/www.inet.edu.ar\/index.php\/wp-json\/wp\/v2\/types\/post"}],"author":[{"embeddable":true,"href":"https:\/\/www.inet.edu.ar\/index.php\/wp-json\/wp\/v2\/users\/7"}],"replies":[{"embeddable":true,"href":"https:\/\/www.inet.edu.ar\/index.php\/wp-json\/wp\/v2\/comments?post=29073"}],"version-history":[{"count":1,"href":"https:\/\/www.inet.edu.ar\/index.php\/wp-json\/wp\/v2\/posts\/29073\/revisions"}],"predecessor-version":[{"id":29074,"href":"https:\/\/www.inet.edu.ar\/index.php\/wp-json\/wp\/v2\/posts\/29073\/revisions\/29074"}],"wp:featuredmedia":[{"embeddable":true,"href":"https:\/\/www.inet.edu.ar\/index.php\/wp-json\/wp\/v2\/media\/29075"}],"wp:attachment":[{"href":"https:\/\/www.inet.edu.ar\/index.php\/wp-json\/wp\/v2\/media?parent=29073"}],"wp:term":[{"taxonomy":"category","embeddable":true,"href":"https:\/\/www.inet.edu.ar\/index.php\/wp-json\/wp\/v2\/categories?post=29073"},{"taxonomy":"post_tag","embeddable":true,"href":"https:\/\/www.inet.edu.ar\/index.php\/wp-json\/wp\/v2\/tags?post=29073"}],"curies":[{"name":"wp","href":"https:\/\/api.w.org\/{rel}","templated":true}]}}