{"id":29099,"date":"2019-04-17T18:14:06","date_gmt":"2019-04-17T21:14:06","guid":{"rendered":"https:\/\/www.inet.edu.ar\/?p=29099"},"modified":"2019-04-29T14:46:16","modified_gmt":"2019-04-29T17:46:16","slug":"115-comision-federal-de-la-educacion-tecnico-profesional-trabajo-conjunto-entre-nacion-y-provincias","status":"publish","type":"post","link":"https:\/\/www.inet.edu.ar\/index.php\/115-comision-federal-de-la-educacion-tecnico-profesional-trabajo-conjunto-entre-nacion-y-provincias\/","title":{"rendered":"115\u00b0 Comisi\u00f3n Federal de la Educaci\u00f3n T\u00e9cnico Profesional: trabajo conjunto entre Naci\u00f3n y provincias"},"content":{"rendered":"<p>Se realiz\u00f3 en el INET la 115\u00b0 Comisi\u00f3n Federal de la Educaci\u00f3n T\u00e9cnico Profesional (ETP) junto a los referentes t\u00e9cnico pol\u00edticos de la modalidad de todas las jurisdicciones.<\/p>\n<p>Durante la jornada, se trataron tem\u00e1ticas como las Olimp\u00edadas de la ETP; las Becas para la Innovaci\u00f3n Educativa; los Centros de formaci\u00f3n que se est\u00e1n desarrollando en la instituci\u00f3n en conjunto con las embajadas de Francia y la India; y el trabajo que se viene realizando con otros organismos estatales nacionales -como el Ministerio de Salud y Desarrollo Social, y las Secretar\u00edas de Gobierno de Agroindustria y de Energ\u00eda.<\/p>\n<p>Con el director de Innovaci\u00f3n Tecnol\u00f3gica (Agroindustria), se describi\u00f3 el trabajo de EscuelAgro -programa de compromiso entre la educaci\u00f3n agraria y el sector productivo. Por otro lado,\u00a0con representantes de la Secretar\u00eda de Energ\u00eda Renovable y Eficiencia Energ\u00e9tica, se habl\u00f3 sobre las pr\u00f3ximas demandas de energ\u00eda y de c\u00f3mo hacer frente a \u00e9stas desde el sector educativo. Asimismo, se hizo un resumen del trabajo realizado con la\u00a0Secretar\u00eda de Ni\u00f1ez, Adolescencia y Familia (SENNAF) durante el 2018.<\/p>\n<p>Por otro lado, la <a href=\"https:\/\/www.inet.edu.ar\/index.php\/equidad-de-genero-en-la-educacion-tecnico-profesional\/\" target=\"_blank\" rel=\"noopener\">Comisi\u00f3n de Equidad de G\u00e9nero de la ETP<\/a> present\u00f3 las l\u00edneas de trabajo para este a\u00f1o.<\/p>\n<p>En el encuentro se hizo tambi\u00e9n un balance sobre la capacitaci\u00f3n en saberes digitales que se realiz\u00f3 la semana pasada con 300 directivos y docentes de escuelas secundarias t\u00e9cnicas de todo el pa\u00eds. <em>\u00abFestejo que el INET sea un centro de formaci\u00f3n. Creo que \u00e9ste es un paso cualitativo formidable,\u00bb<\/em> manifest\u00f3 el referente de Misiones. Por su parte, desde la Ciudad de Buenos Aires aseguraron que esta capacitaci\u00f3n <em>\u00abvino a dar respuestas concretas a diferentes problem\u00e1ticas desde formaci\u00f3n pedag\u00f3gica hasta actualizaci\u00f3n tecnol\u00f3gica\u00bb.<\/em><\/p>\n\n\t\t<style type=\"text\/css\">\n\t\t\t#gallery-1 {\n\t\t\t\tmargin: auto;\n\t\t\t}\n\t\t\t#gallery-1 .gallery-item {\n\t\t\t\tfloat: left;\n\t\t\t\tmargin-top: 10px;\n\t\t\t\ttext-align: center;\n\t\t\t\twidth: 100%;\n\t\t\t}\n\t\t\t#gallery-1 img {\n\t\t\t\tborder: 2px solid #cfcfcf;\n\t\t\t}\n\t\t\t#gallery-1 .gallery-caption {\n\t\t\t\tmargin-left: 0;\n\t\t\t}\n\t\t\t\/* see gallery_shortcode() in wp-includes\/media.php *\/\n\t\t<\/style>\n\t\t<div id='gallery-1' class='gallery galleryid-29099 gallery-columns-1 gallery-size-large'><dl class='gallery-item'>\n\t\t\t<dt class='gallery-icon landscape'>\n\t\t\t\t<a href='https:\/\/www.inet.edu.ar\/index.php\/115-comision-federal-de-la-educacion-tecnico-profesional-trabajo-conjunto-entre-nacion-y-provincias\/foto13-2\/#main'><img loading=\"lazy\" decoding=\"async\" width=\"468\" height=\"263\" src=\"https:\/\/www.inet.edu.ar\/wp-content\/uploads\/2019\/04\/Foto13-468x263.jpg\" class=\"attachment-large size-large\" alt=\"\" srcset=\"https:\/\/www.inet.edu.ar\/wp-content\/uploads\/2019\/04\/Foto13-468x263.jpg 468w, https:\/\/www.inet.edu.ar\/wp-content\/uploads\/2019\/04\/Foto13-240x135.jpg 240w, https:\/\/www.inet.edu.ar\/wp-content\/uploads\/2019\/04\/Foto13-768x431.jpg 768w\" sizes=\"auto, (max-width: 468px) 100vw, 468px\" \/><\/a>\n\t\t\t<\/dt><\/dl><br style=\"clear: both\" \/>\n\t\t<\/div>\n\n<p>Encabezaron esta mesa federal el director ejecutivo del INET, Leandro Goroyesky; la directora nacional de Asuntos Federales, Mar\u00eda Jos\u00e9 Licio Rinaldi; el director nacional de ETP, Fabi\u00e1n Prieto; el secretario permanente del\u00a0<a href=\"https:\/\/www.inet.edu.ar\/index.php\/institucional\/conetyp\/\" target=\"_blank\" rel=\"noopener\">CoNETyP<\/a>, Marcelo Vaccaro; junto al coordinador nacional de Educaci\u00f3n Secundaria T\u00e9cnica, Alejandro Anchava; la responsable de Formaci\u00f3n Docente Inicial y Continua, Judit Schneider; el coordinador de Educaci\u00f3n Superior T\u00e9cnica, Gustavo Peltzer; y el coordinador de Cooperaci\u00f3n Internacional, Juan Ignacio Quaglia.<\/p>\n<p>La <a href=\"https:\/\/www.inet.edu.ar\/index.php\/asuntos-federales\/comision-federal\/\">Comisi\u00f3n Federal de la Educaci\u00f3n T\u00e9cnico Profesional<\/a> es un\u00a0<strong>\u00e1mbito de discusi\u00f3n<\/strong>\u00a0de los lineamientos y criterios para el desarrollo de los programas federales que implementa el Ministerio de Educaci\u00f3n, Cultura, Ciencia y Tecnolog\u00eda de la Naci\u00f3n a trav\u00e9s del INET.\u00a0<strong>Re\u00fane a representantes de la modalidad de las 24 jurisdicciones<\/strong>\u00a0(las provincias y la Ciudad Aut\u00f3noma de Buenos Aires) con el objetivo de elaborar documentos que luego ser\u00e1n presentadas ante el Consejo Federal de Educaci\u00f3n.<\/p>\n","protected":false},"excerpt":{"rendered":"<p>Se realiz\u00f3 en el INET la 115\u00b0 Comisi\u00f3n Federal de la Educaci\u00f3n T\u00e9cnico Profesional (ETP) junto a los referentes t\u00e9cnico pol\u00edticos de la modalidad de todas las jurisdicciones. Durante la jornada, se trataron tem\u00e1ticas como las Olimp\u00edadas de la ETP; las Becas para la Innovaci\u00f3n Educativa; los Centros de formaci\u00f3n que se est\u00e1n desarrollando en [&hellip;]<\/p>\n","protected":false},"author":7,"featured_media":29101,"comment_status":"closed","ping_status":"open","sticky":false,"template":"","format":"standard","meta":{"footnotes":""},"categories":[1,14],"tags":[],"class_list":["post-29099","post","type-post","status-publish","format-standard","has-post-thumbnail","hentry","category-noticias","category-noticias-fijas"],"_links":{"self":[{"href":"https:\/\/www.inet.edu.ar\/index.php\/wp-json\/wp\/v2\/posts\/29099","targetHints":{"allow":["GET"]}}],"collection":[{"href":"https:\/\/www.inet.edu.ar\/index.php\/wp-json\/wp\/v2\/posts"}],"about":[{"href":"https:\/\/www.inet.edu.ar\/index.php\/wp-json\/wp\/v2\/types\/post"}],"author":[{"embeddable":true,"href":"https:\/\/www.inet.edu.ar\/index.php\/wp-json\/wp\/v2\/users\/7"}],"replies":[{"embeddable":true,"href":"https:\/\/www.inet.edu.ar\/index.php\/wp-json\/wp\/v2\/comments?post=29099"}],"version-history":[{"count":10,"href":"https:\/\/www.inet.edu.ar\/index.php\/wp-json\/wp\/v2\/posts\/29099\/revisions"}],"predecessor-version":[{"id":29122,"href":"https:\/\/www.inet.edu.ar\/index.php\/wp-json\/wp\/v2\/posts\/29099\/revisions\/29122"}],"wp:featuredmedia":[{"embeddable":true,"href":"https:\/\/www.inet.edu.ar\/index.php\/wp-json\/wp\/v2\/media\/29101"}],"wp:attachment":[{"href":"https:\/\/www.inet.edu.ar\/index.php\/wp-json\/wp\/v2\/media?parent=29099"}],"wp:term":[{"taxonomy":"category","embeddable":true,"href":"https:\/\/www.inet.edu.ar\/index.php\/wp-json\/wp\/v2\/categories?post=29099"},{"taxonomy":"post_tag","embeddable":true,"href":"https:\/\/www.inet.edu.ar\/index.php\/wp-json\/wp\/v2\/tags?post=29099"}],"curies":[{"name":"wp","href":"https:\/\/api.w.org\/{rel}","templated":true}]}}