{"id":30683,"date":"2019-08-16T12:58:55","date_gmt":"2019-08-16T15:58:55","guid":{"rendered":"https:\/\/www.inet.edu.ar\/?p=30683"},"modified":"2019-08-16T13:32:08","modified_gmt":"2019-08-16T16:32:08","slug":"foro-de-agro-e-industria-de-la-alimentacion-sector-porcino","status":"publish","type":"post","link":"https:\/\/www.inet.edu.ar\/index.php\/foro-de-agro-e-industria-de-la-alimentacion-sector-porcino\/","title":{"rendered":"Foro de Agro e Industria de la Alimentaci\u00f3n: sector porcino"},"content":{"rendered":"<p>Se realiz\u00f3 el segundo encuentro del sector de la cadena agroalimentaria en la producci\u00f3n porcina en el que se discutieron documentos de cinco (5) perfiles profesionales de Formaci\u00f3n Profesional: productor porcino; asistente en producci\u00f3n porcina; asistente en faena de porcinos y peque\u00f1os rumiantes; elaborador de chacinados y salazones; y asistente para este elaborador.<\/p>\n<p>Se trata de la continuaci\u00f3n del primer encuentro que se realiz\u00f3 en junio en el que comenz\u00f3 la discusi\u00f3n de estos perfiles (<a href=\"https:\/\/www.inet.edu.ar\/index.php\/foro-sectorial-de-agropecuaria-e-industria-de-la-alimentacion-produccion-porcina\/\" target=\"_blank\" rel=\"noopener\">Nota<\/a>).<\/p>\n<p>Encabez\u00f3 el foro el secretario permanente del Consejo Nacional de Educaci\u00f3n, Trabajo y Producci\u00f3n (CoNETyP), Marcelo Vaccaro, y participaron representantes del Ministerio de Agroindustria, , Ganader\u00eda y Pesca; el Servicio Nacional de Sanidad y Calidad Agroalimentaria (SENASA) junto al equipo INET de Agro y del CoNETyP.<\/p>\n<p>La discusi\u00f3n de estos perfiles continuar\u00e1 en futuros encuentros con el fin de que sean validados por el Foro. Luego los respectivos marcos de referencia ser\u00e1n discutidos por los referentes de Educaci\u00f3n T\u00e9cnico Profesional, para ser elevados al Consejo Federal de Educaci\u00f3n para su aprobaci\u00f3n por parte de los ministros provinciales.<\/p>\n","protected":false},"excerpt":{"rendered":"<p>Se realiz\u00f3 el segundo encuentro del sector de la cadena agroalimentaria en la producci\u00f3n porcina en el que se discutieron documentos de cinco (5) perfiles profesionales de Formaci\u00f3n Profesional: productor porcino; asistente en producci\u00f3n porcina; asistente en faena de porcinos y peque\u00f1os rumiantes; elaborador de chacinados y salazones; y asistente para este elaborador. Se trata [&hellip;]<\/p>\n","protected":false},"author":7,"featured_media":30695,"comment_status":"closed","ping_status":"open","sticky":false,"template":"","format":"standard","meta":{"footnotes":""},"categories":[1,14],"tags":[],"class_list":["post-30683","post","type-post","status-publish","format-standard","has-post-thumbnail","hentry","category-noticias","category-noticias-fijas"],"_links":{"self":[{"href":"https:\/\/www.inet.edu.ar\/index.php\/wp-json\/wp\/v2\/posts\/30683","targetHints":{"allow":["GET"]}}],"collection":[{"href":"https:\/\/www.inet.edu.ar\/index.php\/wp-json\/wp\/v2\/posts"}],"about":[{"href":"https:\/\/www.inet.edu.ar\/index.php\/wp-json\/wp\/v2\/types\/post"}],"author":[{"embeddable":true,"href":"https:\/\/www.inet.edu.ar\/index.php\/wp-json\/wp\/v2\/users\/7"}],"replies":[{"embeddable":true,"href":"https:\/\/www.inet.edu.ar\/index.php\/wp-json\/wp\/v2\/comments?post=30683"}],"version-history":[{"count":6,"href":"https:\/\/www.inet.edu.ar\/index.php\/wp-json\/wp\/v2\/posts\/30683\/revisions"}],"predecessor-version":[{"id":30743,"href":"https:\/\/www.inet.edu.ar\/index.php\/wp-json\/wp\/v2\/posts\/30683\/revisions\/30743"}],"wp:featuredmedia":[{"embeddable":true,"href":"https:\/\/www.inet.edu.ar\/index.php\/wp-json\/wp\/v2\/media\/30695"}],"wp:attachment":[{"href":"https:\/\/www.inet.edu.ar\/index.php\/wp-json\/wp\/v2\/media?parent=30683"}],"wp:term":[{"taxonomy":"category","embeddable":true,"href":"https:\/\/www.inet.edu.ar\/index.php\/wp-json\/wp\/v2\/categories?post=30683"},{"taxonomy":"post_tag","embeddable":true,"href":"https:\/\/www.inet.edu.ar\/index.php\/wp-json\/wp\/v2\/tags?post=30683"}],"curies":[{"name":"wp","href":"https:\/\/api.w.org\/{rel}","templated":true}]}}