{"id":30685,"date":"2019-08-14T16:43:42","date_gmt":"2019-08-14T19:43:42","guid":{"rendered":"https:\/\/www.inet.edu.ar\/?p=30685"},"modified":"2019-08-14T16:43:42","modified_gmt":"2019-08-14T19:43:42","slug":"capacitamos-a-operadores-y-operadoras-en-primera-infancia-de-seis-provincias","status":"publish","type":"post","link":"https:\/\/www.inet.edu.ar\/index.php\/capacitamos-a-operadores-y-operadoras-en-primera-infancia-de-seis-provincias\/","title":{"rendered":"Capacitamos a operadores y operadoras en primera infancia de seis provincias"},"content":{"rendered":"<p>Con el prop\u00f3sito de formalizar y profesionalizar conocimientos de trabajadores que se desempe\u00f1an en ciertas \u00e1reas que hasta el momento hab\u00edan sido dejadas de lado, como es la primera infancia, esta semana se lleva adelante el curso de Formaci\u00f3n Continua para Operadores y Operadoras en Primera Infancia.<\/p>\n<p>La capacitaci\u00f3n, que se desarrolla durante esta semana en el Instituto Nacional de Educaci\u00f3n Tecnol\u00f3gica (INET) desde el programa de formaci\u00f3n continua En FoCo, consta de cuatro d\u00edas y est\u00e1 dirigida a operadores y operadoras que trabajan en los CPI (Centros de Primera Infancia) del Ministerio de Salud y Desarrollo Social de la Naci\u00f3n. Los ejes sobre los que se trabaja a lo largo de las jornadas son: marco hist\u00f3rico y normativo; desarrollo infantil; principios socioeducativos; salud, seguridad e higiene.<\/p>\n<p>En la apertura institucional estuvieron presentes el subsecretario de Primera Infancia Javier Quesada; la directora de Fortalecimiento y Formaci\u00f3n en Primera Infancia, Claudia Castro; y la responsable de Formaci\u00f3n Docente Inicial y Continua del INET Judit Schneider.<\/p>\n\n\t\t<style type=\"text\/css\">\n\t\t\t#gallery-1 {\n\t\t\t\tmargin: auto;\n\t\t\t}\n\t\t\t#gallery-1 .gallery-item {\n\t\t\t\tfloat: left;\n\t\t\t\tmargin-top: 10px;\n\t\t\t\ttext-align: center;\n\t\t\t\twidth: 100%;\n\t\t\t}\n\t\t\t#gallery-1 img {\n\t\t\t\tborder: 2px solid #cfcfcf;\n\t\t\t}\n\t\t\t#gallery-1 .gallery-caption {\n\t\t\t\tmargin-left: 0;\n\t\t\t}\n\t\t\t\/* see gallery_shortcode() in wp-includes\/media.php *\/\n\t\t<\/style>\n\t\t<div id='gallery-1' class='gallery galleryid-30685 gallery-columns-1 gallery-size-large'><dl class='gallery-item'>\n\t\t\t<dt class='gallery-icon landscape'>\n\t\t\t\t<a href='https:\/\/www.inet.edu.ar\/index.php\/capacitamos-a-operadores-y-operadoras-en-primera-infancia-de-seis-provincias\/capacitamos-a-operadores-y-operadoras-en-primera-infancia-de-seis-provincias-2-2\/#main'><img loading=\"lazy\" decoding=\"async\" width=\"468\" height=\"351\" src=\"https:\/\/www.inet.edu.ar\/wp-content\/uploads\/2019\/08\/Capacitamos-a-operadores-y-operadoras-en-primera-infancia-de-seis-provincias-2-468x351.jpg\" class=\"attachment-large size-large\" alt=\"\" srcset=\"https:\/\/www.inet.edu.ar\/wp-content\/uploads\/2019\/08\/Capacitamos-a-operadores-y-operadoras-en-primera-infancia-de-seis-provincias-2-468x351.jpg 468w, https:\/\/www.inet.edu.ar\/wp-content\/uploads\/2019\/08\/Capacitamos-a-operadores-y-operadoras-en-primera-infancia-de-seis-provincias-2-240x180.jpg 240w, https:\/\/www.inet.edu.ar\/wp-content\/uploads\/2019\/08\/Capacitamos-a-operadores-y-operadoras-en-primera-infancia-de-seis-provincias-2-768x576.jpg 768w, https:\/\/www.inet.edu.ar\/wp-content\/uploads\/2019\/08\/Capacitamos-a-operadores-y-operadoras-en-primera-infancia-de-seis-provincias-2.jpg 1040w\" sizes=\"auto, (max-width: 468px) 100vw, 468px\" \/><\/a>\n\t\t\t<\/dt><\/dl><br style=\"clear: both\" \/>\n\t\t<\/div>\n\n<p><em>\u201cNos parece importante que aquellas personas que vienen trabajando hace tantos a\u00f1os con primera infancia tengan la oportunidad de formalizar y validar lo que hacen desde una perspectiva t\u00e9cnica, desde la cual puedan proyectarse como profesionales. Desde el INET estamos convencidos de que nuestra misi\u00f3n es esa, unir la educaci\u00f3n con el trabajo, generando oportunidades de futuro\u00bb<\/em>, expres\u00f3 Schneider.<\/p>\n<p>Mariana Prieto es coordinadora pedag\u00f3gica y cumple el rol de acompa\u00f1ar a los cursantes que, luego de esta capacitaci\u00f3n, empezar\u00e1n a ser tutores. Sobre la capacitaci\u00f3n manifest\u00f3:\u00a0<em>\u201cArmamos todo tipo de actividades para que cuando vuelvan a sus provincias puedan replicar todo lo que estuvimos trabajando con respecto a todos los contenidos y las formas de implementaci\u00f3n\u201d<\/em>. Esto, en referencia al car\u00e1cter federal de la convocatoria ya que est\u00e1n participando seis provincias: Catamarca, Chaco, Corrientes, Entre R\u00edos, R\u00edo Negro y Salta.<\/p>\n<p>La revalorizaci\u00f3n de la actividad que realizan las personas que est\u00e1n en contacto directo con los ni\u00f1os en los Centros de Desarrollo Infantil resulta fundamental. As\u00ed tambi\u00e9n lo entiende Laura Zibelman, secretaria de un Jard\u00edn de Infantes en Corrientes, quien afirma que\u00a0<em>\u201cde ac\u00e1 nos llevamos muchas herramientas porque es muy integral el trabajo que se realiza. Esto es muy importante para nosotras y vamos a llev\u00e1rselo a las chicas que est\u00e1n en contacto diario con estas realidades.\u201d<\/em><\/p>\n<p>La propuesta se inscribe en el marco de los acuerdos entre las carteras nacionales de Educaci\u00f3n, y Salud y Desarrollo Social, a trav\u00e9s del INET y la Secretar\u00eda Nacional de Ni\u00f1ez, Adolescencia y Familia.<\/p>\n","protected":false},"excerpt":{"rendered":"<p>Con el prop\u00f3sito de formalizar y profesionalizar conocimientos de trabajadores que se desempe\u00f1an en ciertas \u00e1reas que hasta el momento hab\u00edan sido dejadas de lado, como es la primera infancia, esta semana se lleva adelante el curso de Formaci\u00f3n Continua para Operadores y Operadoras en Primera Infancia. La capacitaci\u00f3n, que se desarrolla durante esta semana [&hellip;]<\/p>\n","protected":false},"author":7,"featured_media":30687,"comment_status":"closed","ping_status":"open","sticky":false,"template":"","format":"standard","meta":{"footnotes":""},"categories":[1,14],"tags":[],"class_list":["post-30685","post","type-post","status-publish","format-standard","has-post-thumbnail","hentry","category-noticias","category-noticias-fijas"],"_links":{"self":[{"href":"https:\/\/www.inet.edu.ar\/index.php\/wp-json\/wp\/v2\/posts\/30685","targetHints":{"allow":["GET"]}}],"collection":[{"href":"https:\/\/www.inet.edu.ar\/index.php\/wp-json\/wp\/v2\/posts"}],"about":[{"href":"https:\/\/www.inet.edu.ar\/index.php\/wp-json\/wp\/v2\/types\/post"}],"author":[{"embeddable":true,"href":"https:\/\/www.inet.edu.ar\/index.php\/wp-json\/wp\/v2\/users\/7"}],"replies":[{"embeddable":true,"href":"https:\/\/www.inet.edu.ar\/index.php\/wp-json\/wp\/v2\/comments?post=30685"}],"version-history":[{"count":1,"href":"https:\/\/www.inet.edu.ar\/index.php\/wp-json\/wp\/v2\/posts\/30685\/revisions"}],"predecessor-version":[{"id":30689,"href":"https:\/\/www.inet.edu.ar\/index.php\/wp-json\/wp\/v2\/posts\/30685\/revisions\/30689"}],"wp:featuredmedia":[{"embeddable":true,"href":"https:\/\/www.inet.edu.ar\/index.php\/wp-json\/wp\/v2\/media\/30687"}],"wp:attachment":[{"href":"https:\/\/www.inet.edu.ar\/index.php\/wp-json\/wp\/v2\/media?parent=30685"}],"wp:term":[{"taxonomy":"category","embeddable":true,"href":"https:\/\/www.inet.edu.ar\/index.php\/wp-json\/wp\/v2\/categories?post=30685"},{"taxonomy":"post_tag","embeddable":true,"href":"https:\/\/www.inet.edu.ar\/index.php\/wp-json\/wp\/v2\/tags?post=30685"}],"curies":[{"name":"wp","href":"https:\/\/api.w.org\/{rel}","templated":true}]}}