{"id":31279,"date":"2019-09-27T14:17:15","date_gmt":"2019-09-27T17:17:15","guid":{"rendered":"https:\/\/www.inet.edu.ar\/?p=31279"},"modified":"2019-09-27T14:25:36","modified_gmt":"2019-09-27T17:25:36","slug":"foro-del-sector-naval-se-valido-perfil-profesional","status":"publish","type":"post","link":"https:\/\/www.inet.edu.ar\/index.php\/foro-del-sector-naval-se-valido-perfil-profesional\/","title":{"rendered":"Foro del sector Naval: se valid\u00f3 perfil profesional"},"content":{"rendered":"<p>Se valid\u00f3 hoy el perfil profesional del <strong>T\u00e9cnico Electromec\u00e1nico Naval<\/strong> durante la reuni\u00f3n del foro del sector.<\/p>\n<p>Su marco de referencia ser\u00e1 luego presentado ante la Comisi\u00f3n Federal de la Educaci\u00f3n T\u00e9cnico Profesional -ETP- (los referentes ante el INET) para su posterior aprobaci\u00f3n en el Consejo Federal de Educaci\u00f3n (todos los ministros jurisdiccionales).<\/p>\n<p>Encabez\u00f3 el encuentro el secretario permanente del <a href=\"https:\/\/www.inet.edu.ar\/index.php\/conetyp\/red-conetyp\/\" target=\"_blank\" rel=\"noopener\">Consejo Nacional de Educaci\u00f3n, Trabajo y Producci\u00f3n (CoNETyP)<\/a>, Marcelo Vaccaro, junto a equipo del INET. Participaron representantes del Consejo profesional de Ingenieria Naval (CPIN), C\u00e1mara Argentina de Construcciones de Embarcaciones Livianas (CACEL), Federaci\u00f3n de la Industria Naval Argentina (FINA), Foro Nacional de Profesionales T\u00e9cnicos<span class=\"text-muted\"> (<\/span>FNPT), Astilleros R\u00edo Paran\u00e1 Sur, y SPI Astilleros S.A.<\/p>\n<p>Los\u00a0<a href=\"https:\/\/www.inet.edu.ar\/index.php\/conetyp\/foros-sectoriales\/\" target=\"_blank\" rel=\"noopener\">Foros Sectoriales<\/a>\u00a0son espacios de participaci\u00f3n en el que instituciones del \u00e1mbito p\u00fablico y privado se re\u00fanen para analizar el estado del sector en cuesti\u00f3n, presentar los perfiles profesionales existentes, discutir la posibilidad de modificar o agregar nuevos perfiles y para que, a posteriori, cada jurisdicci\u00f3n pueda armar los curr\u00edculum.<\/p>\n<p>&nbsp;<\/p>\n","protected":false},"excerpt":{"rendered":"<p>Se valid\u00f3 hoy el perfil profesional del T\u00e9cnico Electromec\u00e1nico Naval durante la reuni\u00f3n del foro del sector. Su marco de referencia ser\u00e1 luego presentado ante la Comisi\u00f3n Federal de la Educaci\u00f3n T\u00e9cnico Profesional -ETP- (los referentes ante el INET) para su posterior aprobaci\u00f3n en el Consejo Federal de Educaci\u00f3n (todos los ministros jurisdiccionales). Encabez\u00f3 el [&hellip;]<\/p>\n","protected":false},"author":7,"featured_media":31283,"comment_status":"closed","ping_status":"open","sticky":false,"template":"","format":"standard","meta":{"footnotes":""},"categories":[1,14],"tags":[],"class_list":["post-31279","post","type-post","status-publish","format-standard","has-post-thumbnail","hentry","category-noticias","category-noticias-fijas"],"_links":{"self":[{"href":"https:\/\/www.inet.edu.ar\/index.php\/wp-json\/wp\/v2\/posts\/31279","targetHints":{"allow":["GET"]}}],"collection":[{"href":"https:\/\/www.inet.edu.ar\/index.php\/wp-json\/wp\/v2\/posts"}],"about":[{"href":"https:\/\/www.inet.edu.ar\/index.php\/wp-json\/wp\/v2\/types\/post"}],"author":[{"embeddable":true,"href":"https:\/\/www.inet.edu.ar\/index.php\/wp-json\/wp\/v2\/users\/7"}],"replies":[{"embeddable":true,"href":"https:\/\/www.inet.edu.ar\/index.php\/wp-json\/wp\/v2\/comments?post=31279"}],"version-history":[{"count":8,"href":"https:\/\/www.inet.edu.ar\/index.php\/wp-json\/wp\/v2\/posts\/31279\/revisions"}],"predecessor-version":[{"id":31288,"href":"https:\/\/www.inet.edu.ar\/index.php\/wp-json\/wp\/v2\/posts\/31279\/revisions\/31288"}],"wp:featuredmedia":[{"embeddable":true,"href":"https:\/\/www.inet.edu.ar\/index.php\/wp-json\/wp\/v2\/media\/31283"}],"wp:attachment":[{"href":"https:\/\/www.inet.edu.ar\/index.php\/wp-json\/wp\/v2\/media?parent=31279"}],"wp:term":[{"taxonomy":"category","embeddable":true,"href":"https:\/\/www.inet.edu.ar\/index.php\/wp-json\/wp\/v2\/categories?post=31279"},{"taxonomy":"post_tag","embeddable":true,"href":"https:\/\/www.inet.edu.ar\/index.php\/wp-json\/wp\/v2\/tags?post=31279"}],"curies":[{"name":"wp","href":"https:\/\/api.w.org\/{rel}","templated":true}]}}