{"id":31729,"date":"2019-10-21T14:14:28","date_gmt":"2019-10-21T17:14:28","guid":{"rendered":"https:\/\/www.inet.edu.ar\/?p=31729"},"modified":"2019-10-21T14:14:28","modified_gmt":"2019-10-21T17:14:28","slug":"clases-de-cocina-en-un-aula-movil-en-la-expo-rural-de-salliquelo","status":"publish","type":"post","link":"https:\/\/www.inet.edu.ar\/index.php\/clases-de-cocina-en-un-aula-movil-en-la-expo-rural-de-salliquelo\/","title":{"rendered":"Clases de cocina en un aula m\u00f3vil en la Expo Rural de Salliquel\u00f3"},"content":{"rendered":"<p>Con el objetivo de capacitar en gastronom\u00eda, se emplaz\u00f3 un aula taller m\u00f3vil en la <strong>Expo Rural de Salliquel\u00f3<\/strong>, provincia de Buenos Aires.<\/p>\n<p>El ATM pertenece a la\u00a0<a href=\"https:\/\/www.inet.edu.ar\/index.php\/niveles-educativos\/formacion-profesional\/programa-federal-de-aulas-tecnicas-moviles\/\" target=\"_blank\" rel=\"noopener\">Red Nacional de Aulas Talleres M\u00f3viles<\/a>\u00a0-programa del Ministerio de Educaci\u00f3n, Cultura, Ciencia y Tecnolog\u00eda a trav\u00e9s del INET- que tiene como objetivo llevar capacitaci\u00f3n laboral y formaci\u00f3n profesional a todos los rincones del pa\u00eds. Con estas capacitaciones, se favorece el despertar vocacional y la profesionalizaci\u00f3n, y se ponen en valor experiencias territoriales que fortalecen las econom\u00edas locales.<\/p>\n<p>Durante tres d\u00edas, se realizaron clases de cocina para capacitar al p\u00fablico visitante, a cargo del cocinero Sergio Torrigiani. La actividad fue organizada por el INET, la Universidad Provincial del Sudoeste, la Asociaci\u00f3n Rural, y el Municipio de la ciudad sede.<\/p>\n\n\t\t<style type=\"text\/css\">\n\t\t\t#gallery-1 {\n\t\t\t\tmargin: auto;\n\t\t\t}\n\t\t\t#gallery-1 .gallery-item {\n\t\t\t\tfloat: left;\n\t\t\t\tmargin-top: 10px;\n\t\t\t\ttext-align: center;\n\t\t\t\twidth: 100%;\n\t\t\t}\n\t\t\t#gallery-1 img {\n\t\t\t\tborder: 2px solid #cfcfcf;\n\t\t\t}\n\t\t\t#gallery-1 .gallery-caption {\n\t\t\t\tmargin-left: 0;\n\t\t\t}\n\t\t\t\/* see gallery_shortcode() in wp-includes\/media.php *\/\n\t\t<\/style>\n\t\t<div id='gallery-1' class='gallery galleryid-31729 gallery-columns-1 gallery-size-large'><dl class='gallery-item'>\n\t\t\t<dt class='gallery-icon portrait'>\n\t\t\t\t<a href='https:\/\/www.inet.edu.ar\/index.php\/clases-de-cocina-en-un-aula-movil-en-la-expo-rural-de-salliquelo\/clases-de-cocina-en-un-aula-movil-en-la-expo-rural-de-salliquelo-5\/#main'><img loading=\"lazy\" decoding=\"async\" width=\"468\" height=\"624\" src=\"https:\/\/www.inet.edu.ar\/wp-content\/uploads\/2019\/10\/Clases-de-cocina-en-un-aula-movil-en-la-Expo-Rural-de-Salliquelo-5-468x624.jpeg\" class=\"attachment-large size-large\" alt=\"\" srcset=\"https:\/\/www.inet.edu.ar\/wp-content\/uploads\/2019\/10\/Clases-de-cocina-en-un-aula-movil-en-la-Expo-Rural-de-Salliquelo-5-468x624.jpeg 468w, https:\/\/www.inet.edu.ar\/wp-content\/uploads\/2019\/10\/Clases-de-cocina-en-un-aula-movil-en-la-Expo-Rural-de-Salliquelo-5-240x320.jpeg 240w, https:\/\/www.inet.edu.ar\/wp-content\/uploads\/2019\/10\/Clases-de-cocina-en-un-aula-movil-en-la-Expo-Rural-de-Salliquelo-5-768x1024.jpeg 768w, https:\/\/www.inet.edu.ar\/wp-content\/uploads\/2019\/10\/Clases-de-cocina-en-un-aula-movil-en-la-Expo-Rural-de-Salliquelo-5.jpeg 774w\" sizes=\"auto, (max-width: 468px) 100vw, 468px\" \/><\/a>\n\t\t\t<\/dt><\/dl><br style=\"clear: both\" \/>\n\t\t<\/div>\n\n<p>La <strong>Expo Rural de Salliquel\u00f3<\/strong> incluy\u00f3 exposiciones y concursos ganaderos, av\u00edcolas e industriales de producci\u00f3n local.<\/p>\n<p><strong>Acerca del Aula Taller M\u00f3vil (ATM) de Gastronom\u00eda<\/strong><\/p>\n<p>Las Aulas Talleres M\u00f3viles son estructuras transportables que reproducen las condiciones de un aula taller tradicional con la particularidad de estar dise\u00f1adas para trasladarse en tr\u00e1ilers. Una vez en destino, se las desprende del tr\u00e1iler y se expande uno de sus laterales, ampliando as\u00ed su capacidad (15 x 5 m). Cada unidad reproduce las mismas caracter\u00edsticas que un espacio educativo tradicional, con conexi\u00f3n satelital a Internet, grupo electr\u00f3geno, instalaci\u00f3n el\u00e9ctrica, accesibilidad para personas con movilidad reducida, equipo multimedia, aislamiento t\u00e9rmico y ac\u00fastico, equipo de aire acondicionado, agua potable, entre otros servicios e instalaciones. Adem\u00e1s, cada aula ha sido equipada con herramientas, instrumentos e insumos de alta complejidad, en funci\u00f3n de la especialidad.<\/p>\n<p>Esta unidad \u2013de Gastronom\u00eda- est\u00e1 totalmente equipada como una cocina profesional, que permite la puesta en juego de h\u00e1bitos y competencias profesionales. Cuenta con horno convector, amasadora, balanza electr\u00f3nica, anafe el\u00e9ctrico, batidora industrial, cocina industrial, freezer vertical, freidora el\u00e9ctrica, heladera vitrina vertical, horno convector el\u00e9ctrico digital. Incluye elementos de protecci\u00f3n personal y para pr\u00e1cticas de manipulaci\u00f3n de alimentos, elementos para presentaci\u00f3n de platos y servicio, entre otros.<\/p>\n<p>Desde el a\u00f1o pasado, el aula es emplazada en distintos eventos con el objetivo de capacitar en gastronom\u00eda y cocina -como \u00e1mbitos propicios para el desarrollo de trayectorias formativas profesionalizantes.<\/p>\n<p>&nbsp;<\/p>\n<p>&nbsp;<\/p>\n","protected":false},"excerpt":{"rendered":"<p>Con el objetivo de capacitar en gastronom\u00eda, se emplaz\u00f3 un aula taller m\u00f3vil en la Expo Rural de Salliquel\u00f3, provincia de Buenos Aires. El ATM pertenece a la\u00a0Red Nacional de Aulas Talleres M\u00f3viles\u00a0-programa del Ministerio de Educaci\u00f3n, Cultura, Ciencia y Tecnolog\u00eda a trav\u00e9s del INET- que tiene como objetivo llevar capacitaci\u00f3n laboral y formaci\u00f3n profesional [&hellip;]<\/p>\n","protected":false},"author":7,"featured_media":31735,"comment_status":"closed","ping_status":"open","sticky":false,"template":"","format":"standard","meta":{"footnotes":""},"categories":[1,14],"tags":[],"class_list":["post-31729","post","type-post","status-publish","format-standard","has-post-thumbnail","hentry","category-noticias","category-noticias-fijas"],"_links":{"self":[{"href":"https:\/\/www.inet.edu.ar\/index.php\/wp-json\/wp\/v2\/posts\/31729","targetHints":{"allow":["GET"]}}],"collection":[{"href":"https:\/\/www.inet.edu.ar\/index.php\/wp-json\/wp\/v2\/posts"}],"about":[{"href":"https:\/\/www.inet.edu.ar\/index.php\/wp-json\/wp\/v2\/types\/post"}],"author":[{"embeddable":true,"href":"https:\/\/www.inet.edu.ar\/index.php\/wp-json\/wp\/v2\/users\/7"}],"replies":[{"embeddable":true,"href":"https:\/\/www.inet.edu.ar\/index.php\/wp-json\/wp\/v2\/comments?post=31729"}],"version-history":[{"count":6,"href":"https:\/\/www.inet.edu.ar\/index.php\/wp-json\/wp\/v2\/posts\/31729\/revisions"}],"predecessor-version":[{"id":31737,"href":"https:\/\/www.inet.edu.ar\/index.php\/wp-json\/wp\/v2\/posts\/31729\/revisions\/31737"}],"wp:featuredmedia":[{"embeddable":true,"href":"https:\/\/www.inet.edu.ar\/index.php\/wp-json\/wp\/v2\/media\/31735"}],"wp:attachment":[{"href":"https:\/\/www.inet.edu.ar\/index.php\/wp-json\/wp\/v2\/media?parent=31729"}],"wp:term":[{"taxonomy":"category","embeddable":true,"href":"https:\/\/www.inet.edu.ar\/index.php\/wp-json\/wp\/v2\/categories?post=31729"},{"taxonomy":"post_tag","embeddable":true,"href":"https:\/\/www.inet.edu.ar\/index.php\/wp-json\/wp\/v2\/tags?post=31729"}],"curies":[{"name":"wp","href":"https:\/\/api.w.org\/{rel}","templated":true}]}}