{"id":32035,"date":"2020-02-12T12:41:36","date_gmt":"2020-02-12T15:41:36","guid":{"rendered":"https:\/\/www.inet.edu.ar\/?p=32035"},"modified":"2020-02-12T16:21:54","modified_gmt":"2020-02-12T19:21:54","slug":"nueva-convocatoria-para-presentar-proyectos-de-investigacion-en-red-pir-de-la-etp","status":"publish","type":"post","link":"https:\/\/www.inet.edu.ar\/index.php\/nueva-convocatoria-para-presentar-proyectos-de-investigacion-en-red-pir-de-la-etp\/","title":{"rendered":"Pr\u00f3rroga para presentar Proyectos de Investigaci\u00f3n en Red (PIR) de la ETP"},"content":{"rendered":"<p>Hasta el 9 de marzo de 2020, las instituciones de la Educaci\u00f3n T\u00e9cnico Profesional (ETP) pueden\u00a0<strong>presentar proyectos de investigaci\u00f3n<\/strong> <strong>en articulaci\u00f3n con universidades<\/strong>. Se trata de los <a href=\"https:\/\/www.inet.edu.ar\/index.php\/estudios-investigaciones\/fondo-nacional-de-investigaciones-de-educacion-tecnico-profesional\/fonietp-proyectos-de-investigacion-pir-proyectos-institucionales-en-red\/\"><strong>\u201cProyectos Institucionales en Red<\/strong>\u201d<\/a> (PIR) del <a href=\"https:\/\/www.inet.edu.ar\/index.php\/estudios-investigaciones\/fondo-nacional-de-investigaciones-de-educacion-tecnico-profesional\/\"><strong>Fondo Nacional de Investigaci\u00f3n de ETP<\/strong>\u00a0(FoNIETP)<\/a>.<\/p>\n<p>Los <a href=\"https:\/\/www.inet.edu.ar\/index.php\/estudios-investigaciones\/fondo-nacional-de-investigaciones-de-educacion-tecnico-profesional\/fonietp-proyectos-de-investigacion-pir-proyectos-institucionales-en-red\/\"><strong>\u201cProyectos Institucionales en Red<\/strong>\u201d<\/a>\u00a0est\u00e1n destinados a todas las instituciones de la ETP que se encuentren inscriptas en el <a href=\"https:\/\/www.inet.edu.ar\/index.php\/estudios-investigaciones\/registro-federal-de-instituciones\/\" target=\"_blank\" rel=\"noopener\">Registro Federal de Instituciones de la ETP<\/a> y deseen presentar un proyecto de investigaci\u00f3n. Lo pueden hacer uno o dos instituciones en articulaci\u00f3n con una universidad p\u00fablica nacional o provincial.<\/p>\n<p>Se puede seleccionar un tema vinculado a alguna de las tres dimensiones propuestas y abordar un nivel o m\u00e1s de ETP: Secundaria T\u00e9cnica, Superior T\u00e9cnica y\/o Formaci\u00f3n Profesional.<\/p>\n<p>Las dimensiones o tem\u00e1ticas propuestas para los proyectos son:<\/p>\n<ol>\n<li>Articulaci\u00f3n entre la Secundaria T\u00e9cnica y el Nivel Superior. La integraci\u00f3n de ambos niveles educativos. Dispositivos, aspectos facilitadores y obstaculizadores.<\/li>\n<li>Personas en situaci\u00f3n de discapacidad y\/o diversidad. Su inclusi\u00f3n en las instituciones educativas de la ETP.<\/li>\n<li>Representaciones Sociales sobre la ense\u00f1anza en la ETP. Su implicancia para la formaci\u00f3n docente.<\/li>\n<\/ol>\n<p>&nbsp;<\/p>\n<h4><strong>NUEVO: Bases de la convocatoria, cronograma y formularios actualizados:<\/strong><\/h4>\n<ul>\n<li><a href=\"https:\/\/www.inet.edu.ar\/wp-content\/uploads\/2020\/02\/Bases-y-formularios-para-la-presentacion-de-Proyectos-rectificados.pdf\" target=\"_blank\" rel=\"noopener\">Bases y formularios para la presentaci\u00f3n de Proyectos Institucionales en Red 2019<\/a>\u00a0(<strong>Fe de erratas<\/strong>: en el formulario de Presentaci\u00f3n de Proyectos de Investigaci\u00f3n AEI, en el punto 3 \u00abFormulaci\u00f3n de la pregunta de investigaci\u00f3n\u00bb , debe decir en extensi\u00f3n: \u00ab<b>hasta tres p\u00e1ginas<\/b>\u00ab).<\/li>\n<li><a href=\"https:\/\/www.inet.edu.ar\/wp-content\/uploads\/2019\/11\/DI-Convocatoria-2019-del-FoNIETP-AEI-Institucional----Proyectos-Institucionales-en-Red----2.pdf\" target=\"_blank\" rel=\"noopener\">Disposici\u00f3n<\/a><\/li>\n<\/ul>\n<p>&nbsp;<\/p>\n<p>El\u00a0<a href=\"https:\/\/www.inet.edu.ar\/index.php\/estudios-investigaciones\/fondo-nacional-de-investigaciones-de-educacion-tecnico-profesional\/\">FoNIETP<\/a> fue creado por el Consejo Federal de Educaci\u00f3n con el prop\u00f3sito de promover la generaci\u00f3n de los conocimientos necesarios para la toma de decisiones en el mejoramiento de la graduaci\u00f3n y la calidad de la Educaci\u00f3n T\u00e9cnica Profesional. La convocatoria FoNIETP 2019 apunta a dos componentes:\u00a0<strong>Investigaciones INET<\/strong>\u00a0(estudios cuantitativos y cualitativos a nivel nacional) y los\u00a0<strong>AEI Proyectos Institucionales en Red (PIR)\u00a0<\/strong>dirigidos a instituciones de la ETP en articulaci\u00f3n con universidades p\u00fablicas nacionales y provinciales.<\/p>\n<p>&nbsp;<\/p>\n<p><span style=\"font-family: Helvetica Neue, Helvetica, Arial, sans-serif; font-size: small;\">\u00a0<\/span><\/p>\n","protected":false},"excerpt":{"rendered":"<p>Hasta el 9 de marzo de 2020, las instituciones de la Educaci\u00f3n T\u00e9cnico Profesional (ETP) pueden\u00a0presentar proyectos de investigaci\u00f3n en articulaci\u00f3n con universidades. Se trata de los \u201cProyectos Institucionales en Red\u201d (PIR) del Fondo Nacional de Investigaci\u00f3n de ETP\u00a0(FoNIETP). Los \u201cProyectos Institucionales en Red\u201d\u00a0est\u00e1n destinados a todas las instituciones de la ETP que se encuentren [&hellip;]<\/p>\n","protected":false},"author":7,"featured_media":32651,"comment_status":"closed","ping_status":"open","sticky":false,"template":"","format":"standard","meta":{"footnotes":""},"categories":[1,13],"tags":[],"class_list":["post-32035","post","type-post","status-publish","format-standard","has-post-thumbnail","hentry","category-noticias","category-noticias-slider"],"_links":{"self":[{"href":"https:\/\/www.inet.edu.ar\/index.php\/wp-json\/wp\/v2\/posts\/32035","targetHints":{"allow":["GET"]}}],"collection":[{"href":"https:\/\/www.inet.edu.ar\/index.php\/wp-json\/wp\/v2\/posts"}],"about":[{"href":"https:\/\/www.inet.edu.ar\/index.php\/wp-json\/wp\/v2\/types\/post"}],"author":[{"embeddable":true,"href":"https:\/\/www.inet.edu.ar\/index.php\/wp-json\/wp\/v2\/users\/7"}],"replies":[{"embeddable":true,"href":"https:\/\/www.inet.edu.ar\/index.php\/wp-json\/wp\/v2\/comments?post=32035"}],"version-history":[{"count":22,"href":"https:\/\/www.inet.edu.ar\/index.php\/wp-json\/wp\/v2\/posts\/32035\/revisions"}],"predecessor-version":[{"id":32649,"href":"https:\/\/www.inet.edu.ar\/index.php\/wp-json\/wp\/v2\/posts\/32035\/revisions\/32649"}],"wp:featuredmedia":[{"embeddable":true,"href":"https:\/\/www.inet.edu.ar\/index.php\/wp-json\/wp\/v2\/media\/32651"}],"wp:attachment":[{"href":"https:\/\/www.inet.edu.ar\/index.php\/wp-json\/wp\/v2\/media?parent=32035"}],"wp:term":[{"taxonomy":"category","embeddable":true,"href":"https:\/\/www.inet.edu.ar\/index.php\/wp-json\/wp\/v2\/categories?post=32035"},{"taxonomy":"post_tag","embeddable":true,"href":"https:\/\/www.inet.edu.ar\/index.php\/wp-json\/wp\/v2\/tags?post=32035"}],"curies":[{"name":"wp","href":"https:\/\/api.w.org\/{rel}","templated":true}]}}