{"id":32814,"date":"2021-09-09T19:12:30","date_gmt":"2021-09-09T22:12:30","guid":{"rendered":"https:\/\/www.inet.edu.ar\/?p=32814"},"modified":"2021-11-03T13:24:17","modified_gmt":"2021-11-03T16:24:17","slug":"recursos-e-informacion-util-para-casos-de-violencia-de-genero","status":"publish","type":"post","link":"https:\/\/www.inet.edu.ar\/index.php\/recursos-e-informacion-util-para-casos-de-violencia-de-genero\/","title":{"rendered":"Recursos e informaci\u00f3n \u00fatil para casos de violencia en el hogar"},"content":{"rendered":"<p>Ante la particular situaci\u00f3n que estamos atravesando, en el marco del aislamiento social preventivo y obligatorio decretado por el gobierno nacional como medida de protecci\u00f3n de la salud p\u00fablica frente a la propagaci\u00f3n de la pandemia de COVID-19, estamos viviendo por estos d\u00edas situaciones extraordinarias para el mundo y para la educaci\u00f3n argentina en particular.<\/p>\n<p>Con la intenci\u00f3n de sostener la continuidad pedag\u00f3gica en todos sus niveles, el sistema educativo se encuentra desarrollando sus actividades bajo un formato virtual. Esto, sin duda, est\u00e1 siendo posible, gracias a la enorme predisposici\u00f3n y el trabajo de toda la comunidad educativa, equipos directivos, administrativos, docentes y familias, que nos permite decir hoy que \u00abla T\u00e9cnica sigue\u00bb.<\/p>\n<p>Como sabemos, esta situaci\u00f3n de aislamiento social encuentra a los y las estudiantes conviviendo de manera permanente con sus padres y\/u otras personas adultas y, en algunos casos, esto puede significar una <strong>mayor exposici\u00f3n a distintas situaciones de violencia en el hogar<\/strong>.<\/p>\n<p>Es por ello que, considerando que los y las docentes son uno de los principales medios de contacto por fuera del hogar, les acercamos algunos tel\u00e9fonos \u00fatiles para que tengan en cuenta y puedan utilizar, en caso de detectar episodios de violencia y\/o vulneraci\u00f3n de derechos entre sus estudiantes.<\/p>\n<p>&nbsp;<\/p>\n<p><strong>L\u00ednea 102.\u00a0<\/strong><strong>Para la Protecci\u00f3n los derechos de ni\u00f1os, ni\u00f1as y adolescentes<\/strong><\/p>\n<p>La <strong>Secretar\u00eda Nacional de Ni\u00f1ez, Adolescencia y Familia dependiente del Ministerio de Desarrollo Social<\/strong> pone a disposici\u00f3n este servicio telef\u00f3nico gratuito y confidencial que brinda un espacio de escucha, contenci\u00f3n y orientaci\u00f3n para ni\u00f1os, ni\u00f1as y adolescentes, y tambi\u00e9n realiza intervenciones, de manera conjunta con otros organismos del Estado, ante situaciones de vulneraci\u00f3n de sus derechos.<\/p>\n<p><strong>Correo electr\u00f3nico: <\/strong><a href=\"mailto:linea102@senaf.gob.ar\"><strong>linea102@senaf.gob.ar<\/strong><\/a><strong> o <\/strong><a href=\"mailto:comunicacion@senaf.gob.ar\"><strong>comunicacion@senaf.gob.ar<\/strong><\/a><\/p>\n<p><strong>\u00a0<\/strong><\/p>\n<p><strong>Los n\u00fameros para la atenci\u00f3n de la L\u00ednea 102 en todo el pa\u00eds:<\/strong><\/p>\n<p><a href=\"https:\/\/www.inet.edu.ar\/index.php\/recursos-e-informacion-util-para-casos-de-violencia-de-genero\/linea102-mapa\/#main\" rel=\"attachment wp-att-32816\"><img loading=\"lazy\" decoding=\"async\" class=\"size-full wp-image-32816 alignnone\" src=\"https:\/\/www.inet.edu.ar\/wp-content\/uploads\/2020\/04\/linea102-mapa.jpg\" alt=\"\" width=\"489\" height=\"669\" srcset=\"https:\/\/www.inet.edu.ar\/wp-content\/uploads\/2020\/04\/linea102-mapa.jpg 489w, https:\/\/www.inet.edu.ar\/wp-content\/uploads\/2020\/04\/linea102-mapa-240x328.jpg 240w, https:\/\/www.inet.edu.ar\/wp-content\/uploads\/2020\/04\/linea102-mapa-468x640.jpg 468w\" sizes=\"auto, (max-width: 489px) 100vw, 489px\" \/><\/a><\/p>\n<p>&nbsp;<\/p>\n<p><strong>Atenci\u00f3n a v\u00edctimas de abuso sexual infantil: <\/strong><strong>0800-222-1717<\/strong><\/p>\n<p>El Equipo Ni\u00f1o\/as de la Secretar\u00eda Nacional de Ni\u00f1ez, Adolescencia y Familia es un equipo de profesionales en psicolog\u00eda y trabajo social. La l\u00ednea telef\u00f3nica es gratuita y atiende las 24 horas, los 365 d\u00edas del a\u00f1o, desde cualquier lugar de la Argentina.<\/p>\n<p><strong>Correo electr\u00f3nico: <\/strong><a href=\"mailto:equiponinas@jus.gov.ar\"><strong>equiponinas@jus.gov.ar<\/strong><\/a><\/p>\n<p>&nbsp;<\/p>\n<p><strong>L\u00ednea 144.<\/strong><strong>\u00a0 <\/strong><strong>Atenci\u00f3n a Mujeres y Personas LGTBIQ+<\/strong><\/p>\n<p>Para recibir contenci\u00f3n y asesoramiento ante situaciones de violencia por motivos de g\u00e9nero, el Ministerio de las Mujeres, G\u00e9neros y Diversidad pone a disposici\u00f3n una l\u00ednea telef\u00f3nica gratuita que atiende las 24 horas, los 365 d\u00edas del a\u00f1o, desde cualquier lugar de la Argentina.<\/p>\n<p>Tambi\u00e9n habilitaron los siguientes canales de comunicaci\u00f3n:<\/p>\n<p><strong>WhatsApp: (+54) <\/strong><strong>11-2771-6463<\/strong><strong>, <\/strong><strong>11-2775-9047<\/strong><strong> y <\/strong><strong>11-2775-9048<\/strong><\/p>\n<p><strong>Correo electr\u00f3nico:\u00a0<\/strong><a href=\"mailto:linea144@mingeneros.gob.ar\"><strong>linea144@mingeneros.gob.ar<\/strong><\/a><\/p>\n<p><strong>Aplicaci\u00f3n gratuita<\/strong> para celulares complementaria a la L\u00ednea 144: <a href=\"https:\/\/www.argentina.gob.ar\/aplicaciones\/linea-144-atencion-mujeres\"><strong>https:\/\/www.argentina.gob.ar\/aplicaciones\/linea-144-atencion-mujeres<\/strong><\/a><\/p>\n<p><strong>Gu\u00eda de los\u00a0recursos geolocalizados<\/strong>\u00a0con\u00a0los\u00a0que\u00a0trabaja\u00a0la\u00a0L\u00ednea 144 en las distintas provincias: <a href=\"https:\/\/www.argentina.gob.ar\/generos\/mapamujeres\"><strong>https:\/\/www.argentina.gob.ar\/generos\/mapamujeres<\/strong><\/a><\/p>\n<p>&nbsp;<\/p>\n<p>La <a href=\"https:\/\/www.inet.edu.ar\/index.php\/equidad-de-genero-en-la-educacion-tecnico-profesional\/\" target=\"_blank\" rel=\"noopener\"><strong>Comisi\u00f3n de Equidad de G\u00e9nero del INET<\/strong><\/a> acompa\u00f1a el trabajo de todos los y las profesores y los equipos directivos.\u00a0Para comunicarse con la Comisi\u00f3n: <strong>generoinet@gmail.com<\/strong><\/p>\n<p>&nbsp;<\/p>\n<p>&nbsp;<\/p>\n<p><strong>#LaT\u00e9cnicaSigue<\/strong><\/p>\n<p><strong>#EscuelasSinViolencias<\/strong><\/p>\n<p><strong>\u00a0<\/strong><\/p>\n","protected":false},"excerpt":{"rendered":"<p>Ante la particular situaci\u00f3n que estamos atravesando, en el marco del aislamiento social preventivo y obligatorio decretado por el gobierno nacional como medida de protecci\u00f3n de la salud p\u00fablica frente a la propagaci\u00f3n de la pandemia de COVID-19, estamos viviendo por estos d\u00edas situaciones extraordinarias para el mundo y para la educaci\u00f3n argentina en particular. [&hellip;]<\/p>\n","protected":false},"author":3,"featured_media":33979,"comment_status":"closed","ping_status":"open","sticky":false,"template":"","format":"standard","meta":{"footnotes":""},"categories":[1,14],"tags":[],"class_list":["post-32814","post","type-post","status-publish","format-standard","has-post-thumbnail","hentry","category-noticias","category-noticias-fijas"],"_links":{"self":[{"href":"https:\/\/www.inet.edu.ar\/index.php\/wp-json\/wp\/v2\/posts\/32814","targetHints":{"allow":["GET"]}}],"collection":[{"href":"https:\/\/www.inet.edu.ar\/index.php\/wp-json\/wp\/v2\/posts"}],"about":[{"href":"https:\/\/www.inet.edu.ar\/index.php\/wp-json\/wp\/v2\/types\/post"}],"author":[{"embeddable":true,"href":"https:\/\/www.inet.edu.ar\/index.php\/wp-json\/wp\/v2\/users\/3"}],"replies":[{"embeddable":true,"href":"https:\/\/www.inet.edu.ar\/index.php\/wp-json\/wp\/v2\/comments?post=32814"}],"version-history":[{"count":7,"href":"https:\/\/www.inet.edu.ar\/index.php\/wp-json\/wp\/v2\/posts\/32814\/revisions"}],"predecessor-version":[{"id":33020,"href":"https:\/\/www.inet.edu.ar\/index.php\/wp-json\/wp\/v2\/posts\/32814\/revisions\/33020"}],"wp:featuredmedia":[{"embeddable":true,"href":"https:\/\/www.inet.edu.ar\/index.php\/wp-json\/wp\/v2\/media\/33979"}],"wp:attachment":[{"href":"https:\/\/www.inet.edu.ar\/index.php\/wp-json\/wp\/v2\/media?parent=32814"}],"wp:term":[{"taxonomy":"category","embeddable":true,"href":"https:\/\/www.inet.edu.ar\/index.php\/wp-json\/wp\/v2\/categories?post=32814"},{"taxonomy":"post_tag","embeddable":true,"href":"https:\/\/www.inet.edu.ar\/index.php\/wp-json\/wp\/v2\/tags?post=32814"}],"curies":[{"name":"wp","href":"https:\/\/api.w.org\/{rel}","templated":true}]}}