{"id":32892,"date":"2020-04-10T09:42:35","date_gmt":"2020-04-10T12:42:35","guid":{"rendered":"https:\/\/www.inet.edu.ar\/?p=32892"},"modified":"2020-05-02T16:44:19","modified_gmt":"2020-05-02T19:44:19","slug":"el-rol-docente-tecnico-en-la-virtualidad-cursos-para-docentes-de-educacion-tecnico-profesional","status":"publish","type":"post","link":"https:\/\/www.inet.edu.ar\/index.php\/el-rol-docente-tecnico-en-la-virtualidad-cursos-para-docentes-de-educacion-tecnico-profesional\/","title":{"rendered":"\u201cEl rol docente t\u00e9cnico en la virtualidad\u201d: CURSOS PARA DOCENTES DE EDUCACI\u00d3N T\u00c9CNICO PROFESIONAL"},"content":{"rendered":"<pre style=\"text-align: center;\">Cupos completos. Pr\u00f3ximamente, nuevos cursos<\/pre>\n<p>El Ministerio de Educaci\u00f3n de la Naci\u00f3n a trav\u00e9s del INET lanza una oferta de cursos virtuales y gratuitos destinados\u00a0a <strong>docentes y directivos de escuelas t\u00e9cnicas secundarias, institutos superiores t\u00e9cnicos y centros de Formaci\u00f3n Profesional.\u00a0<\/strong><\/p>\n<p dir=\"ltr\">Los cursos buscan brindar herramientas para potenciar la modalidad de educaci\u00f3n a distancia que docentes y directivos de\u00a0<strong>instituciones<\/strong> <strong>t\u00e9cnico<\/strong> <strong>profesionales<\/strong> est\u00e1n implementando en el marco de la emergencia sanitaria nacional.<\/p>\n<p dir=\"ltr\">Desde c\u00f3mo ense\u00f1ar y aprender en la cultura digital, pasando por la utilizaci\u00f3n del celular y las TIC y la Matem\u00e1tica,\u00a0hasta las nuevas tecnolog\u00edas en el Agro, se trata de seis (6) cursos virtuales y gratuitos del programa En FoCo ETP.<\/p>\n<p dir=\"ltr\">La inscripci\u00f3n se realizar\u00e1 entre el 10 y el 20 de abril, y la cursada comenzar\u00e1 el martes 28 del mismo mes.<\/p>\n<p dir=\"ltr\">Para m\u00e1s informaci\u00f3n: <a href=\"https:\/\/www.inet.edu.ar\/index.php\/niveles-educativos\/formacion-profesional\/cursos-de-capacitacion\/cursos-virtuales\/\">Cursos virtuales<\/a><\/p>\n","protected":false},"excerpt":{"rendered":"<p>Cupos completos. Pr\u00f3ximamente, nuevos cursos El Ministerio de Educaci\u00f3n de la Naci\u00f3n a trav\u00e9s del INET lanza una oferta de cursos virtuales y gratuitos destinados\u00a0a docentes y directivos de escuelas t\u00e9cnicas secundarias, institutos superiores t\u00e9cnicos y centros de Formaci\u00f3n Profesional.\u00a0 Los cursos buscan brindar herramientas para potenciar la modalidad de educaci\u00f3n a distancia que docentes [&hellip;]<\/p>\n","protected":false},"author":7,"featured_media":32904,"comment_status":"closed","ping_status":"open","sticky":false,"template":"","format":"standard","meta":{"footnotes":""},"categories":[1],"tags":[],"class_list":["post-32892","post","type-post","status-publish","format-standard","has-post-thumbnail","hentry","category-noticias"],"_links":{"self":[{"href":"https:\/\/www.inet.edu.ar\/index.php\/wp-json\/wp\/v2\/posts\/32892","targetHints":{"allow":["GET"]}}],"collection":[{"href":"https:\/\/www.inet.edu.ar\/index.php\/wp-json\/wp\/v2\/posts"}],"about":[{"href":"https:\/\/www.inet.edu.ar\/index.php\/wp-json\/wp\/v2\/types\/post"}],"author":[{"embeddable":true,"href":"https:\/\/www.inet.edu.ar\/index.php\/wp-json\/wp\/v2\/users\/7"}],"replies":[{"embeddable":true,"href":"https:\/\/www.inet.edu.ar\/index.php\/wp-json\/wp\/v2\/comments?post=32892"}],"version-history":[{"count":9,"href":"https:\/\/www.inet.edu.ar\/index.php\/wp-json\/wp\/v2\/posts\/32892\/revisions"}],"predecessor-version":[{"id":32947,"href":"https:\/\/www.inet.edu.ar\/index.php\/wp-json\/wp\/v2\/posts\/32892\/revisions\/32947"}],"wp:featuredmedia":[{"embeddable":true,"href":"https:\/\/www.inet.edu.ar\/index.php\/wp-json\/wp\/v2\/media\/32904"}],"wp:attachment":[{"href":"https:\/\/www.inet.edu.ar\/index.php\/wp-json\/wp\/v2\/media?parent=32892"}],"wp:term":[{"taxonomy":"category","embeddable":true,"href":"https:\/\/www.inet.edu.ar\/index.php\/wp-json\/wp\/v2\/categories?post=32892"},{"taxonomy":"post_tag","embeddable":true,"href":"https:\/\/www.inet.edu.ar\/index.php\/wp-json\/wp\/v2\/tags?post=32892"}],"curies":[{"name":"wp","href":"https:\/\/api.w.org\/{rel}","templated":true}]}}