{"id":33007,"date":"2020-04-23T16:55:30","date_gmt":"2020-04-23T19:55:30","guid":{"rendered":"https:\/\/www.inet.edu.ar\/?p=33007"},"modified":"2020-05-02T16:43:53","modified_gmt":"2020-05-02T19:43:53","slug":"dia-internacional-de-las-ninas-en-las-tecnologias-de-la-informacion-y-la-comunicacion-tic","status":"publish","type":"post","link":"https:\/\/www.inet.edu.ar\/index.php\/dia-internacional-de-las-ninas-en-las-tecnologias-de-la-informacion-y-la-comunicacion-tic\/","title":{"rendered":"D\u00eda Internacional de las Ni\u00f1as en las Tecnolog\u00edas de la Informaci\u00f3n y la Comunicaci\u00f3n (TIC)"},"content":{"rendered":"<p style=\"text-align: left;\"><a href=\"https:\/\/www.itu.int\/es\/ITU-D\/Digital-Inclusion\/Women-and-Girls\/Girls-in-ICT-Portal\/Pages\/Portal.aspx\">D\u00eda Internacional de las Ni\u00f1as en las Tecnolog\u00edas de la Informaci\u00f3n y la Comunicaci\u00f3n (TIC) se celebra cada a\u00f1o el cuarto martes del mes de abril y fue decidido en 2010 por la Uni\u00f3n Internacional de Telecomunicaciones, organismo de Naciones Unidas especializado en telecomunicaciones.<\/a><\/p>\n<p>El D\u00eda Internacional de las Ni\u00f1as en las TIC tiene por objeto alentar a las ni\u00f1as y mujeres j\u00f3venes a considerar la posibilidad de orientar sus estudios y profesiones al campo creciente de las TIC, y rebajar as\u00ed las brechas de g\u00e9nero en el sector.<\/p>\n<p>Desde la <a href=\"https:\/\/www.inet.edu.ar\/index.php\/equidad-de-genero-en-la-educacion-tecnico-profesional\/\">Comisi\u00f3n de Equidad de G\u00e9nero del INET<\/a> alentamos y acompa\u00f1amos las vocaciones tecnol\u00f3gicas de las ni\u00f1as y mujeres j\u00f3venes, y convocamos a las empresas tecnol\u00f3gicas a aprovechar las ventajas de una mayor participaci\u00f3n femenina en el sector de las TIC.<\/p>\n<p>La T\u00e9cnica necesita de m\u00e1s mujeres creando y programando para que la tecnolog\u00eda se desarrolle contemplando la mirada y las necesidades de todos y todas.<\/p>\n<blockquote><p><a href=\"https:\/\/www.inet.edu.ar\/wp-content\/uploads\/2020\/04\/FLYER-23A-01.jpg\"><img loading=\"lazy\" decoding=\"async\" class=\"alignleft size-medium wp-image-33008\" src=\"https:\/\/www.inet.edu.ar\/wp-content\/uploads\/2020\/04\/FLYER-23A-01-240x273.jpg\" alt=\"\" width=\"240\" height=\"273\" srcset=\"https:\/\/www.inet.edu.ar\/wp-content\/uploads\/2020\/04\/FLYER-23A-01-240x273.jpg 240w, https:\/\/www.inet.edu.ar\/wp-content\/uploads\/2020\/04\/FLYER-23A-01-768x874.jpg 768w, https:\/\/www.inet.edu.ar\/wp-content\/uploads\/2020\/04\/FLYER-23A-01-468x532.jpg 468w\" sizes=\"auto, (max-width: 240px) 100vw, 240px\" \/><\/a><\/p><\/blockquote>\n","protected":false},"excerpt":{"rendered":"<p>D\u00eda Internacional de las Ni\u00f1as en las Tecnolog\u00edas de la Informaci\u00f3n y la Comunicaci\u00f3n (TIC) se celebra cada a\u00f1o el cuarto martes del mes de abril y fue decidido en 2010 por la Uni\u00f3n Internacional de Telecomunicaciones, organismo de Naciones Unidas especializado en telecomunicaciones. El D\u00eda Internacional de las Ni\u00f1as en las TIC tiene por [&hellip;]<\/p>\n","protected":false},"author":7,"featured_media":33014,"comment_status":"closed","ping_status":"open","sticky":false,"template":"","format":"standard","meta":{"footnotes":""},"categories":[1],"tags":[],"class_list":["post-33007","post","type-post","status-publish","format-standard","has-post-thumbnail","hentry","category-noticias"],"_links":{"self":[{"href":"https:\/\/www.inet.edu.ar\/index.php\/wp-json\/wp\/v2\/posts\/33007","targetHints":{"allow":["GET"]}}],"collection":[{"href":"https:\/\/www.inet.edu.ar\/index.php\/wp-json\/wp\/v2\/posts"}],"about":[{"href":"https:\/\/www.inet.edu.ar\/index.php\/wp-json\/wp\/v2\/types\/post"}],"author":[{"embeddable":true,"href":"https:\/\/www.inet.edu.ar\/index.php\/wp-json\/wp\/v2\/users\/7"}],"replies":[{"embeddable":true,"href":"https:\/\/www.inet.edu.ar\/index.php\/wp-json\/wp\/v2\/comments?post=33007"}],"version-history":[{"count":6,"href":"https:\/\/www.inet.edu.ar\/index.php\/wp-json\/wp\/v2\/posts\/33007\/revisions"}],"predecessor-version":[{"id":33016,"href":"https:\/\/www.inet.edu.ar\/index.php\/wp-json\/wp\/v2\/posts\/33007\/revisions\/33016"}],"wp:featuredmedia":[{"embeddable":true,"href":"https:\/\/www.inet.edu.ar\/index.php\/wp-json\/wp\/v2\/media\/33014"}],"wp:attachment":[{"href":"https:\/\/www.inet.edu.ar\/index.php\/wp-json\/wp\/v2\/media?parent=33007"}],"wp:term":[{"taxonomy":"category","embeddable":true,"href":"https:\/\/www.inet.edu.ar\/index.php\/wp-json\/wp\/v2\/categories?post=33007"},{"taxonomy":"post_tag","embeddable":true,"href":"https:\/\/www.inet.edu.ar\/index.php\/wp-json\/wp\/v2\/tags?post=33007"}],"curies":[{"name":"wp","href":"https:\/\/api.w.org\/{rel}","templated":true}]}}