{"id":33475,"date":"2020-08-06T07:00:59","date_gmt":"2020-08-06T10:00:59","guid":{"rendered":"https:\/\/www.inet.edu.ar\/?p=33475"},"modified":"2020-08-05T21:54:40","modified_gmt":"2020-08-06T00:54:40","slug":"la-educacion-agropecuaria-sigue-y-se-festeja","status":"publish","type":"post","link":"https:\/\/www.inet.edu.ar\/index.php\/la-educacion-agropecuaria-sigue-y-se-festeja\/","title":{"rendered":"La Educaci\u00f3n agropecuaria sigue y se festeja"},"content":{"rendered":"<h4><strong>6 de agosto: D\u00eda de la ense\u00f1anza agropecuaria<\/strong><\/h4>\n<p>\u00a1Feliz d\u00eda a directivos, docentes y estudiantes de instituciones de educaci\u00f3n agropecuaria de todo el pa\u00eds!<\/p>\n<p>&nbsp;<\/p>\n<p><strong><em>Un poco de historia\u2026<\/em><\/strong><\/p>\n<p>El <strong>6 de agosto<\/strong> de 1883, se cre\u00f3 el Instituto Agron\u00f3mico Veterinario en la provincia de Buenos Aires -lo que dio inicio a los estudios en materia agropecuaria en Argentina.<\/p>\n<p>Desde entonces, se celebra en esa fecha el <strong>D\u00eda de la Ense\u00f1anza Agropecuaria<\/strong>.<\/p>\n<p><strong><em>Pero\u2026 \u00bfqu\u00e9 celebramos?<\/em><\/strong><\/p>\n<p>La ense\u00f1anza agropecuaria contempla la transmisi\u00f3n de saberes, conocimientos y pr\u00e1cticas cient\u00edfico-tecnol\u00f3gicas que son utilizadas en contextos productivos relativos al campo.<\/p>\n<p>Dentro de la modalidad de Educaci\u00f3n T\u00e9cnico Profesional en nuestro pa\u00eds, instituciones de los niveles medio, superior y de Formaci\u00f3n Profesional brindan Tecnicaturas y cursos para el desarrollo del sector dentro de contextos socioproductivos espec\u00edficos.<\/p>\n<p><strong><em>Y hoy m\u00e1s que nunca\u2026.Seguimos Educando para el desarrollo agropecuario<\/em><\/strong><\/p>\n<p>Desde el INET, en un trabajo conjunto con las provincias, promovemos la vinculaci\u00f3n de la Educaci\u00f3n agrot\u00e9cnica con el mundo productivo para formar ciudadano\/as comprometido\/as con la transformaci\u00f3n de su comunidad y su regi\u00f3n.<\/p>\n<p><em>\u201cTenemos el enorme desaf\u00edo de seguir trabajando para articular la ense\u00f1anza t\u00e9cnico-profesional con el pa\u00eds que queremos\u201d<\/em>, asegur\u00f3 el director Diego Golombek. <em>\u201cEl campo cambi\u00f3, y la educaci\u00f3n agropecuaria tambi\u00e9n. Tenemos que estar a la altura de los cambios tecnol\u00f3gicos que hacen del agro uno de los mayores valores de nuestro desarrollo productivo. All\u00e1 donde haya ense\u00f1anza t\u00e9cnica, tanto sea en las ciudades como en el campo, en los laboratorios como en empresas, estar\u00e1 el INET para acompa\u00f1arlos. Feliz d\u00eda a toda la comunidad educativa agropecuaria\u201d.<\/em><\/p>\n\n\t\t<style type=\"text\/css\">\n\t\t\t#gallery-1 {\n\t\t\t\tmargin: auto;\n\t\t\t}\n\t\t\t#gallery-1 .gallery-item {\n\t\t\t\tfloat: left;\n\t\t\t\tmargin-top: 10px;\n\t\t\t\ttext-align: center;\n\t\t\t\twidth: 100%;\n\t\t\t}\n\t\t\t#gallery-1 img {\n\t\t\t\tborder: 2px solid #cfcfcf;\n\t\t\t}\n\t\t\t#gallery-1 .gallery-caption {\n\t\t\t\tmargin-left: 0;\n\t\t\t}\n\t\t\t\/* see gallery_shortcode() in wp-includes\/media.php *\/\n\t\t<\/style>\n\t\t<div id='gallery-1' class='gallery galleryid-33475 gallery-columns-1 gallery-size-large'><dl class='gallery-item'>\n\t\t\t<dt class='gallery-icon portrait'>\n\t\t\t\t<a href='https:\/\/www.inet.edu.ar\/index.php\/la-educacion-agropecuaria-sigue-y-se-festeja\/dia-de-la-ensenanza-agropecuaria-2020\/#main'><img loading=\"lazy\" decoding=\"async\" width=\"468\" height=\"611\" src=\"https:\/\/www.inet.edu.ar\/wp-content\/uploads\/2020\/08\/dia-de-la-ense--anza-agropecuaria-2020-468x611.jpg\" class=\"attachment-large size-large\" alt=\"\" srcset=\"https:\/\/www.inet.edu.ar\/wp-content\/uploads\/2020\/08\/dia-de-la-ense--anza-agropecuaria-2020-468x611.jpg 468w, https:\/\/www.inet.edu.ar\/wp-content\/uploads\/2020\/08\/dia-de-la-ense--anza-agropecuaria-2020-240x314.jpg 240w, https:\/\/www.inet.edu.ar\/wp-content\/uploads\/2020\/08\/dia-de-la-ense--anza-agropecuaria-2020-768x1003.jpg 768w, https:\/\/www.inet.edu.ar\/wp-content\/uploads\/2020\/08\/dia-de-la-ense--anza-agropecuaria-2020.jpg 1279w\" sizes=\"auto, (max-width: 468px) 100vw, 468px\" \/><\/a>\n\t\t\t<\/dt><\/dl><br style=\"clear: both\" \/>\n\t\t<\/div>\n\n","protected":false},"excerpt":{"rendered":"<p>6 de agosto: D\u00eda de la ense\u00f1anza agropecuaria \u00a1Feliz d\u00eda a directivos, docentes y estudiantes de instituciones de educaci\u00f3n agropecuaria de todo el pa\u00eds! &nbsp; Un poco de historia\u2026 El 6 de agosto de 1883, se cre\u00f3 el Instituto Agron\u00f3mico Veterinario en la provincia de Buenos Aires -lo que dio inicio a los estudios en [&hellip;]<\/p>\n","protected":false},"author":7,"featured_media":33477,"comment_status":"closed","ping_status":"open","sticky":false,"template":"","format":"standard","meta":{"footnotes":""},"categories":[1,14],"tags":[],"class_list":["post-33475","post","type-post","status-publish","format-standard","has-post-thumbnail","hentry","category-noticias","category-noticias-fijas"],"_links":{"self":[{"href":"https:\/\/www.inet.edu.ar\/index.php\/wp-json\/wp\/v2\/posts\/33475","targetHints":{"allow":["GET"]}}],"collection":[{"href":"https:\/\/www.inet.edu.ar\/index.php\/wp-json\/wp\/v2\/posts"}],"about":[{"href":"https:\/\/www.inet.edu.ar\/index.php\/wp-json\/wp\/v2\/types\/post"}],"author":[{"embeddable":true,"href":"https:\/\/www.inet.edu.ar\/index.php\/wp-json\/wp\/v2\/users\/7"}],"replies":[{"embeddable":true,"href":"https:\/\/www.inet.edu.ar\/index.php\/wp-json\/wp\/v2\/comments?post=33475"}],"version-history":[{"count":3,"href":"https:\/\/www.inet.edu.ar\/index.php\/wp-json\/wp\/v2\/posts\/33475\/revisions"}],"predecessor-version":[{"id":33480,"href":"https:\/\/www.inet.edu.ar\/index.php\/wp-json\/wp\/v2\/posts\/33475\/revisions\/33480"}],"wp:featuredmedia":[{"embeddable":true,"href":"https:\/\/www.inet.edu.ar\/index.php\/wp-json\/wp\/v2\/media\/33477"}],"wp:attachment":[{"href":"https:\/\/www.inet.edu.ar\/index.php\/wp-json\/wp\/v2\/media?parent=33475"}],"wp:term":[{"taxonomy":"category","embeddable":true,"href":"https:\/\/www.inet.edu.ar\/index.php\/wp-json\/wp\/v2\/categories?post=33475"},{"taxonomy":"post_tag","embeddable":true,"href":"https:\/\/www.inet.edu.ar\/index.php\/wp-json\/wp\/v2\/tags?post=33475"}],"curies":[{"name":"wp","href":"https:\/\/api.w.org\/{rel}","templated":true}]}}