{"id":33483,"date":"2020-08-12T09:04:54","date_gmt":"2020-08-12T12:04:54","guid":{"rendered":"https:\/\/www.inet.edu.ar\/?p=33483"},"modified":"2020-10-01T11:48:45","modified_gmt":"2020-10-01T14:48:45","slug":"en-tu-escuela-tecnica-hay-buenas-ideas-es-momento-de-hacerlas-realidad-inscribite-en-la-convocatoria-ideas-en-la-etp","status":"publish","type":"post","link":"https:\/\/www.inet.edu.ar\/index.php\/en-tu-escuela-tecnica-hay-buenas-ideas-es-momento-de-hacerlas-realidad-inscribite-en-la-convocatoria-ideas-en-la-etp\/","title":{"rendered":"En tu escuela t\u00e9cnica hay buenas ideas, es momento de hacerlas realidad. Inscribite en la convocatoria IDEAS en la ETP"},"content":{"rendered":"<p>Si sos estudiante o docente del ciclo superior de una <strong>escuela secundaria t\u00e9cnica<\/strong>, de <strong>cualquier especialidad<\/strong>, ahora pod\u00e9s formular <strong>proyectos tecnol\u00f3gicos<\/strong> que lleven a mejoras en la comunidad local, regional o nacional (proyectos que puedan ser implementados por tu equipo entre noviembre de 2020 y septiembre de 2021, al retomar las clases presenciales).<\/p>\n<p>Es importante que tu escuela t\u00e9cnica est\u00e9 inscripta en el <a href=\"https:\/\/www.inet.edu.ar\/index.php\/estudios-investigaciones\/registro-federal-de-instituciones\/\" target=\"_blank\" rel=\"noopener\">Registro Federal de Instituciones de Educaci\u00f3n T\u00e9cnico Profesional (RFIETP)<\/a>.<\/p>\n<p>Tu equipo,\u00a0 de 3 a 10 estudiantes y hasta 2 docentes coordinadores, deber\u00e1 formular IDEAS que, a trav\u00e9s de la <strong>tecnolog\u00eda<\/strong> y\/o <strong>producci\u00f3n de un bien o servicio<\/strong>, permitan mejorar la calidad de vida de la comunidad.<\/p>\n<p>Las IDEAS deber\u00e1n estar vinculadas a la sostenibilidad, en base a uno o m\u00e1s de los siguientes ejes:<\/p>\n<ol>\n<li>Energ\u00edas renovables y eficiencia energ\u00e9tica<\/li>\n<li>Ciudades y comunidades sostenibles<\/li>\n<li>Producci\u00f3n y consumo responsable<\/li>\n<\/ol>\n<p>De todas las propuestas que participen, <strong>seleccionaremos 20 proyectos<\/strong> a los que asistiremos a trav\u00e9s de <strong>mentor\u00edas de prestigiosas instituciones<\/strong> y de la <strong>acreditaci\u00f3n de hasta $50.000<\/strong> (cincuenta mil pesos) que deber\u00e1n ser utilizados exclusivamente para materiales e insumos de cada proyecto.<\/p>\n<p>\u00a1Esperamos tu IDEA!<\/p>\n<p>En este link ten\u00e9s toda la informaci\u00f3n: <a href=\"http:\/\/ideas.educacion.gob.ar\/\" target=\"_blank\" rel=\"noopener\"><strong>IDEAS en la ETP<\/strong><\/a>.<\/p>\n","protected":false},"excerpt":{"rendered":"<p>Si sos estudiante o docente del ciclo superior de una escuela secundaria t\u00e9cnica, de cualquier especialidad, ahora pod\u00e9s formular proyectos tecnol\u00f3gicos que lleven a mejoras en la comunidad local, regional o nacional (proyectos que puedan ser implementados por tu equipo entre noviembre de 2020 y septiembre de 2021, al retomar las clases presenciales). Es importante [&hellip;]<\/p>\n","protected":false},"author":7,"featured_media":33493,"comment_status":"closed","ping_status":"open","sticky":false,"template":"","format":"standard","meta":{"footnotes":""},"categories":[1,14],"tags":[],"class_list":["post-33483","post","type-post","status-publish","format-standard","has-post-thumbnail","hentry","category-noticias","category-noticias-fijas"],"_links":{"self":[{"href":"https:\/\/www.inet.edu.ar\/index.php\/wp-json\/wp\/v2\/posts\/33483","targetHints":{"allow":["GET"]}}],"collection":[{"href":"https:\/\/www.inet.edu.ar\/index.php\/wp-json\/wp\/v2\/posts"}],"about":[{"href":"https:\/\/www.inet.edu.ar\/index.php\/wp-json\/wp\/v2\/types\/post"}],"author":[{"embeddable":true,"href":"https:\/\/www.inet.edu.ar\/index.php\/wp-json\/wp\/v2\/users\/7"}],"replies":[{"embeddable":true,"href":"https:\/\/www.inet.edu.ar\/index.php\/wp-json\/wp\/v2\/comments?post=33483"}],"version-history":[{"count":4,"href":"https:\/\/www.inet.edu.ar\/index.php\/wp-json\/wp\/v2\/posts\/33483\/revisions"}],"predecessor-version":[{"id":33492,"href":"https:\/\/www.inet.edu.ar\/index.php\/wp-json\/wp\/v2\/posts\/33483\/revisions\/33492"}],"wp:featuredmedia":[{"embeddable":true,"href":"https:\/\/www.inet.edu.ar\/index.php\/wp-json\/wp\/v2\/media\/33493"}],"wp:attachment":[{"href":"https:\/\/www.inet.edu.ar\/index.php\/wp-json\/wp\/v2\/media?parent=33483"}],"wp:term":[{"taxonomy":"category","embeddable":true,"href":"https:\/\/www.inet.edu.ar\/index.php\/wp-json\/wp\/v2\/categories?post=33483"},{"taxonomy":"post_tag","embeddable":true,"href":"https:\/\/www.inet.edu.ar\/index.php\/wp-json\/wp\/v2\/tags?post=33483"}],"curies":[{"name":"wp","href":"https:\/\/api.w.org\/{rel}","templated":true}]}}