{"id":33501,"date":"2020-08-19T09:52:40","date_gmt":"2020-08-19T12:52:40","guid":{"rendered":"https:\/\/www.inet.edu.ar\/?p=33501"},"modified":"2020-08-19T10:51:09","modified_gmt":"2020-08-19T13:51:09","slug":"vinculacion-entre-educacion-trabajo-y-produccion-foro-del-sector-minero","status":"publish","type":"post","link":"https:\/\/www.inet.edu.ar\/index.php\/vinculacion-entre-educacion-trabajo-y-produccion-foro-del-sector-minero\/","title":{"rendered":"Vinculaci\u00f3n entre Educaci\u00f3n, Trabajo y Producci\u00f3n: Foro del sector Minero"},"content":{"rendered":"<p style=\"font-weight: 400;\">Como parte del Consejo Nacional de Educaci\u00f3n, Trabajo y Producci\u00f3n (<a href=\"https:\/\/www.inet.edu.ar\/index.php\/conetyp\/\" target=\"_blank\" rel=\"noopener\">CoNETyP<\/a>), se realiz\u00f3 hoy el primer Foro del sector Minero con representantes de educaci\u00f3n, trabajo y producci\u00f3n de Naci\u00f3n y diversas provinciales, del sector empresario, y de organizaciones sociales y gremiales.<\/p>\n<p style=\"font-weight: 400;\">El encuentro fue encabezado por el director ejecutivo del INET, Diego Golombek; y los directores nacionales Aldo LoRusso y Gustavo Peltzer, de Educaci\u00f3n, Trabajo y Producci\u00f3n, y de Educaci\u00f3n T\u00e9cnico Profesional respectivamente. Fue realizado de manera virtual, en el contexto de aislamiento, organizado por equipo del <a href=\"https:\/\/www.inet.edu.ar\/index.php\/conetyp\/\" target=\"_blank\" rel=\"noopener\">CoNETyP\u00a0 <\/a>coordinado por Mauro Bonavota.<\/p>\n<p style=\"font-weight: 400;\"><em>\u201cCon esta reuni\u00f3n estamos cumpliendo nuestra misi\u00f3n de discutir perfiles que abran la puerta al mundo del trabajo. La actividad minera es sumamente relevante. Lamentablemente a veces no tiene buena repercusi\u00f3n debido a\u00a0 desconocimiento y a la falta de estudios sobre sustentabilidad\u201d<\/em>, manifest\u00f3 Golombek. Por su parte, LoRusso remarc\u00f3 que el INET est\u00e1 impulsando la innovaci\u00f3n y el fortalecimiento del v\u00ednculo entre educaci\u00f3n y trabajo.<\/p>\n<p style=\"font-weight: 400;\">Durante el encuentro, los y las participantes coincidieron en la necesidad de capacitaci\u00f3n de trabajadores y profesionales del sector, y de tener presente el cuidado del medioambiente y el desarrollo sustentable de la actividad. Asimismo, se puso de relieve la necesidad de brindar a toda la discusi\u00f3n una mirada de g\u00e9nero para que m\u00e1s mujeres puedan trabajar en el sector.<\/p>\n<p style=\"font-weight: 400;\">Como tema relevante, se presentaron los perfiles de Perforista y de T\u00e9cnico Superior en Geolog\u00eda para discusi\u00f3n, a partir de una propuesta realizada por el director de Educaci\u00f3n T\u00e9cnico Profesional de Santa Cruz, Rodrigo Gojan. La aprobaci\u00f3n de estos perfiles profesionales permitir\u00e1 fortalecer la Miner\u00eda en Argentina, uno de los sectores en crecimiento para un pa\u00eds m\u00e1s productivo.<\/p>\n<p style=\"font-weight: 400;\">El foro sirvi\u00f3 de primer encuentro para discutir temas de la actividad minera y establecer una agenda de trabajo conjunta entre todos los sectores participantes. Cuando se terminen de aprobar esos perfiles, se elevar\u00e1n al Consejo Federal de Educaci\u00f3n, de ministros y ministras, para su eventual aprobaci\u00f3n.\u00a0Educaci\u00f3n tiene la obligaci\u00f3n de estar a la vanguardia en la formaci\u00f3n de los y las trabajadores y trabajadoras, y generar vinculaci\u00f3n con el sector socioproductivo donde puedan desempe\u00f1arse.<\/p>\n","protected":false},"excerpt":{"rendered":"<p>Como parte del Consejo Nacional de Educaci\u00f3n, Trabajo y Producci\u00f3n (CoNETyP), se realiz\u00f3 hoy el primer Foro del sector Minero con representantes de educaci\u00f3n, trabajo y producci\u00f3n de Naci\u00f3n y diversas provinciales, del sector empresario, y de organizaciones sociales y gremiales. El encuentro fue encabezado por el director ejecutivo del INET, Diego Golombek; y los [&hellip;]<\/p>\n","protected":false},"author":7,"featured_media":33502,"comment_status":"closed","ping_status":"open","sticky":false,"template":"","format":"standard","meta":{"footnotes":""},"categories":[1,14],"tags":[],"class_list":["post-33501","post","type-post","status-publish","format-standard","has-post-thumbnail","hentry","category-noticias","category-noticias-fijas"],"_links":{"self":[{"href":"https:\/\/www.inet.edu.ar\/index.php\/wp-json\/wp\/v2\/posts\/33501","targetHints":{"allow":["GET"]}}],"collection":[{"href":"https:\/\/www.inet.edu.ar\/index.php\/wp-json\/wp\/v2\/posts"}],"about":[{"href":"https:\/\/www.inet.edu.ar\/index.php\/wp-json\/wp\/v2\/types\/post"}],"author":[{"embeddable":true,"href":"https:\/\/www.inet.edu.ar\/index.php\/wp-json\/wp\/v2\/users\/7"}],"replies":[{"embeddable":true,"href":"https:\/\/www.inet.edu.ar\/index.php\/wp-json\/wp\/v2\/comments?post=33501"}],"version-history":[{"count":10,"href":"https:\/\/www.inet.edu.ar\/index.php\/wp-json\/wp\/v2\/posts\/33501\/revisions"}],"predecessor-version":[{"id":33512,"href":"https:\/\/www.inet.edu.ar\/index.php\/wp-json\/wp\/v2\/posts\/33501\/revisions\/33512"}],"wp:featuredmedia":[{"embeddable":true,"href":"https:\/\/www.inet.edu.ar\/index.php\/wp-json\/wp\/v2\/media\/33502"}],"wp:attachment":[{"href":"https:\/\/www.inet.edu.ar\/index.php\/wp-json\/wp\/v2\/media?parent=33501"}],"wp:term":[{"taxonomy":"category","embeddable":true,"href":"https:\/\/www.inet.edu.ar\/index.php\/wp-json\/wp\/v2\/categories?post=33501"},{"taxonomy":"post_tag","embeddable":true,"href":"https:\/\/www.inet.edu.ar\/index.php\/wp-json\/wp\/v2\/tags?post=33501"}],"curies":[{"name":"wp","href":"https:\/\/api.w.org\/{rel}","templated":true}]}}