{"id":33513,"date":"2020-08-20T11:58:36","date_gmt":"2020-08-20T14:58:36","guid":{"rendered":"https:\/\/www.inet.edu.ar\/?p=33513"},"modified":"2020-10-10T10:16:34","modified_gmt":"2020-10-10T13:16:34","slug":"reunion-del-programa-nacional-de-formacion-de-enfermeria-se-presento-el-centro-de-recursos-didacticos-pronafe","status":"publish","type":"post","link":"https:\/\/www.inet.edu.ar\/index.php\/reunion-del-programa-nacional-de-formacion-de-enfermeria-se-presento-el-centro-de-recursos-didacticos-pronafe\/","title":{"rendered":"Reuni\u00f3n del Programa Nacional de Formaci\u00f3n de Enfermer\u00eda: se present\u00f3 el Centro de Recursos Did\u00e1cticos PRONAFE"},"content":{"rendered":"<p>Se realiz\u00f3 hoy la primera reuni\u00f3n del Programa Nacional de Formaci\u00f3n de Enfermer\u00eda (PRONAFE) del a\u00f1o que, debido al aislamiento, fue de manera virtual. Participaron m\u00e1s de 300 directivos y\u00a0docentes\u00a0de institutos superiores de enfermer\u00eda, pertenecientes al programa, de todo el pa\u00eds.<\/p>\n<p>El encuentro fue encabezado por el director ejecutivo del INET, Diego Golombek, y el coordinador nacional del PRONAFE, Gabriel Muntaabski. Y fue organizado por el equipo del programa.<\/p>\n<p><em>\u201cEstamos orgullosos de todo lo que hicimos desde el PRONAFE. El Centro de Simulaci\u00f3n Cl\u00ednica sigui\u00f3 dictando capacitaciones presenciales, y adem\u00e1s se realizaron otras virtuales en distintas provincias\u201d,<\/em>\u00a0manifest\u00f3 Golombek al dar la bienvenida. \u201c<em>Y este encuentro pone de manifiesto la importancia que tiene la Enfermer\u00eda especialmente en este tiempo que estamos viviendo\u201d<\/em>. Por su parte, Muntaabski destac\u00f3 el coraje y compromiso del personal de Enfermer\u00eda dada su exposici\u00f3n constante\u00a0frente a\u00a0pacientes.<\/p>\n<p>El encuentro comenz\u00f3 con la exposici\u00f3n de las acciones realizadas en este a\u00f1o: aumento de la cantidad de Becas Progresar; capacitaciones sobre correcta higiene de manos y uso de los elementos de protecci\u00f3n persona a m\u00e1s de 20.000 enfermeros y enfermeras en ejercicio de la profesi\u00f3n. Adem\u00e1s, se present\u00f3 el Plan de acci\u00f3n \u00abPRONAFE TE ACOMPA\u00d1A\u00bb\u00a0a trav\u00e9s del cual docentes y estudiantes de enfermer\u00eda de todo el pa\u00eds acompa\u00f1ar\u00e1n el comienzo de clases presenciales de la ense\u00f1anza obligatoria. Esta actividad ser\u00e1 reconocida como pr\u00e1ctica profesionalizante, la cual es obligatoria para poder obtener el t\u00edtulo.<\/p>\n<p>Como tema prioritario, se present\u00f3 el\u00a0<a href=\"https:\/\/www.bidi.la\/account\/inet\/login\">Centro de Recursos did\u00e1cticos PRONAFE\u00a0<\/a> para la continuidad pedag\u00f3gica de la ense\u00f1anza de Enfermer\u00eda. Es un espacio virtual donde directivos, docentes y estudiantes pueden encontrar documentos y gu\u00edas de descarga gratuita, biblioteca con libros cl\u00e1sicos de la carrera a los que se puede acceder libremente, repositorio de informaci\u00f3n y recursos sobre el Covid-19 (con estad\u00edsticas, mapa interactivo, prevenci\u00f3n de violencia de g\u00e9nero, entre otros), material sobre simulaci\u00f3n cl\u00ednica, adem\u00e1s de recursos audiovisuales. Tambi\u00e9n cuenta con la posibilidad de descargar una aplicaci\u00f3n (\u201cPRONAFE\u201d) con contenidos que siguen el marco de referencia de la carrera y fueron armados por docentes de todas las provincias. Esta aplicaci\u00f3n no consume datos y puede ser usada tanto en celulares como en computadoras.<\/p>\n\n\t\t<style type=\"text\/css\">\n\t\t\t#gallery-1 {\n\t\t\t\tmargin: auto;\n\t\t\t}\n\t\t\t#gallery-1 .gallery-item {\n\t\t\t\tfloat: left;\n\t\t\t\tmargin-top: 10px;\n\t\t\t\ttext-align: center;\n\t\t\t\twidth: 100%;\n\t\t\t}\n\t\t\t#gallery-1 img {\n\t\t\t\tborder: 2px solid #cfcfcf;\n\t\t\t}\n\t\t\t#gallery-1 .gallery-caption {\n\t\t\t\tmargin-left: 0;\n\t\t\t}\n\t\t\t\/* see gallery_shortcode() in wp-includes\/media.php *\/\n\t\t<\/style>\n\t\t<div id='gallery-1' class='gallery galleryid-33513 gallery-columns-1 gallery-size-large'><dl class='gallery-item'>\n\t\t\t<dt class='gallery-icon landscape'>\n\t\t\t\t<a href='https:\/\/www.inet.edu.ar\/index.php\/reunion-del-programa-nacional-de-formacion-de-enfermeria-se-presento-el-centro-de-recursos-didacticos-pronafe\/centro-de-recursos-pronafe\/#main'><img loading=\"lazy\" decoding=\"async\" width=\"468\" height=\"249\" src=\"https:\/\/www.inet.edu.ar\/wp-content\/uploads\/2020\/08\/centro-de-recursos-PRONAFE-468x249.jpg\" class=\"attachment-large size-large\" alt=\"\" srcset=\"https:\/\/www.inet.edu.ar\/wp-content\/uploads\/2020\/08\/centro-de-recursos-PRONAFE-468x249.jpg 468w, https:\/\/www.inet.edu.ar\/wp-content\/uploads\/2020\/08\/centro-de-recursos-PRONAFE-240x128.jpg 240w, https:\/\/www.inet.edu.ar\/wp-content\/uploads\/2020\/08\/centro-de-recursos-PRONAFE-768x409.jpg 768w, https:\/\/www.inet.edu.ar\/wp-content\/uploads\/2020\/08\/centro-de-recursos-PRONAFE.jpg 1125w\" sizes=\"auto, (max-width: 468px) 100vw, 468px\" \/><\/a>\n\t\t\t<\/dt><\/dl><br style=\"clear: both\" \/>\n\t\t<\/div>\n\n<p>El evento finaliz\u00f3 con un espacio de intercambio en el que los y las participantes, distribuidos en salas virtuales separadas, pudieron compartir c\u00f3mo atravesaron esta etapa, y las necesidades, inquietudes y experiencias que vivieron en estos meses de educaci\u00f3n a distancia.<\/p>\n<p>El\u00a0<a href=\"https:\/\/www.inet.edu.ar\/index.php\/programa-nacional-de-formacion-de-enfermeria-pronafe\/\">PRONAFE<\/a>\u00a0es un programa del Ministerio de Educaci\u00f3n de la Naci\u00f3n, a trav\u00e9s del INET, que tiene por objetivo aumentar la cantidad y calidad de enfermeros y enfermeras en Argentina.<\/p>\n\n\t\t<style type=\"text\/css\">\n\t\t\t#gallery-2 {\n\t\t\t\tmargin: auto;\n\t\t\t}\n\t\t\t#gallery-2 .gallery-item {\n\t\t\t\tfloat: left;\n\t\t\t\tmargin-top: 10px;\n\t\t\t\ttext-align: center;\n\t\t\t\twidth: 100%;\n\t\t\t}\n\t\t\t#gallery-2 img {\n\t\t\t\tborder: 2px solid #cfcfcf;\n\t\t\t}\n\t\t\t#gallery-2 .gallery-caption {\n\t\t\t\tmargin-left: 0;\n\t\t\t}\n\t\t\t\/* see gallery_shortcode() in wp-includes\/media.php *\/\n\t\t<\/style>\n\t\t<div id='gallery-2' class='gallery galleryid-33513 gallery-columns-1 gallery-size-large'><dl class='gallery-item'>\n\t\t\t<dt class='gallery-icon landscape'>\n\t\t\t\t<a href='https:\/\/www.inet.edu.ar\/index.php\/reunion-del-programa-nacional-de-formacion-de-enfermeria-se-presento-el-centro-de-recursos-didacticos-pronafe\/encuentro-pronafe-1\/#main'><img loading=\"lazy\" decoding=\"async\" width=\"468\" height=\"232\" src=\"https:\/\/www.inet.edu.ar\/wp-content\/uploads\/2020\/08\/encuentro-pronafe-1-468x232.jpg\" class=\"attachment-large size-large\" alt=\"\" srcset=\"https:\/\/www.inet.edu.ar\/wp-content\/uploads\/2020\/08\/encuentro-pronafe-1-468x232.jpg 468w, https:\/\/www.inet.edu.ar\/wp-content\/uploads\/2020\/08\/encuentro-pronafe-1-240x119.jpg 240w, https:\/\/www.inet.edu.ar\/wp-content\/uploads\/2020\/08\/encuentro-pronafe-1-768x381.jpg 768w, https:\/\/www.inet.edu.ar\/wp-content\/uploads\/2020\/08\/encuentro-pronafe-1.jpg 1202w\" sizes=\"auto, (max-width: 468px) 100vw, 468px\" \/><\/a>\n\t\t\t<\/dt><\/dl><br style=\"clear: both\" \/><dl class='gallery-item'>\n\t\t\t<dt class='gallery-icon landscape'>\n\t\t\t\t<a href='https:\/\/www.inet.edu.ar\/index.php\/reunion-del-programa-nacional-de-formacion-de-enfermeria-se-presento-el-centro-de-recursos-didacticos-pronafe\/reunion-pronafe\/#main'><img loading=\"lazy\" decoding=\"async\" width=\"468\" height=\"244\" src=\"https:\/\/www.inet.edu.ar\/wp-content\/uploads\/2020\/08\/reunion-pronafe-468x244.jpg\" class=\"attachment-large size-large\" alt=\"\" srcset=\"https:\/\/www.inet.edu.ar\/wp-content\/uploads\/2020\/08\/reunion-pronafe-468x244.jpg 468w, https:\/\/www.inet.edu.ar\/wp-content\/uploads\/2020\/08\/reunion-pronafe-240x125.jpg 240w, https:\/\/www.inet.edu.ar\/wp-content\/uploads\/2020\/08\/reunion-pronafe-768x400.jpg 768w, https:\/\/www.inet.edu.ar\/wp-content\/uploads\/2020\/08\/reunion-pronafe.jpg 1155w\" sizes=\"auto, (max-width: 468px) 100vw, 468px\" \/><\/a>\n\t\t\t<\/dt><\/dl><br style=\"clear: both\" \/><dl class='gallery-item'>\n\t\t\t<dt class='gallery-icon landscape'>\n\t\t\t\t<a href='https:\/\/www.inet.edu.ar\/index.php\/reunion-del-programa-nacional-de-formacion-de-enfermeria-se-presento-el-centro-de-recursos-didacticos-pronafe\/reunion-pronafe-agosto-2020\/#main'><img loading=\"lazy\" decoding=\"async\" width=\"468\" height=\"263\" src=\"https:\/\/www.inet.edu.ar\/wp-content\/uploads\/2020\/08\/reunion-pronafe-agosto-2020-468x263.jpg\" class=\"attachment-large size-large\" alt=\"\" srcset=\"https:\/\/www.inet.edu.ar\/wp-content\/uploads\/2020\/08\/reunion-pronafe-agosto-2020-468x263.jpg 468w, https:\/\/www.inet.edu.ar\/wp-content\/uploads\/2020\/08\/reunion-pronafe-agosto-2020-240x135.jpg 240w, https:\/\/www.inet.edu.ar\/wp-content\/uploads\/2020\/08\/reunion-pronafe-agosto-2020-768x432.jpg 768w\" sizes=\"auto, (max-width: 468px) 100vw, 468px\" \/><\/a>\n\t\t\t<\/dt><\/dl><br style=\"clear: both\" \/>\n\t\t<\/div>\n\n","protected":false},"excerpt":{"rendered":"<p>Se realiz\u00f3 hoy la primera reuni\u00f3n del Programa Nacional de Formaci\u00f3n de Enfermer\u00eda (PRONAFE) del a\u00f1o que, debido al aislamiento, fue de manera virtual. Participaron m\u00e1s de 300 directivos y\u00a0docentes\u00a0de institutos superiores de enfermer\u00eda, pertenecientes al programa, de todo el pa\u00eds. El encuentro fue encabezado por el director ejecutivo del INET, Diego Golombek, y el [&hellip;]<\/p>\n","protected":false},"author":7,"featured_media":33561,"comment_status":"closed","ping_status":"open","sticky":false,"template":"","format":"standard","meta":{"footnotes":""},"categories":[1,14],"tags":[],"class_list":["post-33513","post","type-post","status-publish","format-standard","has-post-thumbnail","hentry","category-noticias","category-noticias-fijas"],"_links":{"self":[{"href":"https:\/\/www.inet.edu.ar\/index.php\/wp-json\/wp\/v2\/posts\/33513","targetHints":{"allow":["GET"]}}],"collection":[{"href":"https:\/\/www.inet.edu.ar\/index.php\/wp-json\/wp\/v2\/posts"}],"about":[{"href":"https:\/\/www.inet.edu.ar\/index.php\/wp-json\/wp\/v2\/types\/post"}],"author":[{"embeddable":true,"href":"https:\/\/www.inet.edu.ar\/index.php\/wp-json\/wp\/v2\/users\/7"}],"replies":[{"embeddable":true,"href":"https:\/\/www.inet.edu.ar\/index.php\/wp-json\/wp\/v2\/comments?post=33513"}],"version-history":[{"count":5,"href":"https:\/\/www.inet.edu.ar\/index.php\/wp-json\/wp\/v2\/posts\/33513\/revisions"}],"predecessor-version":[{"id":33562,"href":"https:\/\/www.inet.edu.ar\/index.php\/wp-json\/wp\/v2\/posts\/33513\/revisions\/33562"}],"wp:featuredmedia":[{"embeddable":true,"href":"https:\/\/www.inet.edu.ar\/index.php\/wp-json\/wp\/v2\/media\/33561"}],"wp:attachment":[{"href":"https:\/\/www.inet.edu.ar\/index.php\/wp-json\/wp\/v2\/media?parent=33513"}],"wp:term":[{"taxonomy":"category","embeddable":true,"href":"https:\/\/www.inet.edu.ar\/index.php\/wp-json\/wp\/v2\/categories?post=33513"},{"taxonomy":"post_tag","embeddable":true,"href":"https:\/\/www.inet.edu.ar\/index.php\/wp-json\/wp\/v2\/tags?post=33513"}],"curies":[{"name":"wp","href":"https:\/\/api.w.org\/{rel}","templated":true}]}}