{"id":33567,"date":"2020-09-01T16:52:11","date_gmt":"2020-09-01T19:52:11","guid":{"rendered":"https:\/\/www.inet.edu.ar\/?p=33567"},"modified":"2020-09-01T16:52:11","modified_gmt":"2020-09-01T19:52:11","slug":"estudiantes-de-enfermeria-realizaran-talleres-sobre-protocolos-para-el-regreso-a-las-clases-presenciales","status":"publish","type":"post","link":"https:\/\/www.inet.edu.ar\/index.php\/estudiantes-de-enfermeria-realizaran-talleres-sobre-protocolos-para-el-regreso-a-las-clases-presenciales\/","title":{"rendered":"Estudiantes de Enfermer\u00eda realizar\u00e1n talleres sobre protocolos para el regreso a las clases presenciales"},"content":{"rendered":"<p style=\"font-weight: 400;\">Con el objetivo de capacitar sobre protocolos para el regreso a la presencialidad escolar, estudiantes avanzados de Enfermer\u00eda comenzar\u00e1n a realizar talleres a docentes y directivos de instituciones de educaci\u00f3n obligatoria de todo el pa\u00eds.<\/p>\n<p style=\"font-weight: 400;\">Los talleres incluir\u00e1n\u00a0capacitaciones sobre la generaci\u00f3n de h\u00e1bitos saludables para la higiene personal y respiratoria (como uso y manipulaci\u00f3n de cubrebocas, lavado e higiene de manos), sobre higiene y seguridad en instituciones educativas (como limpieza y desinfecci\u00f3n de superficies), y sobre el manejo de casos sospechosos o confirmados de Covid-19 (para evitar la propagaci\u00f3n y contagio).<\/p>\n<p style=\"font-weight: 400;\">La ejecuci\u00f3n de los talleres a su vez permitir\u00e1 que los y las estudiantes de Enfermer\u00eda certifiquen sus pr\u00e1cticas profesionalizantes -necesarias para el egreso y posterior desempe\u00f1o en los \u00e1mbitos sanitarios asistenciales.<\/p>\n<p style=\"font-weight: 400;\">Este plan de acci\u00f3n, \u201cEl PRONAFE te acompa\u00f1a\u201d, es organizado por el <a href=\"https:\/\/www.inet.edu.ar\/index.php\/programa-nacional-de-formacion-de-enfermeria-pronafe\/\" target=\"_blank\" rel=\"noopener\">Programa Nacional de Formaci\u00f3n de Enfermer\u00eda<\/a> y en una primera etapa consiste en capacitar a directivos y docentes de la carrera que luego formar\u00e1n a estudiantes para los talleres. En principio, comenzar\u00e1 en las provincias de\u00a0Santiago del Estero, Tucum\u00e1n, Corrientes, Santa Fe, Misiones y Entre R\u00edos.<\/p>\n","protected":false},"excerpt":{"rendered":"<p>Con el objetivo de capacitar sobre protocolos para el regreso a la presencialidad escolar, estudiantes avanzados de Enfermer\u00eda comenzar\u00e1n a realizar talleres a docentes y directivos de instituciones de educaci\u00f3n obligatoria de todo el pa\u00eds. Los talleres incluir\u00e1n\u00a0capacitaciones sobre la generaci\u00f3n de h\u00e1bitos saludables para la higiene personal y respiratoria (como uso y manipulaci\u00f3n de [&hellip;]<\/p>\n","protected":false},"author":7,"featured_media":33569,"comment_status":"closed","ping_status":"open","sticky":false,"template":"","format":"standard","meta":{"footnotes":""},"categories":[1,14],"tags":[],"class_list":["post-33567","post","type-post","status-publish","format-standard","has-post-thumbnail","hentry","category-noticias","category-noticias-fijas"],"_links":{"self":[{"href":"https:\/\/www.inet.edu.ar\/index.php\/wp-json\/wp\/v2\/posts\/33567","targetHints":{"allow":["GET"]}}],"collection":[{"href":"https:\/\/www.inet.edu.ar\/index.php\/wp-json\/wp\/v2\/posts"}],"about":[{"href":"https:\/\/www.inet.edu.ar\/index.php\/wp-json\/wp\/v2\/types\/post"}],"author":[{"embeddable":true,"href":"https:\/\/www.inet.edu.ar\/index.php\/wp-json\/wp\/v2\/users\/7"}],"replies":[{"embeddable":true,"href":"https:\/\/www.inet.edu.ar\/index.php\/wp-json\/wp\/v2\/comments?post=33567"}],"version-history":[{"count":2,"href":"https:\/\/www.inet.edu.ar\/index.php\/wp-json\/wp\/v2\/posts\/33567\/revisions"}],"predecessor-version":[{"id":33570,"href":"https:\/\/www.inet.edu.ar\/index.php\/wp-json\/wp\/v2\/posts\/33567\/revisions\/33570"}],"wp:featuredmedia":[{"embeddable":true,"href":"https:\/\/www.inet.edu.ar\/index.php\/wp-json\/wp\/v2\/media\/33569"}],"wp:attachment":[{"href":"https:\/\/www.inet.edu.ar\/index.php\/wp-json\/wp\/v2\/media?parent=33567"}],"wp:term":[{"taxonomy":"category","embeddable":true,"href":"https:\/\/www.inet.edu.ar\/index.php\/wp-json\/wp\/v2\/categories?post=33567"},{"taxonomy":"post_tag","embeddable":true,"href":"https:\/\/www.inet.edu.ar\/index.php\/wp-json\/wp\/v2\/tags?post=33567"}],"curies":[{"name":"wp","href":"https:\/\/api.w.org\/{rel}","templated":true}]}}