{"id":33571,"date":"2020-09-02T11:11:54","date_gmt":"2020-09-02T14:11:54","guid":{"rendered":"https:\/\/www.inet.edu.ar\/?p=33571"},"modified":"2020-09-02T11:11:54","modified_gmt":"2020-09-02T14:11:54","slug":"credito-fiscal-por-primera-vez-se-presentaron-proyectos-de-todas-las-provincias","status":"publish","type":"post","link":"https:\/\/www.inet.edu.ar\/index.php\/credito-fiscal-por-primera-vez-se-presentaron-proyectos-de-todas-las-provincias\/","title":{"rendered":"Cr\u00e9dito Fiscal: Por primera vez, se presentaron proyectos de todas las provincias"},"content":{"rendered":"<p>Por primera vez desde su implementaci\u00f3n, el programa de\u00a0<a href=\"https:\/\/www.inet.edu.ar\/index.php\/credito-fiscal\/\" target=\"_blank\" rel=\"noopener\" data-saferedirecturl=\"https:\/\/www.google.com\/url?q=https:\/\/www.inet.edu.ar\/index.php\/credito-fiscal\/&amp;source=gmail&amp;ust=1599078458159000&amp;usg=AFQjCNGrbOUsx3bhARQGFkf21A1dk_ud0w\">Cr\u00e9dito Fiscal<\/a>\u00a0incluye a todas las jurisdicciones. Con el cierre de la convocatoria, se observa que este a\u00f1o instituciones de Educaci\u00f3n T\u00e9cnico Profesional (ETP) de todo el pa\u00eds han presentado proyectos.<\/p>\n<p>Esta federalizaci\u00f3n estuvo precedida y fomentada a trav\u00e9s de capacitaciones y de la atenci\u00f3n directa a m\u00e1s de 500 docentes y directivos por parte del equipo del programa.<\/p>\n<p><i>\u00a0\u201cA pesar del contexto, recibimos 481 proyectos, solamente 20 menos que el a\u00f1o pasado, y se solicitaron m\u00e1s de 1000 millones de pesos. Es decir, el doble\u201d,<\/i>\u00a0manifest\u00f3 Matias Santeusanio, del equipo de Cr\u00e9dito Fiscal. Cabe destacar que a pesar de mantener el mismo presupuesto que en 2019, se tom\u00f3 la decisi\u00f3n t\u00e9cnica y pol\u00edtica de actualizar los montos para la adquisici\u00f3n de equipamientos a $2.700.0000 y para acciones formativas a $300.000 ya que se dio prioridad a la calidad de los proyectos.<\/p>\n<p>Ahora comienza la etapa de evaluaci\u00f3n de los proyectos que llevar\u00e1 luego a su ejecuci\u00f3n y permitir\u00e1 la concreci\u00f3n material de los sue\u00f1os de muchas instituciones educativas. Esos proyectos van a ser parte de la formaci\u00f3n de los futuros t\u00e9cnicos y los van a preparar para el mundo de la producci\u00f3n y del trabajo.<\/p>\n<p>Para pr\u00f3ximas convocatorias, se est\u00e1 trabajando para facilitar la accesibilidad y optimizaciones de los tiempos de ejecuci\u00f3n, y en la puesta en marcha de una plataforma de autogesti\u00f3n educativa para poder difundir m\u00e1s ampliamente el programa.<\/p>\n<p>El director nacional de Educaci\u00f3n, Producci\u00f3n y Trabajo, Aldo Lo Russo, asegura que\u00a0<i>\u00abEl cr\u00e9dito fiscal educativo potencia la sinergia entre el sector productivo y el mundo de la educaci\u00f3n fomentando el desarrollo\u00a0de nuevas capacidades productivas\u00bb.\u00a0<\/i>A trav\u00e9s de \u00e9ste, se financian proyectos sobre educaci\u00f3n y trabajo, de innovaci\u00f3n y\/o capacitaci\u00f3n tecnol\u00f3gica, y de capacitaci\u00f3n y actualizaci\u00f3n t\u00e9cnica docente.<i><\/i><\/p>\n<p><i>\u201cCr\u00e9dito Fiscal es una herramienta fundamental para que las empresas puedan colaborar con proyectos de Educaci\u00f3n T\u00e9cnico Profesional\u201d,<\/i>\u00a0finaliza Diego Golombek, director ejecutivo del INET.<\/p>\n","protected":false},"excerpt":{"rendered":"<p>Por primera vez desde su implementaci\u00f3n, el programa de\u00a0Cr\u00e9dito Fiscal\u00a0incluye a todas las jurisdicciones. Con el cierre de la convocatoria, se observa que este a\u00f1o instituciones de Educaci\u00f3n T\u00e9cnico Profesional (ETP) de todo el pa\u00eds han presentado proyectos. Esta federalizaci\u00f3n estuvo precedida y fomentada a trav\u00e9s de capacitaciones y de la atenci\u00f3n directa a m\u00e1s [&hellip;]<\/p>\n","protected":false},"author":7,"featured_media":9189,"comment_status":"closed","ping_status":"open","sticky":false,"template":"","format":"standard","meta":{"footnotes":""},"categories":[1,14],"tags":[],"class_list":["post-33571","post","type-post","status-publish","format-standard","has-post-thumbnail","hentry","category-noticias","category-noticias-fijas"],"_links":{"self":[{"href":"https:\/\/www.inet.edu.ar\/index.php\/wp-json\/wp\/v2\/posts\/33571","targetHints":{"allow":["GET"]}}],"collection":[{"href":"https:\/\/www.inet.edu.ar\/index.php\/wp-json\/wp\/v2\/posts"}],"about":[{"href":"https:\/\/www.inet.edu.ar\/index.php\/wp-json\/wp\/v2\/types\/post"}],"author":[{"embeddable":true,"href":"https:\/\/www.inet.edu.ar\/index.php\/wp-json\/wp\/v2\/users\/7"}],"replies":[{"embeddable":true,"href":"https:\/\/www.inet.edu.ar\/index.php\/wp-json\/wp\/v2\/comments?post=33571"}],"version-history":[{"count":1,"href":"https:\/\/www.inet.edu.ar\/index.php\/wp-json\/wp\/v2\/posts\/33571\/revisions"}],"predecessor-version":[{"id":33572,"href":"https:\/\/www.inet.edu.ar\/index.php\/wp-json\/wp\/v2\/posts\/33571\/revisions\/33572"}],"wp:featuredmedia":[{"embeddable":true,"href":"https:\/\/www.inet.edu.ar\/index.php\/wp-json\/wp\/v2\/media\/9189"}],"wp:attachment":[{"href":"https:\/\/www.inet.edu.ar\/index.php\/wp-json\/wp\/v2\/media?parent=33571"}],"wp:term":[{"taxonomy":"category","embeddable":true,"href":"https:\/\/www.inet.edu.ar\/index.php\/wp-json\/wp\/v2\/categories?post=33571"},{"taxonomy":"post_tag","embeddable":true,"href":"https:\/\/www.inet.edu.ar\/index.php\/wp-json\/wp\/v2\/tags?post=33571"}],"curies":[{"name":"wp","href":"https:\/\/api.w.org\/{rel}","templated":true}]}}