{"id":33623,"date":"2020-09-24T15:17:05","date_gmt":"2020-09-24T18:17:05","guid":{"rendered":"https:\/\/www.inet.edu.ar\/?p=33623"},"modified":"2020-09-24T18:12:15","modified_gmt":"2020-09-24T21:12:15","slug":"e-crearan-centros-cientifico-tecnicos-regionales-especializados-en-nuevas-tecnologias","status":"publish","type":"post","link":"https:\/\/www.inet.edu.ar\/index.php\/e-crearan-centros-cientifico-tecnicos-regionales-especializados-en-nuevas-tecnologias\/","title":{"rendered":"Se realiz\u00f3 hoy la reuni\u00f3n 126\u00b0 de la Comisi\u00f3n Federal de la Educaci\u00f3n T\u00e9cnico Profesional (ETP)"},"content":{"rendered":"<p>Se realiz\u00f3 hoy la reuni\u00f3n 126\u00b0 de la Comisi\u00f3n Federal de la Educaci\u00f3n T\u00e9cnico Profesional (ETP) con los y las referentes t\u00e9cnico-pol\u00edticos de la modalidad. Encabezaron el encuentro el director ejecutivo del INET, Diego Golombek, y los directores nacionales Aldo LoRusso y Gustavo Peltzer, de Educaci\u00f3n, Trabajo y Producci\u00f3n, y de ETP respectivamente.<\/p>\n<p>En primer lugar, se inform\u00f3 acerca del documento sobre los\u00a0<strong>protocolos de evaluaci\u00f3n y acreditaci\u00f3n<\/strong>\u00a0en instituciones de la modalidad, especialmente dedicado a los y las estudiantes que egresan este a\u00f1o y en el 2021. Ser\u00e1 presentado en el pr\u00f3ximo Consejo Federal de Educaci\u00f3n (CFE), para ser eventualmente aprobados y que puedan implementarse en las jurisdicciones.<\/p>\n<p>Por otro lado, se presentaron informes sobre dos acciones que el INET puso en marcha durante las clases no presenciales: la convocatoria\u00a0<a href=\"https:\/\/www.inet.edu.ar\/index.php\/en-tu-escuela-tecnica-hay-buenas-ideas-es-momento-de-hacerlas-realidad-inscribite-en-la-convocatoria-ideas-en-la-etp\/\" target=\"_blank\" rel=\"noopener\"><strong>IDEAS en la ETP<\/strong><\/a>, para que estudiantes y docentes de escuelas t\u00e9cnicas realicen proyectos que lleven a mejoras en su comunidad. Y el evento\u00a0<a href=\"https:\/\/www.inet.edu.ar\/index.php\/equidad-de-genero-en-la-educacion-tecnico-profesional\/programando-futuro-2020\/\" target=\"_blank\" rel=\"noopener\"><strong>Programando Futuro<\/strong><\/a>, que incluir\u00e1 encuentros virtuales (charlas, entrevistas, videos y seminarios) en los que instituciones educativas y del mundo del trabajo y la producci\u00f3n presentar\u00e1n sus trabajos y proyectos con perspectiva de g\u00e9nero.<\/p>\n<p>Asimismo, se hizo un resumen del cierre de\u00a0<a href=\"https:\/\/www.inet.edu.ar\/index.php\/credito-fiscal-por-primera-vez-se-presentaron-proyectos-de-todas-las-provincias\/\" target=\"_blank\" rel=\"noopener\"><strong>Cr\u00e9dito Fiscal<\/strong><\/a>\u00a0que, por primera vez, recibi\u00f3 proyectos de instituciones de todo el pa\u00eds. Ahora comienza la etapa de evaluaci\u00f3n que llevar\u00e1 luego a la ejecuci\u00f3n de los proyectos.<\/p>\n<p>Como tema principal, Golombek anunci\u00f3 la\u00a0<strong>creaci\u00f3n de centros tecnol\u00f3gicos<\/strong>\u00a0en distintas regiones del pa\u00eds, en los que se realizar\u00e1n capacitaciones a la comunidad. En el mismo sentido, inform\u00f3 que se est\u00e1n poniendo a punto los\u00a0<strong>laboratorios<\/strong>\u00a0ya existentes en el INET, as\u00ed como preparando el establecimiento de otros (en Energ\u00edas Renovables, Inform\u00e1tica, Biotecnolog\u00eda, entre otras disciplinas).\u00a0<em>\u201cQueremos que el Instituto vuelva a ser un centro de uso de nuevas tecnolog\u00edas y de pr\u00e1cticas de recursos did\u00e1cticos innovadores\u201d<\/em>, afirm\u00f3.<\/p>\n<p>En el encuentro, tambi\u00e9n se discutieron temas relacionados con el\u00a0<a href=\"https:\/\/www.inet.edu.ar\/index.php\/conetyp\/\" target=\"_blank\" rel=\"noopener\"><strong>CoNETyP<\/strong><\/a>, los\u00a0<a href=\"https:\/\/www.inet.edu.ar\/index.php\/asuntos-federales\/planes-de-mejora-de-la-etp\/\" target=\"_blank\" rel=\"noopener\"><strong>Planes de Mejora<\/strong><\/a>, y con el\u00a0<strong>presupuesto<\/strong>\u00a0actual y el planificado para el a\u00f1o que viene.<\/p>\n<p>Por \u00faltimo, la Comisi\u00f3n brind\u00f3 un amplio respaldo a las actividades del <strong>PRONAFE<\/strong> y a su conducci\u00f3n.<\/p>\n<p><em>La <a href=\"https:\/\/www.inet.edu.ar\/index.php\/asuntos-federales\/comision-federal\/\" target=\"_blank\" rel=\"noopener\">Comisi\u00f3n Federal de la ETP<\/a>, conformada por referentes t\u00e9cnico-pol\u00edticos de la modalidad de todas las jurisdicciones, tiene por objetivo discutir pol\u00edticas a implementarse en las instituciones para luego llevarlas al CFE.<\/em><\/p>\n\n\t\t<style type=\"text\/css\">\n\t\t\t#gallery-1 {\n\t\t\t\tmargin: auto;\n\t\t\t}\n\t\t\t#gallery-1 .gallery-item {\n\t\t\t\tfloat: left;\n\t\t\t\tmargin-top: 10px;\n\t\t\t\ttext-align: center;\n\t\t\t\twidth: 100%;\n\t\t\t}\n\t\t\t#gallery-1 img {\n\t\t\t\tborder: 2px solid #cfcfcf;\n\t\t\t}\n\t\t\t#gallery-1 .gallery-caption {\n\t\t\t\tmargin-left: 0;\n\t\t\t}\n\t\t\t\/* see gallery_shortcode() in wp-includes\/media.php *\/\n\t\t<\/style>\n\t\t<div id='gallery-1' class='gallery galleryid-33623 gallery-columns-1 gallery-size-large'><dl class='gallery-item'>\n\t\t\t<dt class='gallery-icon landscape'>\n\t\t\t\t<a href='https:\/\/www.inet.edu.ar\/index.php\/e-crearan-centros-cientifico-tecnicos-regionales-especializados-en-nuevas-tecnologias\/attachment\/1267\/#main'><img loading=\"lazy\" decoding=\"async\" width=\"468\" height=\"263\" src=\"https:\/\/www.inet.edu.ar\/wp-content\/uploads\/2020\/09\/1267-468x263.png\" class=\"attachment-large size-large\" alt=\"\" srcset=\"https:\/\/www.inet.edu.ar\/wp-content\/uploads\/2020\/09\/1267-468x263.png 468w, https:\/\/www.inet.edu.ar\/wp-content\/uploads\/2020\/09\/1267-240x135.png 240w, https:\/\/www.inet.edu.ar\/wp-content\/uploads\/2020\/09\/1267-768x432.png 768w, https:\/\/www.inet.edu.ar\/wp-content\/uploads\/2020\/09\/1267.png 1366w\" sizes=\"auto, (max-width: 468px) 100vw, 468px\" \/><\/a>\n\t\t\t<\/dt><\/dl><br style=\"clear: both\" \/>\n\t\t<\/div>\n\n","protected":false},"excerpt":{"rendered":"<p>Se realiz\u00f3 hoy la reuni\u00f3n 126\u00b0 de la Comisi\u00f3n Federal de la Educaci\u00f3n T\u00e9cnico Profesional (ETP) con los y las referentes t\u00e9cnico-pol\u00edticos de la modalidad. Encabezaron el encuentro el director ejecutivo del INET, Diego Golombek, y los directores nacionales Aldo LoRusso y Gustavo Peltzer, de Educaci\u00f3n, Trabajo y Producci\u00f3n, y de ETP respectivamente. En primer [&hellip;]<\/p>\n","protected":false},"author":7,"featured_media":33626,"comment_status":"closed","ping_status":"open","sticky":false,"template":"","format":"standard","meta":{"footnotes":""},"categories":[1,14],"tags":[],"class_list":["post-33623","post","type-post","status-publish","format-standard","has-post-thumbnail","hentry","category-noticias","category-noticias-fijas"],"_links":{"self":[{"href":"https:\/\/www.inet.edu.ar\/index.php\/wp-json\/wp\/v2\/posts\/33623","targetHints":{"allow":["GET"]}}],"collection":[{"href":"https:\/\/www.inet.edu.ar\/index.php\/wp-json\/wp\/v2\/posts"}],"about":[{"href":"https:\/\/www.inet.edu.ar\/index.php\/wp-json\/wp\/v2\/types\/post"}],"author":[{"embeddable":true,"href":"https:\/\/www.inet.edu.ar\/index.php\/wp-json\/wp\/v2\/users\/7"}],"replies":[{"embeddable":true,"href":"https:\/\/www.inet.edu.ar\/index.php\/wp-json\/wp\/v2\/comments?post=33623"}],"version-history":[{"count":7,"href":"https:\/\/www.inet.edu.ar\/index.php\/wp-json\/wp\/v2\/posts\/33623\/revisions"}],"predecessor-version":[{"id":33632,"href":"https:\/\/www.inet.edu.ar\/index.php\/wp-json\/wp\/v2\/posts\/33623\/revisions\/33632"}],"wp:featuredmedia":[{"embeddable":true,"href":"https:\/\/www.inet.edu.ar\/index.php\/wp-json\/wp\/v2\/media\/33626"}],"wp:attachment":[{"href":"https:\/\/www.inet.edu.ar\/index.php\/wp-json\/wp\/v2\/media?parent=33623"}],"wp:term":[{"taxonomy":"category","embeddable":true,"href":"https:\/\/www.inet.edu.ar\/index.php\/wp-json\/wp\/v2\/categories?post=33623"},{"taxonomy":"post_tag","embeddable":true,"href":"https:\/\/www.inet.edu.ar\/index.php\/wp-json\/wp\/v2\/tags?post=33623"}],"curies":[{"name":"wp","href":"https:\/\/api.w.org\/{rel}","templated":true}]}}