{"id":33634,"date":"2020-09-25T19:05:30","date_gmt":"2020-09-25T22:05:30","guid":{"rendered":"https:\/\/www.inet.edu.ar\/?p=33634"},"modified":"2020-09-25T20:36:44","modified_gmt":"2020-09-25T23:36:44","slug":"representantes-de-educacion-produccion-y-de-los-trabajadores-se-reunieron-para-trabajar-perfiles-profesionales-del-sector-hidrocarburos","status":"publish","type":"post","link":"https:\/\/www.inet.edu.ar\/index.php\/representantes-de-educacion-produccion-y-de-los-trabajadores-se-reunieron-para-trabajar-perfiles-profesionales-del-sector-hidrocarburos\/","title":{"rendered":"Representantes de Educaci\u00f3n, Producci\u00f3n y de los trabajadores se reunieron para trabajar perfiles profesionales del sector hidrocarburos"},"content":{"rendered":"<p>Con la presencia del ministro de Educaci\u00f3n de la Naci\u00f3n, Nicol\u00e1s Trotta, se realiz\u00f3 hoy un foro de hidrocarburos con representantes de sectores educativos nacionales y provinciales, del mundo de la producci\u00f3n y de sindicatos.<\/p>\n<p>Participaron tambi\u00e9n el gobernador de Neuqu\u00e9n, Omar Gutierrez; junto a autoridades de Santa Cruz como la presidenta del Consejo Provincial de Educaci\u00f3n, Cecilia Vel\u00e1zquez; la ministra de Producci\u00f3n, Silvina C\u00f3rdoba; y ministras y ministros de Educaci\u00f3n de diferentes provincias: de Neuqu\u00e9n, Cristina Storioni; de Salta, Mat\u00edas C\u00e1nepa; y de Chubut, Florencia Perata.<\/p>\n<p><em>\u201cEl sector del petr\u00f3leo es de importancia estrat\u00e9gica para el desarrollo de nuestro pa\u00eds. Por eso, celebro esta instancia de intercambio para discutir perfiles profesionales que sirvan para el desarrollo local y regional. Tenemos el enorme desaf\u00edo de formar trabajadores y trabajadoras con perfiles del desarrollo que queremos para la Argentina. Lo que hagamos en educaci\u00f3n nos va a permitir moldear lo que continuemos haciendo en las pr\u00f3ximas d\u00e9cadas\u201d<\/em>, afirm\u00f3 el ministro Trotta.<\/p>\n<p>Desde el INET encabezaron el encuentro el director ejecutivo, Diego Golombek; y los directores nacionales de Educaci\u00f3n, Trabajo y Producci\u00f3n, y Educaci\u00f3n T\u00e9cnico Profesional (ETP), Aldo Lo Russo y Gustavo Peltzer. Durante su exposici\u00f3n, Golombek asegur\u00f3 que se necesitan t\u00e9cnicos y t\u00e9cnicas para trabajar en \u00e1mbitos petroleros.<\/p>\n<p>En el foro, se presentaron perfiles profesionales sobre los que se trabajar\u00e1 durante pr\u00f3ximos encuentros: Operador de planta de tratamiento y distribuci\u00f3n de petr\u00f3leo, Recorredor de instalaciones y yacimientos, y T\u00e9cnico en Hidrocarburos.<\/p>\n<p>Los y las participantes celebraron la discusi\u00f3n de estos perfiles que permitir\u00e1n la formaci\u00f3n de estudiantes y la provisi\u00f3n de recursos humanos a empresas del sector, en virtud de su importancia estrat\u00e9gica.<\/p>\n<p>El evento fue organizado por la Direcci\u00f3n Nacional de Educaci\u00f3n, Trabajo y Producci\u00f3n, y fue moderado por el secretario permanente del Consejo Nacional de Educaci\u00f3n, Trabajo y Producci\u00f3n (CoNETyP), Mauro Bonavota.<\/p>\n\n\t\t<style type=\"text\/css\">\n\t\t\t#gallery-1 {\n\t\t\t\tmargin: auto;\n\t\t\t}\n\t\t\t#gallery-1 .gallery-item {\n\t\t\t\tfloat: left;\n\t\t\t\tmargin-top: 10px;\n\t\t\t\ttext-align: center;\n\t\t\t\twidth: 100%;\n\t\t\t}\n\t\t\t#gallery-1 img {\n\t\t\t\tborder: 2px solid #cfcfcf;\n\t\t\t}\n\t\t\t#gallery-1 .gallery-caption {\n\t\t\t\tmargin-left: 0;\n\t\t\t}\n\t\t\t\/* see gallery_shortcode() in wp-includes\/media.php *\/\n\t\t<\/style>\n\t\t<div id='gallery-1' class='gallery galleryid-33634 gallery-columns-1 gallery-size-large'><dl class='gallery-item'>\n\t\t\t<dt class='gallery-icon landscape'>\n\t\t\t\t<a href='https:\/\/www.inet.edu.ar\/index.php\/representantes-de-educacion-produccion-y-de-los-trabajadores-se-reunieron-para-trabajar-perfiles-profesionales-del-sector-hidrocarburos\/img-20200925-wa0006\/#main'><img loading=\"lazy\" decoding=\"async\" width=\"468\" height=\"247\" src=\"https:\/\/www.inet.edu.ar\/wp-content\/uploads\/2020\/09\/IMG-20200925-WA0006-468x247.jpg\" class=\"attachment-large size-large\" alt=\"\" srcset=\"https:\/\/www.inet.edu.ar\/wp-content\/uploads\/2020\/09\/IMG-20200925-WA0006-468x247.jpg 468w, https:\/\/www.inet.edu.ar\/wp-content\/uploads\/2020\/09\/IMG-20200925-WA0006-240x127.jpg 240w, https:\/\/www.inet.edu.ar\/wp-content\/uploads\/2020\/09\/IMG-20200925-WA0006-768x405.jpg 768w, https:\/\/www.inet.edu.ar\/wp-content\/uploads\/2020\/09\/IMG-20200925-WA0006.jpg 1280w\" sizes=\"auto, (max-width: 468px) 100vw, 468px\" \/><\/a>\n\t\t\t<\/dt><\/dl><br style=\"clear: both\" \/>\n\t\t<\/div>\n\n<p>&nbsp;<\/p>\n","protected":false},"excerpt":{"rendered":"<p>Con la presencia del ministro de Educaci\u00f3n de la Naci\u00f3n, Nicol\u00e1s Trotta, se realiz\u00f3 hoy un foro de hidrocarburos con representantes de sectores educativos nacionales y provinciales, del mundo de la producci\u00f3n y de sindicatos. Participaron tambi\u00e9n el gobernador de Neuqu\u00e9n, Omar Gutierrez; junto a autoridades de Santa Cruz como la presidenta del Consejo Provincial [&hellip;]<\/p>\n","protected":false},"author":7,"featured_media":33635,"comment_status":"closed","ping_status":"open","sticky":false,"template":"","format":"standard","meta":{"footnotes":""},"categories":[1,14],"tags":[],"class_list":["post-33634","post","type-post","status-publish","format-standard","has-post-thumbnail","hentry","category-noticias","category-noticias-fijas"],"_links":{"self":[{"href":"https:\/\/www.inet.edu.ar\/index.php\/wp-json\/wp\/v2\/posts\/33634","targetHints":{"allow":["GET"]}}],"collection":[{"href":"https:\/\/www.inet.edu.ar\/index.php\/wp-json\/wp\/v2\/posts"}],"about":[{"href":"https:\/\/www.inet.edu.ar\/index.php\/wp-json\/wp\/v2\/types\/post"}],"author":[{"embeddable":true,"href":"https:\/\/www.inet.edu.ar\/index.php\/wp-json\/wp\/v2\/users\/7"}],"replies":[{"embeddable":true,"href":"https:\/\/www.inet.edu.ar\/index.php\/wp-json\/wp\/v2\/comments?post=33634"}],"version-history":[{"count":1,"href":"https:\/\/www.inet.edu.ar\/index.php\/wp-json\/wp\/v2\/posts\/33634\/revisions"}],"predecessor-version":[{"id":33637,"href":"https:\/\/www.inet.edu.ar\/index.php\/wp-json\/wp\/v2\/posts\/33634\/revisions\/33637"}],"wp:featuredmedia":[{"embeddable":true,"href":"https:\/\/www.inet.edu.ar\/index.php\/wp-json\/wp\/v2\/media\/33635"}],"wp:attachment":[{"href":"https:\/\/www.inet.edu.ar\/index.php\/wp-json\/wp\/v2\/media?parent=33634"}],"wp:term":[{"taxonomy":"category","embeddable":true,"href":"https:\/\/www.inet.edu.ar\/index.php\/wp-json\/wp\/v2\/categories?post=33634"},{"taxonomy":"post_tag","embeddable":true,"href":"https:\/\/www.inet.edu.ar\/index.php\/wp-json\/wp\/v2\/tags?post=33634"}],"curies":[{"name":"wp","href":"https:\/\/api.w.org\/{rel}","templated":true}]}}