{"id":34268,"date":"2021-03-22T07:52:16","date_gmt":"2021-03-22T10:52:16","guid":{"rendered":"https:\/\/www.inet.edu.ar\/?p=34268"},"modified":"2021-03-22T10:59:45","modified_gmt":"2021-03-22T13:59:45","slug":"enfermeria-estudiantes-de-buenos-aires-comenzaran-sus-practicas-presenciales-en-gabinetes-de-simulacion","status":"publish","type":"post","link":"https:\/\/www.inet.edu.ar\/index.php\/enfermeria-estudiantes-de-buenos-aires-comenzaran-sus-practicas-presenciales-en-gabinetes-de-simulacion\/","title":{"rendered":"Enfermer\u00eda: Estudiantes de Buenos Aires comenzar\u00e1n sus pr\u00e1cticas presenciales en gabinetes de simulaci\u00f3n"},"content":{"rendered":"<p>En el 2020,\u00a0las\u00a0instituciones\u00a0formadoras de\u00a0enfermeros y enfermeras\u00a0tuvieron que adaptarse a la virtualidad en el dictado de clases.\u00a0Este a\u00f1o est\u00e1n organizando c\u00f3mo volver a la presencialidad, especialmente para que sus estudiantes puedan realizar\u00a0las pr\u00e1cticas profesionalizantes -necesarias para obtener\u00a0el t\u00edtulo habilitante.<\/p>\n<p>Es por ello que el equipo del\u00a0<a href=\"https:\/\/www.inet.edu.ar\/index.php\/pronafe\/\" target=\"_blank\" rel=\"noopener\">Programa Nacional de Formaci\u00f3n de Enfermer\u00eda (PRONAFE)<\/a>\u00a0est\u00e1 realizando\u00a0<a href=\"https:\/\/www.inet.edu.ar\/index.php\/enfermeria-reunion-con-las-provincias-sobre-practicas-profesionalizantes\/\" target=\"_blank\" rel=\"noopener\">reuniones con representantes de las diferentes jurisdicciones<\/a>\u00a0para\u00a0establecer lineamientos para las pr\u00e1cticas simuladas en gabinete de manera presencial.<\/p>\n<p>Esta semana se\u00a0realiz\u00f3\u00a0una reuni\u00f3n\u00a0con\u00a0representantes de instituciones de provincia de Buenos Aires.\u00a0Participaron 200 inspectoras e inspectores, directivos y docentes de instituciones de formaci\u00f3n de enfermer\u00eda.<br \/>\nDocentes del PRONAFE dieron orientaciones para la aplicaci\u00f3n de protocolos en gabinete de simulaci\u00f3n y criterios a tener en cuenta para la simulaci\u00f3n presencial en la pr\u00e1ctica final de estudiantes de tercer a\u00f1o.<\/p>\n<p>Durante el encuentro\u00a0se destac\u00f3 el compromiso y esfuerzo de las instituciones para cumplir su objetivo dentro de la pandemia y la necesidad de incorporar a corto plazo m\u00e1s egresadas y egresados de enfermer\u00eda al \u00e1rea de salud.Desde el programa se comprometieron a seguir trabajando en conjunto con la provincia para fortalecer la formaci\u00f3n de enfermer\u00eda, espec\u00edficamente en pr\u00e1cticas de simulaci\u00f3n cl\u00ednica, y as\u00ed llegar a cumplir los objetivos propuestos.<\/p>\n<p>La reuni\u00f3n\u00a0fue\u00a0organizada por el PRONAFE y la Direcci\u00f3n de Educaci\u00f3n T\u00e9cnica Superior de la provincia. Fue encabezada por el coordinador nacional del programa, Gabriel Muntaabski, y cont\u00f3 con la presencia de Carla Maglione, a cargo de la Direcci\u00f3n mencionada.<\/p>\n","protected":false},"excerpt":{"rendered":"<p>En el 2020,\u00a0las\u00a0instituciones\u00a0formadoras de\u00a0enfermeros y enfermeras\u00a0tuvieron que adaptarse a la virtualidad en el dictado de clases.\u00a0Este a\u00f1o est\u00e1n organizando c\u00f3mo volver a la presencialidad, especialmente para que sus estudiantes puedan realizar\u00a0las pr\u00e1cticas profesionalizantes -necesarias para obtener\u00a0el t\u00edtulo habilitante. Es por ello que el equipo del\u00a0Programa Nacional de Formaci\u00f3n de Enfermer\u00eda (PRONAFE)\u00a0est\u00e1 realizando\u00a0reuniones con representantes de [&hellip;]<\/p>\n","protected":false},"author":7,"featured_media":34270,"comment_status":"closed","ping_status":"open","sticky":false,"template":"","format":"standard","meta":{"footnotes":""},"categories":[1,14],"tags":[],"class_list":["post-34268","post","type-post","status-publish","format-standard","has-post-thumbnail","hentry","category-noticias","category-noticias-fijas"],"_links":{"self":[{"href":"https:\/\/www.inet.edu.ar\/index.php\/wp-json\/wp\/v2\/posts\/34268","targetHints":{"allow":["GET"]}}],"collection":[{"href":"https:\/\/www.inet.edu.ar\/index.php\/wp-json\/wp\/v2\/posts"}],"about":[{"href":"https:\/\/www.inet.edu.ar\/index.php\/wp-json\/wp\/v2\/types\/post"}],"author":[{"embeddable":true,"href":"https:\/\/www.inet.edu.ar\/index.php\/wp-json\/wp\/v2\/users\/7"}],"replies":[{"embeddable":true,"href":"https:\/\/www.inet.edu.ar\/index.php\/wp-json\/wp\/v2\/comments?post=34268"}],"version-history":[{"count":8,"href":"https:\/\/www.inet.edu.ar\/index.php\/wp-json\/wp\/v2\/posts\/34268\/revisions"}],"predecessor-version":[{"id":34285,"href":"https:\/\/www.inet.edu.ar\/index.php\/wp-json\/wp\/v2\/posts\/34268\/revisions\/34285"}],"wp:featuredmedia":[{"embeddable":true,"href":"https:\/\/www.inet.edu.ar\/index.php\/wp-json\/wp\/v2\/media\/34270"}],"wp:attachment":[{"href":"https:\/\/www.inet.edu.ar\/index.php\/wp-json\/wp\/v2\/media?parent=34268"}],"wp:term":[{"taxonomy":"category","embeddable":true,"href":"https:\/\/www.inet.edu.ar\/index.php\/wp-json\/wp\/v2\/categories?post=34268"},{"taxonomy":"post_tag","embeddable":true,"href":"https:\/\/www.inet.edu.ar\/index.php\/wp-json\/wp\/v2\/tags?post=34268"}],"curies":[{"name":"wp","href":"https:\/\/api.w.org\/{rel}","templated":true}]}}