{"id":34294,"date":"2021-03-25T15:21:55","date_gmt":"2021-03-25T18:21:55","guid":{"rendered":"https:\/\/www.inet.edu.ar\/?p=34294"},"modified":"2021-03-25T15:41:13","modified_gmt":"2021-03-25T18:41:13","slug":"nueva-reunion-de-la-comision-federal-de-educacion-tecnico-profesional","status":"publish","type":"post","link":"https:\/\/www.inet.edu.ar\/index.php\/nueva-reunion-de-la-comision-federal-de-educacion-tecnico-profesional\/","title":{"rendered":"Nueva reuni\u00f3n de la Comisi\u00f3n Federal de Educaci\u00f3n T\u00e9cnico Profesional"},"content":{"rendered":"<p>Con referentes de todas las jurisdicciones, se realiz\u00f3 hoy una nueva reuni\u00f3n de la Comisi\u00f3n Federal de la Educaci\u00f3n T\u00e9cnico Profesional (ETP). Fue encabezada por el director ejecutivo del INET, Diego Golombek, y los directores nacionales Aldo LoRusso y Gustavo Peltzer, de Educaci\u00f3n, Trabajo y Producci\u00f3n, y de ETP respectivamente. Participaron adem\u00e1s la coordinadora general, Cecilia Ju\u00e1rez, y el coordinador de planeamiento, Fernando Moncy, entre otras autoridades del Instituto.<\/p>\n\n\t\t<style type=\"text\/css\">\n\t\t\t#gallery-1 {\n\t\t\t\tmargin: auto;\n\t\t\t}\n\t\t\t#gallery-1 .gallery-item {\n\t\t\t\tfloat: left;\n\t\t\t\tmargin-top: 10px;\n\t\t\t\ttext-align: center;\n\t\t\t\twidth: 100%;\n\t\t\t}\n\t\t\t#gallery-1 img {\n\t\t\t\tborder: 2px solid #cfcfcf;\n\t\t\t}\n\t\t\t#gallery-1 .gallery-caption {\n\t\t\t\tmargin-left: 0;\n\t\t\t}\n\t\t\t\/* see gallery_shortcode() in wp-includes\/media.php *\/\n\t\t<\/style>\n\t\t<div id='gallery-1' class='gallery galleryid-34294 gallery-columns-1 gallery-size-large'><dl class='gallery-item'>\n\t\t\t<dt class='gallery-icon landscape'>\n\t\t\t\t<a href='https:\/\/www.inet.edu.ar\/index.php\/nueva-reunion-de-la-comision-federal-de-educacion-tecnico-profesional\/attachment\/47\/#main'><img loading=\"lazy\" decoding=\"async\" width=\"468\" height=\"263\" src=\"https:\/\/www.inet.edu.ar\/wp-content\/uploads\/2021\/03\/47-468x263.jpg\" class=\"attachment-large size-large\" alt=\"\" srcset=\"https:\/\/www.inet.edu.ar\/wp-content\/uploads\/2021\/03\/47-468x263.jpg 468w, https:\/\/www.inet.edu.ar\/wp-content\/uploads\/2021\/03\/47-240x135.jpg 240w, https:\/\/www.inet.edu.ar\/wp-content\/uploads\/2021\/03\/47-768x432.jpg 768w, https:\/\/www.inet.edu.ar\/wp-content\/uploads\/2021\/03\/47.jpg 1366w\" sizes=\"auto, (max-width: 468px) 100vw, 468px\" \/><\/a>\n\t\t\t<\/dt><\/dl><br style=\"clear: both\" \/>\n\t\t<\/div>\n\n<p>Al comenzar el encuentro, Golombek mencion\u00f3 que el INET tambi\u00e9n particip\u00f3 de la campa\u00f1a <em>Plantamos Memoria<\/em>, organizada por organismos de Derechos Humanos para sembrar \u00e1rboles por las personas desaparecidas durante la \u00faltima dictadura militar. Y record\u00f3 a los y las estudiantes de escuelas t\u00e9cnicas que todav\u00eda se encuentran desaparecidos.<\/p>\n\n\t\t<style type=\"text\/css\">\n\t\t\t#gallery-2 {\n\t\t\t\tmargin: auto;\n\t\t\t}\n\t\t\t#gallery-2 .gallery-item {\n\t\t\t\tfloat: left;\n\t\t\t\tmargin-top: 10px;\n\t\t\t\ttext-align: center;\n\t\t\t\twidth: 100%;\n\t\t\t}\n\t\t\t#gallery-2 img {\n\t\t\t\tborder: 2px solid #cfcfcf;\n\t\t\t}\n\t\t\t#gallery-2 .gallery-caption {\n\t\t\t\tmargin-left: 0;\n\t\t\t}\n\t\t\t\/* see gallery_shortcode() in wp-includes\/media.php *\/\n\t\t<\/style>\n\t\t<div id='gallery-2' class='gallery galleryid-34294 gallery-columns-1 gallery-size-large'><dl class='gallery-item'>\n\t\t\t<dt class='gallery-icon landscape'>\n\t\t\t\t<a href='https:\/\/www.inet.edu.ar\/index.php\/nueva-reunion-de-la-comision-federal-de-educacion-tecnico-profesional\/2-128\/#main'><img loading=\"lazy\" decoding=\"async\" width=\"468\" height=\"263\" src=\"https:\/\/www.inet.edu.ar\/wp-content\/uploads\/2021\/03\/2-468x263.jpg\" class=\"attachment-large size-large\" alt=\"\" srcset=\"https:\/\/www.inet.edu.ar\/wp-content\/uploads\/2021\/03\/2-468x263.jpg 468w, https:\/\/www.inet.edu.ar\/wp-content\/uploads\/2021\/03\/2-240x135.jpg 240w, https:\/\/www.inet.edu.ar\/wp-content\/uploads\/2021\/03\/2-768x432.jpg 768w, https:\/\/www.inet.edu.ar\/wp-content\/uploads\/2021\/03\/2.jpg 1366w\" sizes=\"auto, (max-width: 468px) 100vw, 468px\" \/><\/a>\n\t\t\t<\/dt><\/dl><br style=\"clear: both\" \/>\n\t\t<\/div>\n\n<p>En su presentaci\u00f3n, el equipo de <a href=\"https:\/\/www.inet.edu.ar\/index.php\/credito-fiscal\/\" target=\"_blank\" rel=\"noopener\">Cr\u00e9dito Fiscal<\/a> inform\u00f3 que pronto estar\u00e1 disponible el reglamento 2021, con las l\u00edneas de los proyectos a presentar y el cronograma. Desde el a\u00f1o pasado, el objetivo es federalizar a\u00fan m\u00e1s el programa, para recibir proyectos de todas las provincias.<\/p>\n<p>Por su parte, el director Peltzer expuso sobre tem\u00e1ticas inherentes al nivel Superior T\u00e9cnico, como la conformaci\u00f3n de una red de institutos en funci\u00f3n de su vinculaci\u00f3n con los sectores productivos, los dise\u00f1os curriculares, y que su infraestructura y entornos formativos sean adecuados a la especializaci\u00f3n.<\/p>\n<p>Asimismo, se anunci\u00f3 la pr\u00f3xima convocatoria del <a href=\"https:\/\/www.inet.edu.ar\/index.php\/estudios-investigaciones\/fondo-nacional-de-investigaciones-de-educacion-tecnico-profesional\/\" target=\"_blank\" rel=\"noopener\">FoNIETP (Fondo Nacional de Investigaciones de la Educaci\u00f3n T\u00e9cnico Profesional)<\/a> para la presentaci\u00f3n de proyectos INET, de grupos de investigaci\u00f3n ya consolidados, y PIR para proyectos de investigaci\u00f3n de instituciones de ETP en articulaci\u00f3n con universidades p\u00fablicas nacionales y provinciales.<\/p>\n<p>Por otro lado, la coordinadora Ju\u00e1rez hizo un resumen de la reciente inscripci\u00f3n a los cursos de <a href=\"https:\/\/enfoco-inet.net.ar\/index.html\" target=\"_blank\" rel=\"noopener\">Enfoco INET<\/a> -para equipos directivos y docente de instituciones de la modalidad. La inscripci\u00f3n a la primera cohorte tuvo una excelente participaci\u00f3n federal ya que las vacantes se agotaron muy r\u00e1pidamente. A fines de marzo inician las clases. El 3 de mayo se abrir\u00e1 una nueva inscripci\u00f3n.<\/p>\n<p>Entre otros temas, se incluyeron aspectos relacionados al dise\u00f1o de perfiles profesionales y los marcos de referencia, al Programa Educaci\u00f3n para el Trabajo y la Inclusi\u00f3n Social (PrETIS), y a las Aulas Talleres M\u00f3viles. Adem\u00e1s, se present\u00f3 una nueva \u00e1rea del INET, Planeamiento, que se encargar\u00e1 de la relaci\u00f3n con las provincias y del planeamiento institucional de la modalidad.<\/p>\n<p>Como invitados especiales, representantes de la empresa Pampa Energ\u00eda compartieron el lanzamiento de una visita virtual 360\u00b0 de la Central Termoel\u00e9ctrica Genelba, para que docentes y estudiantes puedan ver c\u00f3mo funciona una de las centrales m\u00e1s grandes de Am\u00e9rica Latina. La experiencia del recorrido virtual incluye escenas interactivas, animaciones y una audiogu\u00eda que permite entender mejor los diferentes procesos productivos. Est\u00e1 disponible en <a href=\"https:\/\/www.pampaenergia.com\/360-grados\/\" target=\"_blank\" rel=\"noopener\">https:\/\/www.pampaenergia.com\/360-grados\/<\/a>.<\/p>\n\n\t\t<style type=\"text\/css\">\n\t\t\t#gallery-3 {\n\t\t\t\tmargin: auto;\n\t\t\t}\n\t\t\t#gallery-3 .gallery-item {\n\t\t\t\tfloat: left;\n\t\t\t\tmargin-top: 10px;\n\t\t\t\ttext-align: center;\n\t\t\t\twidth: 50%;\n\t\t\t}\n\t\t\t#gallery-3 img {\n\t\t\t\tborder: 2px solid #cfcfcf;\n\t\t\t}\n\t\t\t#gallery-3 .gallery-caption {\n\t\t\t\tmargin-left: 0;\n\t\t\t}\n\t\t\t\/* see gallery_shortcode() in wp-includes\/media.php *\/\n\t\t<\/style>\n\t\t<div id='gallery-3' class='gallery galleryid-34294 gallery-columns-2 gallery-size-medium'><dl class='gallery-item'>\n\t\t\t<dt class='gallery-icon landscape'>\n\t\t\t\t<a href='https:\/\/www.inet.edu.ar\/index.php\/nueva-reunion-de-la-comision-federal-de-educacion-tecnico-profesional\/8-17\/#main'><img loading=\"lazy\" decoding=\"async\" width=\"240\" height=\"135\" src=\"https:\/\/www.inet.edu.ar\/wp-content\/uploads\/2021\/03\/8-240x135.jpg\" class=\"attachment-medium size-medium\" alt=\"\" srcset=\"https:\/\/www.inet.edu.ar\/wp-content\/uploads\/2021\/03\/8-240x135.jpg 240w, https:\/\/www.inet.edu.ar\/wp-content\/uploads\/2021\/03\/8-768x432.jpg 768w, https:\/\/www.inet.edu.ar\/wp-content\/uploads\/2021\/03\/8-468x263.jpg 468w, https:\/\/www.inet.edu.ar\/wp-content\/uploads\/2021\/03\/8.jpg 1366w\" sizes=\"auto, (max-width: 240px) 100vw, 240px\" \/><\/a>\n\t\t\t<\/dt><\/dl><dl class='gallery-item'>\n\t\t\t<dt class='gallery-icon landscape'>\n\t\t\t\t<a href='https:\/\/www.inet.edu.ar\/index.php\/nueva-reunion-de-la-comision-federal-de-educacion-tecnico-profesional\/5-46\/#main'><img loading=\"lazy\" decoding=\"async\" width=\"240\" height=\"135\" src=\"https:\/\/www.inet.edu.ar\/wp-content\/uploads\/2021\/03\/5-240x135.jpg\" class=\"attachment-medium size-medium\" alt=\"\" srcset=\"https:\/\/www.inet.edu.ar\/wp-content\/uploads\/2021\/03\/5-240x135.jpg 240w, https:\/\/www.inet.edu.ar\/wp-content\/uploads\/2021\/03\/5-768x432.jpg 768w, https:\/\/www.inet.edu.ar\/wp-content\/uploads\/2021\/03\/5-468x263.jpg 468w, https:\/\/www.inet.edu.ar\/wp-content\/uploads\/2021\/03\/5.jpg 1366w\" sizes=\"auto, (max-width: 240px) 100vw, 240px\" \/><\/a>\n\t\t\t<\/dt><\/dl><br style=\"clear: both\" \/>\n\t\t<\/div>\n\n<p><em>La <a href=\"https:\/\/www.inet.edu.ar\/index.php\/asuntos-federales\/comision-federal\/\" target=\"_blank\" rel=\"noopener\">Comisi\u00f3n Federal de la ETP<\/a>, conformada por referentes t\u00e9cnico-pol\u00edticos de la modalidad de las jurisdicciones, tiene por objetivo discutir pol\u00edticas a implementarse en las instituciones para luego llevarlas al Consejo Federal de Educaci\u00f3n (CFE), de ministros y ministras de todo el pa\u00eds.<\/em><\/p>\n<p>&nbsp;<\/p>\n<p>&nbsp;<\/p>\n","protected":false},"excerpt":{"rendered":"<p>Con referentes de todas las jurisdicciones, se realiz\u00f3 hoy una nueva reuni\u00f3n de la Comisi\u00f3n Federal de la Educaci\u00f3n T\u00e9cnico Profesional (ETP). Fue encabezada por el director ejecutivo del INET, Diego Golombek, y los directores nacionales Aldo LoRusso y Gustavo Peltzer, de Educaci\u00f3n, Trabajo y Producci\u00f3n, y de ETP respectivamente. Participaron adem\u00e1s la coordinadora general, [&hellip;]<\/p>\n","protected":false},"author":7,"featured_media":34296,"comment_status":"closed","ping_status":"open","sticky":false,"template":"","format":"standard","meta":{"footnotes":""},"categories":[1,14],"tags":[],"class_list":["post-34294","post","type-post","status-publish","format-standard","has-post-thumbnail","hentry","category-noticias","category-noticias-fijas"],"_links":{"self":[{"href":"https:\/\/www.inet.edu.ar\/index.php\/wp-json\/wp\/v2\/posts\/34294","targetHints":{"allow":["GET"]}}],"collection":[{"href":"https:\/\/www.inet.edu.ar\/index.php\/wp-json\/wp\/v2\/posts"}],"about":[{"href":"https:\/\/www.inet.edu.ar\/index.php\/wp-json\/wp\/v2\/types\/post"}],"author":[{"embeddable":true,"href":"https:\/\/www.inet.edu.ar\/index.php\/wp-json\/wp\/v2\/users\/7"}],"replies":[{"embeddable":true,"href":"https:\/\/www.inet.edu.ar\/index.php\/wp-json\/wp\/v2\/comments?post=34294"}],"version-history":[{"count":5,"href":"https:\/\/www.inet.edu.ar\/index.php\/wp-json\/wp\/v2\/posts\/34294\/revisions"}],"predecessor-version":[{"id":34304,"href":"https:\/\/www.inet.edu.ar\/index.php\/wp-json\/wp\/v2\/posts\/34294\/revisions\/34304"}],"wp:featuredmedia":[{"embeddable":true,"href":"https:\/\/www.inet.edu.ar\/index.php\/wp-json\/wp\/v2\/media\/34296"}],"wp:attachment":[{"href":"https:\/\/www.inet.edu.ar\/index.php\/wp-json\/wp\/v2\/media?parent=34294"}],"wp:term":[{"taxonomy":"category","embeddable":true,"href":"https:\/\/www.inet.edu.ar\/index.php\/wp-json\/wp\/v2\/categories?post=34294"},{"taxonomy":"post_tag","embeddable":true,"href":"https:\/\/www.inet.edu.ar\/index.php\/wp-json\/wp\/v2\/tags?post=34294"}],"curies":[{"name":"wp","href":"https:\/\/api.w.org\/{rel}","templated":true}]}}