{"id":34328,"date":"2021-05-04T08:32:06","date_gmt":"2021-05-04T11:32:06","guid":{"rendered":"https:\/\/www.inet.edu.ar\/?p=34328"},"modified":"2021-07-12T11:03:19","modified_gmt":"2021-07-12T14:03:19","slug":"credito-fiscal-para-proyectos-de-la-educacion-tecnico-profesional","status":"publish","type":"post","link":"https:\/\/www.inet.edu.ar\/index.php\/credito-fiscal-para-proyectos-de-la-educacion-tecnico-profesional\/","title":{"rendered":"Cr\u00e9dito Fiscal para proyectos de la Educaci\u00f3n T\u00e9cnico Profesional"},"content":{"rendered":"<p style=\"text-align: center;\"><em>Est\u00e1 abierta la Convocatoria 2021<\/em><\/p>\n<p>&nbsp;<\/p>\n<p>El Ministerio de Educaci\u00f3n de la Naci\u00f3n, a trav\u00e9s del INET, financia proyectos que vinculen la educaci\u00f3n t\u00e9cnica con el empleo y el desarrollo tecnol\u00f3gico.<\/p>\n<p>Por medio del r\u00e9gimen de Cr\u00e9dito Fiscal, instituciones de ense\u00f1anza t\u00e9cnico profesional pueden presentar proyectos que ser\u00e1n parte integrante en la formaci\u00f3n de los y las estudiantes, y los preparar\u00e1n para su futuro en el mundo de la producci\u00f3n y el trabajo.<\/p>\n<p>Entre las novedades para este a\u00f1o, se ampli\u00f3 un 60% interanual el cupo disponible para la financiaci\u00f3n. Asimismo, se incorpora la l\u00ednea de Plantas Productivas Educativas, por la cual se podr\u00e1 solicitar hasta $4.400.000.<\/p>\n<p>Por otro lado, y con el objetivo de federalizar la convocatoria, se pas\u00f3 del 2% al 3% del m\u00ednimo jurisdiccional, llegando a los $12.000.000 por cada una.<\/p>\n<p>Se incorpor\u00f3 adem\u00e1s la posibilidad de financiar los estudios, y capacitaciones en salud y seguridad ocupacional.<\/p>\n<p>Para tener en cuenta en la presentaci\u00f3n de proyectos, se valorar\u00e1n aquellos que incluyan perspectiva de g\u00e9nero, as\u00ed como los que tengan interacci\u00f3n activa con las cadenas productivas locales y regionales.<\/p>\n<p>Se encuentra habilitada la <a href=\"http:\/\/creditofiscal.inet.edu.ar\/login\" target=\"_blank\" rel=\"noopener\">plataforma<\/a> para el registro y actualizaci\u00f3n de legajos de instituciones educativas. Se aclara que, para registrarse y presentar proyectos, se debe tener CUE (clave \u00fanica de establecimiento).<\/p>\n<p>La <a href=\"https:\/\/www.inet.edu.ar\/index.php\/credito-fiscal\/convocatoria-2021\/\" target=\"_blank\" rel=\"noopener\">convocatoria<\/a> est\u00e1 abierta y tendr\u00e1 una duraci\u00f3n de 2 meses.<\/p>\n<p>A trav\u00e9s del r\u00e9gimen de Cr\u00e9dito Fiscal, la educaci\u00f3n se vincula al mundo del trabajo y la producci\u00f3n.<\/p>\n<p>Para m\u00e1s informaci\u00f3n y leer el reglamento: <a href=\"https:\/\/www.inet.edu.ar\/index.php\/credito-fiscal\/convocatoria-2021\/\" target=\"_blank\" rel=\"noopener\">Convocatoria 2021<\/a><\/p>\n<p>&nbsp;<\/p>\n","protected":false},"excerpt":{"rendered":"<p>Est\u00e1 abierta la Convocatoria 2021 &nbsp; El Ministerio de Educaci\u00f3n de la Naci\u00f3n, a trav\u00e9s del INET, financia proyectos que vinculen la educaci\u00f3n t\u00e9cnica con el empleo y el desarrollo tecnol\u00f3gico. Por medio del r\u00e9gimen de Cr\u00e9dito Fiscal, instituciones de ense\u00f1anza t\u00e9cnico profesional pueden presentar proyectos que ser\u00e1n parte integrante en la formaci\u00f3n de los [&hellip;]<\/p>\n","protected":false},"author":7,"featured_media":34413,"comment_status":"closed","ping_status":"open","sticky":false,"template":"","format":"standard","meta":{"footnotes":""},"categories":[1,14],"tags":[],"class_list":["post-34328","post","type-post","status-publish","format-standard","has-post-thumbnail","hentry","category-noticias","category-noticias-fijas"],"_links":{"self":[{"href":"https:\/\/www.inet.edu.ar\/index.php\/wp-json\/wp\/v2\/posts\/34328","targetHints":{"allow":["GET"]}}],"collection":[{"href":"https:\/\/www.inet.edu.ar\/index.php\/wp-json\/wp\/v2\/posts"}],"about":[{"href":"https:\/\/www.inet.edu.ar\/index.php\/wp-json\/wp\/v2\/types\/post"}],"author":[{"embeddable":true,"href":"https:\/\/www.inet.edu.ar\/index.php\/wp-json\/wp\/v2\/users\/7"}],"replies":[{"embeddable":true,"href":"https:\/\/www.inet.edu.ar\/index.php\/wp-json\/wp\/v2\/comments?post=34328"}],"version-history":[{"count":8,"href":"https:\/\/www.inet.edu.ar\/index.php\/wp-json\/wp\/v2\/posts\/34328\/revisions"}],"predecessor-version":[{"id":34414,"href":"https:\/\/www.inet.edu.ar\/index.php\/wp-json\/wp\/v2\/posts\/34328\/revisions\/34414"}],"wp:featuredmedia":[{"embeddable":true,"href":"https:\/\/www.inet.edu.ar\/index.php\/wp-json\/wp\/v2\/media\/34413"}],"wp:attachment":[{"href":"https:\/\/www.inet.edu.ar\/index.php\/wp-json\/wp\/v2\/media?parent=34328"}],"wp:term":[{"taxonomy":"category","embeddable":true,"href":"https:\/\/www.inet.edu.ar\/index.php\/wp-json\/wp\/v2\/categories?post=34328"},{"taxonomy":"post_tag","embeddable":true,"href":"https:\/\/www.inet.edu.ar\/index.php\/wp-json\/wp\/v2\/tags?post=34328"}],"curies":[{"name":"wp","href":"https:\/\/api.w.org\/{rel}","templated":true}]}}